{"id":1105,"date":"2014-09-26T02:00:00","date_gmt":"2014-09-26T02:00:00","guid":{"rendered":"http:\/\/fmriachuelo.observatorioess.org.ar\/index.php\/2014\/09\/26\/la-voz-de-la-patria-grande-se-escucha-fuerte-en-la-onu\/"},"modified":"2025-02-26T13:53:40","modified_gmt":"2025-02-26T16:53:40","slug":"la-voz-de-la-patria-grande-se-escucha-fuerte-en-la-onu","status":"publish","type":"post","link":"http:\/\/fmriachuelo.it10.com.ar\/index.php\/2014\/09\/26\/la-voz-de-la-patria-grande-se-escucha-fuerte-en-la-onu\/","title":{"rendered":"LA VOZ DE LA PATRIA GRANDE SE ESCUCHA FUERTE EN LA ONU"},"content":{"rendered":"<p><b style=\"font-family: Verdana, sans-serif\"><span style=\"color: red;font-size: large\">DILMA, CRISTINA Y EVO EN LA ONU<\/span><\/b><br \/><b style=\"font-family: Verdana, sans-serif\">Am\u00e9rica Latina habla fuerte y claro<\/b><br \/><a name='more'><\/a><span style=\"font-family: Verdana, sans-serif\">El presidente de Bolivia, <span style=\"color: black\">Evo Morales<\/span>, pidi\u00f3 este mi\u00e9rcoles durante la Asamblea General de la ONU una transformaci\u00f3n en la estructura de entidades como el FMI y el Banco Mundial (BM) para poner fin al \u201ccolonialismo financiero\u201d.<\/span><br \/><span style=\"font-family: Verdana, sans-serif\">Morales dijo que es urgente \u201ctransformar profundamente las estructuras excluyentes\u201d de entidades como el FMI y el BM, como parte de un proceso mayor de \u201ctransformaci\u00f3n de la arquitectura financiera mundial\u201d.<\/span><br \/><span style=\"font-family: Verdana, sans-serif\">De acuerdo con el mandatario boliviano, tales organismos \u201cno pueden estar gobernados s\u00f3lo por los pa\u00edses desarrollados, que a trav\u00e9s de h\u00e1biles estrategias financieras chantajean y oprimen a los pa\u00edses en desarrollo y en particular a los m\u00e1s pobres\u201d.<\/span><br \/><span style=\"font-family: Verdana, sans-serif\">A ese proceso \u201cnosotros llamamos erradicar el colonialismo financiero\u201d, a\u00f1adi\u00f3 Morales.<\/span><br \/><span style=\"font-family: Verdana, sans-serif\">El mandatario boliviano tambi\u00e9n se refiri\u00f3 en su discurso ante la ONU a la demanda de una salida al mar para su pa\u00eds. Ese derecho, asegur\u00f3, es \u201cpisoteado por una brutal invasi\u00f3n promovida por intereses empresariales coloniales\u201d.<\/span><br \/><span style=\"font-family: Verdana, sans-serif\">Bolivia present\u00f3 ante la Corte Internacional de Justicia (CIJ) de La Haya una demanda para exigir a Chile una negociaci\u00f3n sobre una salida soberana al mar. Chile, por su parte, decidi\u00f3 en julio impugnar la competencia de la CIJ para juzgar la demanda.<\/span><br \/><span style=\"font-family: Verdana, sans-serif\">Durante su discurso en la ONU, Morales a\u00f1adi\u00f3 que los pa\u00edses presentes en la reuni\u00f3n tienen pendiente un compromiso para erradicar la pobreza y el hambre.<\/span><br \/><span style=\"font-family: Verdana, sans-serif\">Para que eso sea posible \u201cdebemos combatir las fuerzas despiadadas e inhumanas del capital y del mercado, el poder omnipresente de los bancos y usureros que lucran con el consumismo y el hambre\u201d, agreg\u00f3.<\/span><br \/><span style=\"font-family: Verdana, sans-serif\"><br \/><\/span><span style=\"color: red;font-family: Verdana, sans-serif;font-size: large\"><b>Cristina: Fondos buitre son terrorismo econ\u00f3mico y financiero<\/b><\/span><br \/><span style=\"font-family: Verdana, sans-serif\">La presidenta de Argentina, Cristina Fern\u00e1ndez conden\u00f3 a los \u201cfondos buitre\u201d y los acus\u00f3 de ejercer un \u201cterrorismo econ\u00f3mico y financiero\u201d durante su presentaci\u00f3n del mi\u00e9rcoles ante la Asamblea General de las Naciones Unidas.<\/span><br \/><span style=\"font-family: Verdana, sans-serif\">Cristina dedic\u00f3 la primera mitad de su discurso a esos fondos especulativos que motivaron un default t\u00e9cnico de su pa\u00eds y agradeci\u00f3 a la Asamblea General por la sanci\u00f3n de resoluci\u00f3n 68\/304 del 9 de septiembre de abocarse a la construcci\u00f3n de una convenci\u00f3n multilateral que genere un marco jur\u00eddico obligatorio en materia de restructuraci\u00f3n de deuda soberana de todos los pa\u00edses.<\/span><br \/><span style=\"font-family: Verdana, sans-serif\">Argentina quiere un marco regulatorio que fije normas que impliquen que si la mayor\u00eda de los acreedores acepta las condiciones de una reestructuraci\u00f3n de deuda \u00e9sta debe ser aceptada por la totalidad de los tenedores de bonos.<\/span><br \/><span style=\"font-family: Verdana, sans-serif\"><br \/><\/span><span style=\"color: red;font-family: Verdana, sans-serif;font-size: large\"><b>Dilma: Los pa\u00edses en desarrollo deber\u00edan estar mejor representados<\/b><\/span><br \/><span style=\"font-family: Verdana, sans-serif\">La presidenta de Brasil, Dilma Rousseff, dijo este mi\u00e9rcoles a Naciones Unidas que los pa\u00edses en desarrollo deber\u00edan estar mejor representados en instituciones financieras internacionales que, de lo contrario, corren el riesgo de perder legitimidad.<\/span><br \/><span style=\"font-family: Verdana, sans-serif\">\u201cEl retraso en la ampliaci\u00f3n de los derechos de voto de los pa\u00edses en desarrollo en estas instituciones es inaceptable\u201d, dijo Rousseff en un discurso ante la Asamblea General de la ONU.<\/span><br \/><span style=\"font-family: Verdana, sans-serif\">La presidenta brasile\u00f1a dijo que era fundamental eliminar la disparidad entre la importancia de las econom\u00edas emergentes y su \u201cinsuficiente\u201d representaci\u00f3n en instituciones como el Fondo Monetario Internacional (FMI) y el Banco Mundial.<\/span><br \/><span style=\"font-family: Verdana, sans-serif\">Rousseff dijo tambi\u00e9n que su gobierno est\u00e1 a favor de que se establezca una Misi\u00f3n de Naciones Unidas para una Respuesta de Emergencia contra el \u00c9bola, un d\u00eda despu\u00e9s de que expertos mundiales emitieron nuevas advertencias sobre la escala del brote de la enfermedad en \u00c1frica Occidental.<\/span><\/p>\n<div><span style=\"color: #0b5394;font-family: Verdana, sans-serif;font-size: x-small\"><b>FUENTE: CUBADEBATE<\/b><\/span><\/div>\n","protected":false},"excerpt":{"rendered":"<p>DILMA, CRISTINA Y EVO EN LA ONUAm\u00e9rica Latina habla fuerte y claroEl presidente de Bolivia, Evo Morales, pidi\u00f3 este mi\u00e9rcoles durante la Asamblea General de la ONU una transformaci\u00f3n en la estructura de entidades como el FMI y el Banco Mundial (BM) para poner fin al \u201ccolonialismo financiero\u201d.Morales dijo que es urgente \u201ctransformar profundamente las [&hellip;]<\/p>\n","protected":false},"author":4,"featured_media":0,"comment_status":"open","ping_status":"open","sticky":false,"template":"","format":"standard","meta":{"_monsterinsights_skip_tracking":false,"_monsterinsights_sitenote_active":false,"_monsterinsights_sitenote_note":"","_monsterinsights_sitenote_category":0,"jnews-multi-image_gallery":[],"jnews_single_post":{"format":"standard"},"jnews_primary_category":[],"_joinchat":[],"footnotes":""},"categories":[58],"tags":[70],"class_list":["post-1105","post","type-post","status-publish","format-standard","hentry","category-noticiariachuelo","tag-de-la-patria-grande"],"_links":{"self":[{"href":"http:\/\/fmriachuelo.it10.com.ar\/index.php\/wp-json\/wp\/v2\/posts\/1105","targetHints":{"allow":["GET"]}}],"collection":[{"href":"http:\/\/fmriachuelo.it10.com.ar\/index.php\/wp-json\/wp\/v2\/posts"}],"about":[{"href":"http:\/\/fmriachuelo.it10.com.ar\/index.php\/wp-json\/wp\/v2\/types\/post"}],"author":[{"embeddable":true,"href":"http:\/\/fmriachuelo.it10.com.ar\/index.php\/wp-json\/wp\/v2\/users\/4"}],"replies":[{"embeddable":true,"href":"http:\/\/fmriachuelo.it10.com.ar\/index.php\/wp-json\/wp\/v2\/comments?post=1105"}],"version-history":[{"count":1,"href":"http:\/\/fmriachuelo.it10.com.ar\/index.php\/wp-json\/wp\/v2\/posts\/1105\/revisions"}],"predecessor-version":[{"id":21762,"href":"http:\/\/fmriachuelo.it10.com.ar\/index.php\/wp-json\/wp\/v2\/posts\/1105\/revisions\/21762"}],"wp:attachment":[{"href":"http:\/\/fmriachuelo.it10.com.ar\/index.php\/wp-json\/wp\/v2\/media?parent=1105"}],"wp:term":[{"taxonomy":"category","embeddable":true,"href":"http:\/\/fmriachuelo.it10.com.ar\/index.php\/wp-json\/wp\/v2\/categories?post=1105"},{"taxonomy":"post_tag","embeddable":true,"href":"http:\/\/fmriachuelo.it10.com.ar\/index.php\/wp-json\/wp\/v2\/tags?post=1105"}],"curies":[{"name":"wp","href":"https:\/\/api.w.org\/{rel}","templated":true}]}}