{"id":1104,"date":"2014-09-26T16:23:00","date_gmt":"2014-09-26T16:23:00","guid":{"rendered":"http:\/\/fmriachuelo.observatorioess.org.ar\/index.php\/2014\/09\/26\/palabra-de-fidel\/"},"modified":"2025-02-26T13:54:25","modified_gmt":"2025-02-26T16:54:25","slug":"palabra-de-fidel","status":"publish","type":"post","link":"http:\/\/fmriachuelo.it10.com.ar\/index.php\/2014\/09\/26\/palabra-de-fidel\/","title":{"rendered":"PALABRA DE FIDEL"},"content":{"rendered":"<p><span style=\"color: red;font-family: Verdana, sans-serif;font-size: large\"><b>LA CARTA AL PRIMER PRESIDENTE CHAVISTA NICOL\u00c1S MADURO<\/b><\/span><\/p>\n<div style=\"clear: both;text-align: center\"><a href=\"https:\/\/images-blogger-opensocial.googleusercontent.com\/gadgets\/proxy?url=http%3A%2F%2F2.bp.blogspot.com%2F-Fk-aMNE9PKg%2FVCWdEjAR70I%2FAAAAAAAAA4s%2FmO14avpXu1g%2Fs1600%2Fmaduro-onu.jpg_1718483346.jpg&amp;container=blogger&amp;gadget=a&amp;rewriteMime=image%2F*\" style=\"clear: left;float: left;margin-bottom: 1em;margin-right: 1em\"><img loading=\"lazy\" decoding=\"async\" border=\"0\" src=\"http:\/\/2.bp.blogspot.com\/-Fk-aMNE9PKg\/VCWdEjAR70I\/AAAAAAAAA4s\/mO14avpXu1g\/s1600\/maduro-onu.jpg_1718483346.jpg\" height=\"181\" width=\"320\" \/><\/a><\/div>\n<p><b><span style=\"font-family: Verdana, sans-serif;line-height: 1.6\">A<\/span><span style=\"font-family: Verdana, sans-serif;line-height: 1.6\">l&nbsp;Presidente de la Rep\u00fablica Bolivariana de Venezuela, Nicol\u00e1s Maduro.<\/span><\/b><\/p>\n<div>\n<div style=\"border: 0px;line-height: 22px;margin-bottom: 10px;padding: 0px;vertical-align: baseline\"><\/div>\n<div style=\"border: 0px;line-height: 22px;margin-bottom: 10px;padding: 0px;vertical-align: baseline\"><span style=\"border: 0px;margin: 0px;padding: 0px;vertical-align: baseline\"><span style=\"border: 0px;margin: 0px;padding: 0px;vertical-align: baseline\"><span style=\"border: 0px;line-height: 1.6;margin: 0px;padding: 0px;vertical-align: baseline\"><span style=\"font-family: Verdana, sans-serif\"><b>Querido Nicol\u00e1s:<\/b><\/span><\/span><\/span><\/span><br \/><span style=\"font-family: Verdana, sans-serif;line-height: 1.6\">Tuve el placer de escuchar tu discurso en la Asamblea General de las Naciones Unidas.<\/span><br \/><span style=\"font-family: Verdana, sans-serif;line-height: 1.6\">Fue un pronunciamiento valiente y brillante, a la altura del heroico Presidente&nbsp;Hugo&nbsp;Ch\u00e1vez, quien en ese mismo sitio fue capaz de descubrir la diab\u00f3lica pol\u00edtica del imperio que amenaza la vida de nuestra especie.<\/span><span style=\"font-family: Verdana, sans-serif;line-height: 1.6\">Ese mismo d\u00eda finalizada la reuni\u00f3n en la ONU, tuve tambi\u00e9n el privilegio de ver el emocionante encuentro que&nbsp;tuviste&nbsp;en el&nbsp;Bronx&nbsp;con ni\u00f1os, j\u00f3venes y adultos que, con enorme orgullo, expresaron los valores y sentimientos de esa \u00e1rea de la ciudad de Nueva York. Las im\u00e1genes de los que all\u00ed expresaban los sentimientos de lo que un pueblo desea y merece vivir, son inolvidables y constituyen un mensaje de paz. El recuerdo de&nbsp;Hugo&nbsp;Ch\u00e1vez&nbsp;no dej\u00f3 de estar presente un solo segundo.<\/span><br \/><span style=\"font-family: Verdana, sans-serif;line-height: 1.6\">Todav\u00eda emocionado por tan inolvidables recuerdos, te env\u00edo un fuerte abrazo que ruego hagas extensible a tu delegaci\u00f3n y a tu valiente pueblo.<\/span><br \/><span style=\"font-family: Verdana, sans-serif;line-height: 1.6\"><b>Fidel Castro Ruz<\/b><\/span><br \/><span style=\"font-family: Verdana, sans-serif;line-height: 1.6\"><i>Septiembre 24 de 2014<\/i><\/span><\/div>\n<\/div>\n","protected":false},"excerpt":{"rendered":"<p>LA CARTA AL PRIMER PRESIDENTE CHAVISTA NICOL\u00c1S MADURO Al&nbsp;Presidente de la Rep\u00fablica Bolivariana de Venezuela, Nicol\u00e1s Maduro. Querido Nicol\u00e1s:Tuve el placer de escuchar tu discurso en la Asamblea General de las Naciones Unidas.Fue un pronunciamiento valiente y brillante, a la altura del heroico Presidente&nbsp;Hugo&nbsp;Ch\u00e1vez, quien en ese mismo sitio fue capaz de descubrir la diab\u00f3lica [&hellip;]<\/p>\n","protected":false},"author":4,"featured_media":0,"comment_status":"open","ping_status":"open","sticky":false,"template":"","format":"standard","meta":{"_monsterinsights_skip_tracking":false,"_monsterinsights_sitenote_active":false,"_monsterinsights_sitenote_note":"","_monsterinsights_sitenote_category":0,"jnews-multi-image_gallery":[],"jnews_single_post":{"format":"standard"},"jnews_primary_category":[],"_joinchat":[],"footnotes":""},"categories":[58],"tags":[70],"class_list":["post-1104","post","type-post","status-publish","format-standard","hentry","category-noticiariachuelo","tag-de-la-patria-grande"],"_links":{"self":[{"href":"http:\/\/fmriachuelo.it10.com.ar\/index.php\/wp-json\/wp\/v2\/posts\/1104","targetHints":{"allow":["GET"]}}],"collection":[{"href":"http:\/\/fmriachuelo.it10.com.ar\/index.php\/wp-json\/wp\/v2\/posts"}],"about":[{"href":"http:\/\/fmriachuelo.it10.com.ar\/index.php\/wp-json\/wp\/v2\/types\/post"}],"author":[{"embeddable":true,"href":"http:\/\/fmriachuelo.it10.com.ar\/index.php\/wp-json\/wp\/v2\/users\/4"}],"replies":[{"embeddable":true,"href":"http:\/\/fmriachuelo.it10.com.ar\/index.php\/wp-json\/wp\/v2\/comments?post=1104"}],"version-history":[{"count":1,"href":"http:\/\/fmriachuelo.it10.com.ar\/index.php\/wp-json\/wp\/v2\/posts\/1104\/revisions"}],"predecessor-version":[{"id":21763,"href":"http:\/\/fmriachuelo.it10.com.ar\/index.php\/wp-json\/wp\/v2\/posts\/1104\/revisions\/21763"}],"wp:attachment":[{"href":"http:\/\/fmriachuelo.it10.com.ar\/index.php\/wp-json\/wp\/v2\/media?parent=1104"}],"wp:term":[{"taxonomy":"category","embeddable":true,"href":"http:\/\/fmriachuelo.it10.com.ar\/index.php\/wp-json\/wp\/v2\/categories?post=1104"},{"taxonomy":"post_tag","embeddable":true,"href":"http:\/\/fmriachuelo.it10.com.ar\/index.php\/wp-json\/wp\/v2\/tags?post=1104"}],"curies":[{"name":"wp","href":"https:\/\/api.w.org\/{rel}","templated":true}]}}