{"id":1103,"date":"2014-09-27T17:31:00","date_gmt":"2014-09-27T17:31:00","guid":{"rendered":"http:\/\/fmriachuelo.observatorioess.org.ar\/index.php\/2014\/09\/27\/de-la-economia-popular-y-solidaria\/"},"modified":"2025-02-26T13:54:53","modified_gmt":"2025-02-26T16:54:53","slug":"de-la-economia-popular-y-solidaria","status":"publish","type":"post","link":"http:\/\/fmriachuelo.it10.com.ar\/index.php\/2014\/09\/27\/de-la-economia-popular-y-solidaria\/","title":{"rendered":"DE LA ECONOMIA POPULAR Y SOLIDARIA"},"content":{"rendered":"<p><span style=\"font-family: Verdana, sans-serif\"><span style=\"font-size: large\"><a href=\"http:\/\/ctepargentina.org\/la-ctep-inauguro-una-nueva-feria-de-productores-en-la-plata\/\"><span style=\"color: red\"><b>LA CONFEDERACI\u00d3N DE TRABAJA<span style=\"font-size: large\">DO<\/span>RES DE LA ECONOM\u00cdA POPULAR (<\/b><\/span><\/a><\/span><\/span><span style=\"font-family: Verdana, sans-serif\"><span style=\"font-size: large\"><a href=\"http:\/\/ctepargentina.org\/la-ctep-inauguro-una-nueva-feria-de-productores-en-la-plata\/\"><span style=\"color: red\"><b><span style=\"font-family: Verdana, sans-serif\"><span style=\"font-size: large\"><\/span><\/span><\/b><\/span><\/a><span style=\"color: red\"><b><span style=\"font-family: Verdana, sans-serif\"><span style=\"font-size: large\"><a href=\"http:\/\/ctepargentina.org\/la-ctep-inauguro-una-nueva-feria-de-productores-en-la-plata\/\"><span style=\"color: red\"><b>CTEP)<span style=\"font-size: large\"> <\/span><\/b><\/span><\/a><\/span><\/span>INAUGUR\u00d3 UNA NUEVA FERIA DE PRODUCTORES EN LA PLATA<\/b><\/span><\/span><\/span><br \/><a href=\"https:\/\/images-blogger-opensocial.googleusercontent.com\/gadgets\/proxy?url=http%3A%2F%2F1.bp.blogspot.com%2F-4K7EiPrlVMU%2FVChF3FmXH5I%2FAAAAAAAAA5I%2F30jDY6l2eSs%2Fs1600%2F10646756_1524374371133458_6035929488407705638_n-300x225.jpg&amp;container=blogger&amp;gadget=a&amp;rewriteMime=image%2F*\" style=\"clear: left;float: left;margin-bottom: 1em;margin-right: 1em\"><img decoding=\"async\" border=\"0\" src=\"http:\/\/1.bp.blogspot.com\/-4K7EiPrlVMU\/VChF3FmXH5I\/AAAAAAAAA5I\/30jDY6l2eSs\/s1600\/10646756_1524374371133458_6035929488407705638_n-300x225.jpg\" \/><\/a><span style=\"font-family: Verdana, sans-serif;font-size: small\">Est\u00e1 ubicada en 44 y 161, Barrio de Olmos, y cuenta con m\u00e1s de 10 puestos de verduras, pescados, comidas caseras y productos varios. Este nuevo espacio, se suma a los dos ya consolidados que est\u00e1n en 13 y 71 (Barrio Meridiano V) y 131 y 32 (Los Hornos).&nbsp;<\/span><br \/><span style=\"font-family: Verdana, sans-serif;font-size: small\">Con la participaci\u00f3n de los quinteros de la zona del Parque Pereyra, militantes populares, productores de las barriadas de La Plata y funcionarios provinciales, se inaugur\u00f3 hoy este nuevo espacio para la comercializaci\u00f3n de productos populares a muy bajo costo y de calidad.<br \/>Las ferias comienzan los s\u00e1bados a las 9 de la ma\u00f1ana y cierran pasadas las 14 hs.; y algunas cuentan con el servicio de un cami\u00f3n de pescado.<br \/>Desde la CTEP La Plata, Berisso y Ensenada, informaron que \u201cse encuentra abierto la inscripci\u00f3n para todos aquellos productores y vecinos que deseen sumarse a la feria\u201d. Adem\u00e1s, resaltaron \u201cla activa participaci\u00f3n que tienen las ferias que se realizan con mucho esfuerzo por los trabajadores, quienes desde muy temprano trabajan para mantener y consolidar su fuente laboral\u201d.<\/span><\/p>\n<div>\n<div>\n<div style=\"margin: 0.1pt 0cm\"><span style=\"color: #3d85c6;font-size: x-small\"><b><span style=\"font-family: Verdana\">Fuente: Ctepargentina.org<\/span><\/b><\/span><\/div>\n<\/div>\n<\/div>\n","protected":false},"excerpt":{"rendered":"<p>LA CONFEDERACI\u00d3N DE TRABAJADORES DE LA ECONOM\u00cdA POPULAR (CTEP) INAUGUR\u00d3 UNA NUEVA FERIA DE PRODUCTORES EN LA PLATAEst\u00e1 ubicada en 44 y 161, Barrio de Olmos, y cuenta con m\u00e1s de 10 puestos de verduras, pescados, comidas caseras y productos varios. Este nuevo espacio, se suma a los dos ya consolidados que est\u00e1n en 13 [&hellip;]<\/p>\n","protected":false},"author":4,"featured_media":0,"comment_status":"open","ping_status":"open","sticky":false,"template":"","format":"standard","meta":{"_monsterinsights_skip_tracking":false,"_monsterinsights_sitenote_active":false,"_monsterinsights_sitenote_note":"","_monsterinsights_sitenote_category":0,"jnews-multi-image_gallery":[],"jnews_single_post":{"format":"standard"},"jnews_primary_category":[],"_joinchat":[],"footnotes":""},"categories":[58],"tags":[148],"class_list":["post-1103","post","type-post","status-publish","format-standard","hentry","category-noticiariachuelo","tag-trabajo"],"_links":{"self":[{"href":"http:\/\/fmriachuelo.it10.com.ar\/index.php\/wp-json\/wp\/v2\/posts\/1103","targetHints":{"allow":["GET"]}}],"collection":[{"href":"http:\/\/fmriachuelo.it10.com.ar\/index.php\/wp-json\/wp\/v2\/posts"}],"about":[{"href":"http:\/\/fmriachuelo.it10.com.ar\/index.php\/wp-json\/wp\/v2\/types\/post"}],"author":[{"embeddable":true,"href":"http:\/\/fmriachuelo.it10.com.ar\/index.php\/wp-json\/wp\/v2\/users\/4"}],"replies":[{"embeddable":true,"href":"http:\/\/fmriachuelo.it10.com.ar\/index.php\/wp-json\/wp\/v2\/comments?post=1103"}],"version-history":[{"count":1,"href":"http:\/\/fmriachuelo.it10.com.ar\/index.php\/wp-json\/wp\/v2\/posts\/1103\/revisions"}],"predecessor-version":[{"id":21764,"href":"http:\/\/fmriachuelo.it10.com.ar\/index.php\/wp-json\/wp\/v2\/posts\/1103\/revisions\/21764"}],"wp:attachment":[{"href":"http:\/\/fmriachuelo.it10.com.ar\/index.php\/wp-json\/wp\/v2\/media?parent=1103"}],"wp:term":[{"taxonomy":"category","embeddable":true,"href":"http:\/\/fmriachuelo.it10.com.ar\/index.php\/wp-json\/wp\/v2\/categories?post=1103"},{"taxonomy":"post_tag","embeddable":true,"href":"http:\/\/fmriachuelo.it10.com.ar\/index.php\/wp-json\/wp\/v2\/tags?post=1103"}],"curies":[{"name":"wp","href":"https:\/\/api.w.org\/{rel}","templated":true}]}}