{"id":1101,"date":"2014-09-28T13:44:00","date_gmt":"2014-09-28T13:44:00","guid":{"rendered":"http:\/\/fmriachuelo.observatorioess.org.ar\/index.php\/2014\/09\/28\/evaluando-danos\/"},"modified":"2025-02-26T13:56:03","modified_gmt":"2025-02-26T16:56:03","slug":"evaluando-danos","status":"publish","type":"post","link":"http:\/\/fmriachuelo.it10.com.ar\/index.php\/2014\/09\/28\/evaluando-danos\/","title":{"rendered":"EVALUANDO DA\u00d1OS"},"content":{"rendered":"<p><span style=\"font-size: small\"><span style=\"font-family: Verdana,sans-serif\"><span style=\"color: red\"><span style=\"font-size: large\"><b>A LA ESPERA DE LA AYUDA <\/b><\/span><\/span><\/span><\/span><br \/><span style=\"font-family: Verdana,sans-serif\"><span style=\"font-size: small\"><b>El presidente de Per\u00fa, Ollanta Humala,  viaj\u00f3 el domingo junto a una comitiva de ministros a la ciudad de Cusco  (sureste) para constatar los da\u00f1os y ayudar a la poblaci\u00f3n afectada.<\/b><\/span><\/span><br \/><span style=\"font-family: Verdana,sans-serif\"><span style=\"font-size: small\">La  jefa del Gabinete Ministerial de Per\u00fa, Ana Jara, indic\u00f3 que el gobierno  peruano est\u00e1 evaluando una declaratoria de emergencia para actuar \u201ccon  rapidez\u201d en las zonas afectadas. Precis\u00f3 que desde Lima (capital) se  est\u00e1 monitoreando la ayuda social que se est\u00e1 enviando a los  damnificados<b>.<\/b><\/span><\/span><br \/><span style=\"font-family: Verdana,sans-serif\"><span style=\"font-size: small\"><span style=\"font-size: x-small\"><span style=\"color: #3d85c6\"><b><span>Fuente: Telesur<\/span><\/b><\/span><\/span><\/span><\/span><\/p>\n","protected":false},"excerpt":{"rendered":"<p>A LA ESPERA DE LA AYUDA El presidente de Per\u00fa, Ollanta Humala, viaj\u00f3 el domingo junto a una comitiva de ministros a la ciudad de Cusco (sureste) para constatar los da\u00f1os y ayudar a la poblaci\u00f3n afectada.La jefa del Gabinete Ministerial de Per\u00fa, Ana Jara, indic\u00f3 que el gobierno peruano est\u00e1 evaluando una declaratoria de [&hellip;]<\/p>\n","protected":false},"author":4,"featured_media":0,"comment_status":"open","ping_status":"open","sticky":false,"template":"","format":"standard","meta":{"_monsterinsights_skip_tracking":false,"_monsterinsights_sitenote_active":false,"_monsterinsights_sitenote_note":"","_monsterinsights_sitenote_category":0,"jnews-multi-image_gallery":[],"jnews_single_post":{"format":"standard"},"jnews_primary_category":[],"_joinchat":[],"footnotes":""},"categories":[58],"tags":[70],"class_list":["post-1101","post","type-post","status-publish","format-standard","hentry","category-noticiariachuelo","tag-de-la-patria-grande"],"_links":{"self":[{"href":"http:\/\/fmriachuelo.it10.com.ar\/index.php\/wp-json\/wp\/v2\/posts\/1101","targetHints":{"allow":["GET"]}}],"collection":[{"href":"http:\/\/fmriachuelo.it10.com.ar\/index.php\/wp-json\/wp\/v2\/posts"}],"about":[{"href":"http:\/\/fmriachuelo.it10.com.ar\/index.php\/wp-json\/wp\/v2\/types\/post"}],"author":[{"embeddable":true,"href":"http:\/\/fmriachuelo.it10.com.ar\/index.php\/wp-json\/wp\/v2\/users\/4"}],"replies":[{"embeddable":true,"href":"http:\/\/fmriachuelo.it10.com.ar\/index.php\/wp-json\/wp\/v2\/comments?post=1101"}],"version-history":[{"count":1,"href":"http:\/\/fmriachuelo.it10.com.ar\/index.php\/wp-json\/wp\/v2\/posts\/1101\/revisions"}],"predecessor-version":[{"id":21766,"href":"http:\/\/fmriachuelo.it10.com.ar\/index.php\/wp-json\/wp\/v2\/posts\/1101\/revisions\/21766"}],"wp:attachment":[{"href":"http:\/\/fmriachuelo.it10.com.ar\/index.php\/wp-json\/wp\/v2\/media?parent=1101"}],"wp:term":[{"taxonomy":"category","embeddable":true,"href":"http:\/\/fmriachuelo.it10.com.ar\/index.php\/wp-json\/wp\/v2\/categories?post=1101"},{"taxonomy":"post_tag","embeddable":true,"href":"http:\/\/fmriachuelo.it10.com.ar\/index.php\/wp-json\/wp\/v2\/tags?post=1101"}],"curies":[{"name":"wp","href":"https:\/\/api.w.org\/{rel}","templated":true}]}}