{"id":1099,"date":"2014-09-29T16:31:00","date_gmt":"2014-09-29T16:31:00","guid":{"rendered":"http:\/\/fmriachuelo.observatorioess.org.ar\/index.php\/2014\/09\/29\/recordamos-a-ls-que-luchan\/"},"modified":"2025-02-26T13:57:04","modified_gmt":"2025-02-26T16:57:04","slug":"recordamos-a-ls-que-luchan","status":"publish","type":"post","link":"http:\/\/fmriachuelo.it10.com.ar\/index.php\/2014\/09\/29\/recordamos-a-ls-que-luchan\/","title":{"rendered":"RECORDAMOS A L@S QUE LUCHAN"},"content":{"rendered":"<p><span style=\"font-size: large\"><span style=\"font-family: Verdana,sans-serif\"><span style=\"color: red\"><b>\u00a1\u00a1USTEDES NO NOS MATAN, NOSOTROS ELEGIMOS MORIR!!<\/b><\/span><\/span><\/span><br \/><span style=\"font-size: small\"><span style=\"font-family: Verdana,sans-serif\"><a href=\"http:\/\/3.bp.blogspot.com\/-jDPLnbwaGoE\/VCviI3Qw9AI\/AAAAAAAAA6w\/hWqHh3_Eg3Q\/s1600\/viqui%2Bwalsh.jpg\" style=\"clear: left;float: left;margin-bottom: 1em;margin-right: 1em\"><img decoding=\"async\" border=\"0\" src=\"http:\/\/3.bp.blogspot.com\/-jDPLnbwaGoE\/VCviI3Qw9AI\/AAAAAAAAA6w\/hWqHh3_Eg3Q\/s1600\/viqui%2Bwalsh.jpg\" \/><\/a>Esa fue la frase tras la cual, hace 34 a\u00f1os, <b>el 29 de septiembre de 1976<\/b>, cercada por 150 militares argentinos, frente a un grupo de ellos y sobre el techo de alguna casa de Buenos Aires en la calle Corro, Vicki Walsh, de 26 a\u00f1os, se suicid\u00f3 con un tiro en la sien junto a Molina, cuadro montonero con quien estaban combatiendo al comando militar.<br \/><b>&nbsp;<\/b><\/span><\/span><br \/><span style=\"font-size: small\"><span style=\"font-family: Verdana,sans-serif\"><b>Carta a Vicki<br \/>Por Rodolfo Walsh<\/b> <br \/>Querida Vicki.<br \/>La noticia de tu muerte me lleg\u00f3 hoy a las tres de la tarde. Est\u00e1bamos en reuni\u00f3n&#8230; cuando empezaron a transmitir el comunicado. Escuch\u00e9 tu nombre, mal pronunciado, y tard\u00e9 un segundo en asimilarlo. Maquinalmente empec\u00e9 a santiguarme como cuando era chico. No termin\u00e9 ese gesto. El mundo estuvo parado ese segundo. Despu\u00e9s les dije a Mariana y a Pablo: -Era mi hija. Suspend\u00ed la reuni\u00f3n. Estoy aturdido. Muchas veces lo tem\u00eda. Pensaba que era excesiva suerte, no ser golpeado, cuando tantos otros son golpeados.<br \/>Si, tuve miedo por vos, como vos tuviste miedo por m\u00ed, aunque no lo dec\u00edamos. Ahora el miedo es aflicci\u00f3n. Se muy bien por qu\u00e9 cosas has vivido, combatido. Estoy orgulloso de esas cosas.<br \/>Me quisiste, te quise. El d\u00eda que te mataron cumpliste 26 a\u00f1os. Los \u00faltimos fueron muy duros para vos. Me gustar\u00eda verte sonre\u00edr una vez m\u00e1s. No podr\u00e9 despedirme, vos sab\u00e9s por qu\u00e9.<br \/>Nosotros morimos perseguidos, en la oscuridad. El verdadero cementerio es la memoria. Ah\u00ed te guardo, te acuno, te celebro y quiz\u00e1 te envidio, querida m\u00eda.<\/span><\/span><br \/><a name='more'><\/a><span style=\"font-size: small\"><span style=\"font-family: Verdana,sans-serif\">Un fragmento del libro <b>Rodolfo Walsh:  Los a\u00f1os Montoneros <\/b><br \/>Son las 3 de la tarde, es el primer d\u00eda del mes de octubre. El locutor de turno repasa con impostada voz marcial el \u00faltimo comunicado militar. El parte habla de un importante operativo, de un enfrentamiento en la calle Corro, en Villa Luro, de la resistencia desde el interior de la casa, y adjunta que el resultado del tiroteo fue la muerte de cinco subversivos\u2026 Todos hacen silencio. El cable oficial confirma los nombres de los compa\u00f1eros abatidos, y el \u00faltimo de la lista conmueve a Rodolfo. Confundido, permanece en silencio un instante. No sabe qu\u00e9 decir (\u201cEl mundo estuvo parado ese segundo\u201d, escribir\u00e1 despu\u00e9s). Pablo y Mariano lo miran sin saber qu\u00e9 hacer. Por fin, \u00e9l susurra unas palabras: <br \/> \u2013Era mi hija&#8230; <br \/> Una vez por semana y por algunos minutos, en una plaza alejada del centro, Rodolfo se encontraba con Vicki, su hija mayor. Una estrecha relaci\u00f3n de afecto los un\u00eda, pero los rigores de la militancia en la misma organizaci\u00f3n \u2013aunque en distintos sectores\u2013 y el agobiante ritmo de actividades previstas para cada d\u00eda durante esa etapa, les imped\u00eda a los dos compartir algo m\u00e1s que algunos abrazos y un par de comentarios sobre la situaci\u00f3n. Pero ellos disfrutaban de estos encuentros peri\u00f3dicos con la alegr\u00eda de transitar caminos similares y saber que, en alg\u00fan momento, tarde o temprano, confluir\u00edan nuevamente en uno propio para los dos, como tantas otras veces en el pasado. M\u00e1s all\u00e1 de los sue\u00f1os proyectados en esas caminatas breves, de los c\u00f3digos compartidos en las charlas bajo los \u00e1rboles del oto\u00f1o, siempre al final de cada conversaci\u00f3n asomaban los temores naturales del padre por los riesgos asumidos por la hija: \u201cAh\u00ed, en largas charlas, siempre estaba presente la preocupaci\u00f3n del uno por el otro, de lo que pod\u00eda ocurrir\u201d, se\u00f1ala Lila Pastoriza.<\/span><\/span><\/p>\n","protected":false},"excerpt":{"rendered":"<p>\u00a1\u00a1USTEDES NO NOS MATAN, NOSOTROS ELEGIMOS MORIR!!Esa fue la frase tras la cual, hace 34 a\u00f1os, el 29 de septiembre de 1976, cercada por 150 militares argentinos, frente a un grupo de ellos y sobre el techo de alguna casa de Buenos Aires en la calle Corro, Vicki Walsh, de 26 a\u00f1os, se suicid\u00f3 con [&hellip;]<\/p>\n","protected":false},"author":4,"featured_media":0,"comment_status":"open","ping_status":"open","sticky":false,"template":"","format":"standard","meta":{"_monsterinsights_skip_tracking":false,"_monsterinsights_sitenote_active":false,"_monsterinsights_sitenote_note":"","_monsterinsights_sitenote_category":0,"jnews-multi-image_gallery":[],"jnews_single_post":{"format":"standard"},"jnews_primary_category":[],"_joinchat":[],"footnotes":""},"categories":[60],"tags":[151,72],"class_list":["post-1099","post","type-post","status-publish","format-standard","hentry","category-mirada-riachuelo","tag-ddhh","tag-historia-de-la-lucha-de-los-pueblos"],"_links":{"self":[{"href":"http:\/\/fmriachuelo.it10.com.ar\/index.php\/wp-json\/wp\/v2\/posts\/1099","targetHints":{"allow":["GET"]}}],"collection":[{"href":"http:\/\/fmriachuelo.it10.com.ar\/index.php\/wp-json\/wp\/v2\/posts"}],"about":[{"href":"http:\/\/fmriachuelo.it10.com.ar\/index.php\/wp-json\/wp\/v2\/types\/post"}],"author":[{"embeddable":true,"href":"http:\/\/fmriachuelo.it10.com.ar\/index.php\/wp-json\/wp\/v2\/users\/4"}],"replies":[{"embeddable":true,"href":"http:\/\/fmriachuelo.it10.com.ar\/index.php\/wp-json\/wp\/v2\/comments?post=1099"}],"version-history":[{"count":1,"href":"http:\/\/fmriachuelo.it10.com.ar\/index.php\/wp-json\/wp\/v2\/posts\/1099\/revisions"}],"predecessor-version":[{"id":21768,"href":"http:\/\/fmriachuelo.it10.com.ar\/index.php\/wp-json\/wp\/v2\/posts\/1099\/revisions\/21768"}],"wp:attachment":[{"href":"http:\/\/fmriachuelo.it10.com.ar\/index.php\/wp-json\/wp\/v2\/media?parent=1099"}],"wp:term":[{"taxonomy":"category","embeddable":true,"href":"http:\/\/fmriachuelo.it10.com.ar\/index.php\/wp-json\/wp\/v2\/categories?post=1099"},{"taxonomy":"post_tag","embeddable":true,"href":"http:\/\/fmriachuelo.it10.com.ar\/index.php\/wp-json\/wp\/v2\/tags?post=1099"}],"curies":[{"name":"wp","href":"https:\/\/api.w.org\/{rel}","templated":true}]}}