{"id":1098,"date":"2014-09-29T17:48:00","date_gmt":"2014-09-29T17:48:00","guid":{"rendered":"http:\/\/fmriachuelo.observatorioess.org.ar\/index.php\/2014\/09\/29\/un-analisis-interesante\/"},"modified":"2025-02-26T14:50:21","modified_gmt":"2025-02-26T17:50:21","slug":"un-analisis-interesante","status":"publish","type":"post","link":"http:\/\/fmriachuelo.it10.com.ar\/index.php\/2014\/09\/29\/un-analisis-interesante\/","title":{"rendered":"UN ANALISIS INTERESANTE"},"content":{"rendered":"<div style=\"clear: both;text-align: center\"><a href=\"http:\/\/3.bp.blogspot.com\/-LkFyGDZHLKU\/VCmr7ndue0I\/AAAAAAAAA5s\/9yppnMqGwRA\/s1600\/candidatas-a-presidencia.jpg\" style=\"clear: left;float: left;margin-bottom: 1em;margin-right: 1em\"><img loading=\"lazy\" decoding=\"async\" border=\"0\" src=\"http:\/\/3.bp.blogspot.com\/-LkFyGDZHLKU\/VCmr7ndue0I\/AAAAAAAAA5s\/9yppnMqGwRA\/s1600\/candidatas-a-presidencia.jpg\" height=\"176\" width=\"320\" \/><\/a><\/div>\n<p><span style=\"font-family: Verdana,sans-serif\"><span style=\"color: red\"><span style=\"font-size: large\"><b>DILMA O MARINA<\/b><\/span><\/span><br \/><i>Por Emir Sader<\/i><br \/>El proceso electoral brasile\u00f1o se acerca a su fin, confirmando que la gran polarizaci\u00f3n en el continente se da entre proyectos neoliberales y posneoliberales. Cambi\u00f3 la forma de la disputa presidencial en Brasil a lo largo de la campa\u00f1a, con la sustituci\u00f3n de A\u00e9cio Neves como principal candidato de la oposici\u00f3n, pero Marina Silva asume los mismos planteamientos neoliberales que su antecesor. A su vez, Dilma Rousseff representa la continuidad y la profundizaci\u00f3n de la construcci\u00f3n de alternativas al neoliberalismo.<a name='more'><\/a>La polarizaci\u00f3n entre una candidata que representa el proyecto iniciado por Lula en 2003 y uno que expresa el gobierno de Cardoso caminaba para la cuarta derrota seguida de la oposici\u00f3n, sepultando definitivamente el PSDB como fuerza pol\u00edtica nacional. El \u2013muy sospechoso\u2013 accidente de aviaci\u00f3n del 13 de agosto renov\u00f3 los t\u00e9rminos de la disputa electoral, pero confirm\u00f3 que la oposici\u00f3n a los gobiernos progresistas latinoamericanos viene de proyectos neoliberales.<br \/>Marina no tard\u00f3 en anunciar sus propuestas de independencia del Banco Central, de reacercamiento a Estados Unidos y elogio de la Alianza del Pac\u00edfico, en detrimento del Mercosur y de los Brics; de b\u00fasqueda de inversiones extranjeras para la exploraci\u00f3n del petr\u00f3leo del presal, un gran plan de ajuste de las cuentas p\u00fablicas, entre otros. El contraste con los gobiernos del PT no podr\u00eda ser m\u00e1s grande: prioridad de las pol\u00edticas sociales, de los proyectos de integraci\u00f3n regional y del intercambio Sur-Sur y rol activo del Estado.<br \/>Como se da tambi\u00e9n en los otros pa\u00edses del continente con gobiernos posneoliberales, la alternativa viene de la derecha. La extrema izquierda no ha logrado cuajar una propuesta y candidaturas con un m\u00ednimo de apoyo popular, quedando como fuerzas sin ning\u00fan peso en el campo pol\u00edtico nacional.<br \/>As\u00ed, dos mujeres, con lindas trayectorias, que se han encontrado como ministras del gobierno Lula, son las que disputan con chances reales la presidencia de Brasil. Una, Marina, seringueira (cauchera) junto con Chico Mendes, originalmente identificada con temas ambientales, ahora reciclada para el neoliberalismo puro y duro. La otra, Dilma, militante de la lucha clandestina contra la dictadura, presa y salvajemente torturada, representante escogida por Lula para dar continuidad a su gobierno.<br \/>Despu\u00e9s del efecto tsunami del lanzamiento de la candidatura de Marina, su nombre empez\u00f3 a acumular rechazos, conforme las contradicciones y debilidades de su candidatura han empezado a aparecer. A pocos d\u00edas de la primera vuelta de las elecciones, las encuestas convergen hacia una victoria amplia de Dilma en la primera vuelta y para una victoria m\u00e1s estrecha en la segunda, pero con una clara tendencia de ca\u00edda de Marina \u2013que ya hab\u00eda alcanzado a tener m\u00e1s de 10 puntos de ventaja en la segunda vuelta\u2013 y de subida de Dilma, que vuelve a ser favorita para ganar.<br \/>Las dos \u2013Dilma y Marina\u2013 tienen un significado radicalmente opuesto. Dilma, la continuidad y profundizaci\u00f3n de las trasformaciones realizadas por el gobierno de Lula y por su propio gobierno. La consolidaci\u00f3n y extensi\u00f3n de los acuerdos de integraci\u00f3n regional que Brasil impulsa, del Mercosur a los Brics, pasando por Unasur, Celac, Banco del Sur, Consejo Sudamericano de Defensa.<br \/>Marina representa la ruptura con el modelo de desarrollo econ\u00f3mico con distribuci\u00f3n del ingreso, favoreciendo un duro ajuste fiscal, favorable a los bancos privados. En el plano externo, significar\u00eda la ruptura de todos los grandes acuerdos actuales de Brasil, privilegiando relaciones bilaterales con Estados Unidos y con la Alianza del Pac\u00edfico.<br \/>Son dos caminos radicalmente distintos representados por las dos mujeres que disputan la presidencia de Brasil: Dilma y Marina.<br \/><span style=\"color: #3d85c6\"><span style=\"font-size: x-small\"><b>FUENTE: P\u00c0GINA 12<\/b><\/span><\/span><\/span><\/p>\n","protected":false},"excerpt":{"rendered":"<p>DILMA O MARINAPor Emir SaderEl proceso electoral brasile\u00f1o se acerca a su fin, confirmando que la gran polarizaci\u00f3n en el continente se da entre proyectos neoliberales y posneoliberales. Cambi\u00f3 la forma de la disputa presidencial en Brasil a lo largo de la campa\u00f1a, con la sustituci\u00f3n de A\u00e9cio Neves como principal candidato de la oposici\u00f3n, [&hellip;]<\/p>\n","protected":false},"author":4,"featured_media":0,"comment_status":"open","ping_status":"open","sticky":false,"template":"","format":"standard","meta":{"_monsterinsights_skip_tracking":false,"_monsterinsights_sitenote_active":false,"_monsterinsights_sitenote_note":"","_monsterinsights_sitenote_category":0,"jnews-multi-image_gallery":[],"jnews_single_post":{"format":"standard"},"jnews_primary_category":[],"_joinchat":[],"footnotes":""},"categories":[60],"tags":[70],"class_list":["post-1098","post","type-post","status-publish","format-standard","hentry","category-mirada-riachuelo","tag-de-la-patria-grande"],"_links":{"self":[{"href":"http:\/\/fmriachuelo.it10.com.ar\/index.php\/wp-json\/wp\/v2\/posts\/1098","targetHints":{"allow":["GET"]}}],"collection":[{"href":"http:\/\/fmriachuelo.it10.com.ar\/index.php\/wp-json\/wp\/v2\/posts"}],"about":[{"href":"http:\/\/fmriachuelo.it10.com.ar\/index.php\/wp-json\/wp\/v2\/types\/post"}],"author":[{"embeddable":true,"href":"http:\/\/fmriachuelo.it10.com.ar\/index.php\/wp-json\/wp\/v2\/users\/4"}],"replies":[{"embeddable":true,"href":"http:\/\/fmriachuelo.it10.com.ar\/index.php\/wp-json\/wp\/v2\/comments?post=1098"}],"version-history":[{"count":1,"href":"http:\/\/fmriachuelo.it10.com.ar\/index.php\/wp-json\/wp\/v2\/posts\/1098\/revisions"}],"predecessor-version":[{"id":21769,"href":"http:\/\/fmriachuelo.it10.com.ar\/index.php\/wp-json\/wp\/v2\/posts\/1098\/revisions\/21769"}],"wp:attachment":[{"href":"http:\/\/fmriachuelo.it10.com.ar\/index.php\/wp-json\/wp\/v2\/media?parent=1098"}],"wp:term":[{"taxonomy":"category","embeddable":true,"href":"http:\/\/fmriachuelo.it10.com.ar\/index.php\/wp-json\/wp\/v2\/categories?post=1098"},{"taxonomy":"post_tag","embeddable":true,"href":"http:\/\/fmriachuelo.it10.com.ar\/index.php\/wp-json\/wp\/v2\/tags?post=1098"}],"curies":[{"name":"wp","href":"https:\/\/api.w.org\/{rel}","templated":true}]}}