{"id":1097,"date":"2014-09-30T17:48:00","date_gmt":"2014-09-30T17:48:00","guid":{"rendered":"http:\/\/fmriachuelo.observatorioess.org.ar\/index.php\/2014\/09\/30\/la-voz-de-los-pueblos-2\/"},"modified":"2025-02-26T14:51:02","modified_gmt":"2025-02-26T17:51:02","slug":"la-voz-de-los-pueblos-2","status":"publish","type":"post","link":"http:\/\/fmriachuelo.it10.com.ar\/index.php\/2014\/09\/30\/la-voz-de-los-pueblos-2\/","title":{"rendered":"LA VOZ DE LOS PUEBLOS"},"content":{"rendered":"<h2 style=\"background-color: white;border: 0px none black;line-height: 24px;padding: 0px;vertical-align: baseline\"><span style=\"font-size: small\"><span style=\"font-family: Verdana,sans-serif\"><span style=\"color: red\"><span style=\"font-size: large\">M\u00c1S DE 20 PA\u00cdSES CONDENARON EL BLOQUEO DE EE.UU. CONTRA CUBA<\/span><\/span><\/span><\/span><span style=\"font-size: small\"><span style=\"font-family: Verdana,sans-serif\"><a href=\"http:\/\/1.bp.blogspot.com\/-WBoogQqukbA\/VCvhRhaNEJI\/AAAAAAAAA6o\/pfiHI8RpG44\/s1600\/bloqueo-a-cuba1.jpg\" style=\"clear: left;float: left;margin-bottom: 1em;margin-right: 1em\"><img decoding=\"async\" border=\"0\" src=\"http:\/\/1.bp.blogspot.com\/-WBoogQqukbA\/VCvhRhaNEJI\/AAAAAAAAA6o\/pfiHI8RpG44\/s1600\/bloqueo-a-cuba1.jpg\" \/><\/a><\/span><\/span><span style=\"font-size: small\"><span style=\"font-family: Verdana,sans-serif\">&nbsp;<\/span><\/span><\/h2>\n<h2 style=\"background-color: white;border: 0px none black;line-height: 24px;padding: 0px;vertical-align: baseline\"><span style=\"font-size: small\"><span style=\"font-family: Verdana,sans-serif\">En la sesi\u00f3n plenaria del  s\u00e1bado, en la ONU, Rusia, Vietnam, Argelia, Jamaica, Rep\u00fablica Popular  Democr\u00e1tica de Corea (RPDC), Mozambique y Tuvalu sumaron sus voces al  reclamo de levantamiento del cerco econ\u00f3mico, comercial y financiero  impuesto por Washington hace m\u00e1s de medio siglo.<\/span><\/span><\/h2>\n<div style=\"background-color: white;border: 0px none black;line-height: 24px;padding: 0px\">\n<div style=\"border: 0px none black;line-height: 20px;padding: 0px;vertical-align: baseline\"><span style=\"font-size: small\"><span style=\"font-family: Verdana,sans-serif\">En  las jornadas previas del debate instalado el 24 de septiembre,  manifestaron su rechazo al cerco de Estados Unidos mandatarios de  Venezuela, Bolivia, Sud\u00e1frica, El Salvador, Namibia, Trinidad y Tobago,  Dominica, Guyana, Antigua y Barbuda, Sri Lanka, Gab\u00f3n, Ghana, Per\u00fa,  Tanzania, Gambia y Chad.<\/span><\/span><\/div>\n<div style=\"border: 0px none black;line-height: 20px;padding: 0px;vertical-align: baseline\"><span style=\"font-size: small\"><span style=\"font-family: Verdana,sans-serif\"><b><span style=\"font-size: x-small\"><span style=\"color: #3d85c6\">FUENTE: NODAL<\/span><\/span><\/b><\/span><\/span><\/div>\n<\/div>\n","protected":false},"excerpt":{"rendered":"<p>M\u00c1S DE 20 PA\u00cdSES CONDENARON EL BLOQUEO DE EE.UU. CONTRA CUBA&nbsp; En la sesi\u00f3n plenaria del s\u00e1bado, en la ONU, Rusia, Vietnam, Argelia, Jamaica, Rep\u00fablica Popular Democr\u00e1tica de Corea (RPDC), Mozambique y Tuvalu sumaron sus voces al reclamo de levantamiento del cerco econ\u00f3mico, comercial y financiero impuesto por Washington hace m\u00e1s de medio siglo. En [&hellip;]<\/p>\n","protected":false},"author":4,"featured_media":0,"comment_status":"open","ping_status":"open","sticky":false,"template":"","format":"standard","meta":{"_monsterinsights_skip_tracking":false,"_monsterinsights_sitenote_active":false,"_monsterinsights_sitenote_note":"","_monsterinsights_sitenote_category":0,"jnews-multi-image_gallery":[],"jnews_single_post":{"format":"standard"},"jnews_primary_category":[],"_joinchat":[],"footnotes":""},"categories":[58],"tags":[70],"class_list":["post-1097","post","type-post","status-publish","format-standard","hentry","category-noticiariachuelo","tag-de-la-patria-grande"],"_links":{"self":[{"href":"http:\/\/fmriachuelo.it10.com.ar\/index.php\/wp-json\/wp\/v2\/posts\/1097","targetHints":{"allow":["GET"]}}],"collection":[{"href":"http:\/\/fmriachuelo.it10.com.ar\/index.php\/wp-json\/wp\/v2\/posts"}],"about":[{"href":"http:\/\/fmriachuelo.it10.com.ar\/index.php\/wp-json\/wp\/v2\/types\/post"}],"author":[{"embeddable":true,"href":"http:\/\/fmriachuelo.it10.com.ar\/index.php\/wp-json\/wp\/v2\/users\/4"}],"replies":[{"embeddable":true,"href":"http:\/\/fmriachuelo.it10.com.ar\/index.php\/wp-json\/wp\/v2\/comments?post=1097"}],"version-history":[{"count":1,"href":"http:\/\/fmriachuelo.it10.com.ar\/index.php\/wp-json\/wp\/v2\/posts\/1097\/revisions"}],"predecessor-version":[{"id":21770,"href":"http:\/\/fmriachuelo.it10.com.ar\/index.php\/wp-json\/wp\/v2\/posts\/1097\/revisions\/21770"}],"wp:attachment":[{"href":"http:\/\/fmriachuelo.it10.com.ar\/index.php\/wp-json\/wp\/v2\/media?parent=1097"}],"wp:term":[{"taxonomy":"category","embeddable":true,"href":"http:\/\/fmriachuelo.it10.com.ar\/index.php\/wp-json\/wp\/v2\/categories?post=1097"},{"taxonomy":"post_tag","embeddable":true,"href":"http:\/\/fmriachuelo.it10.com.ar\/index.php\/wp-json\/wp\/v2\/tags?post=1097"}],"curies":[{"name":"wp","href":"https:\/\/api.w.org\/{rel}","templated":true}]}}