{"id":1096,"date":"2014-09-30T18:20:00","date_gmt":"2014-09-30T18:20:00","guid":{"rendered":"http:\/\/fmriachuelo.observatorioess.org.ar\/index.php\/2014\/09\/30\/medicos-y-docentes-en-paraguay\/"},"modified":"2025-02-26T14:51:30","modified_gmt":"2025-02-26T17:51:30","slug":"medicos-y-docentes-en-paraguay","status":"publish","type":"post","link":"http:\/\/fmriachuelo.it10.com.ar\/index.php\/2014\/09\/30\/medicos-y-docentes-en-paraguay\/","title":{"rendered":"M\u00c9DICOS Y DOCENTES EN PARAGUAY"},"content":{"rendered":"<p><span style=\"color: red\"><b><span style=\"font-size: large\"><span style=\"font-family: Verdana,sans-serif\">DESDE HOY <\/span><\/span><\/b><\/span><span style=\"color: red\"><b><span style=\"font-size: large\"><span style=\"font-family: Verdana,sans-serif\">PARALIZAN LAS ACTIVIDADES <\/span><\/span><\/b><\/span><br \/><span style=\"font-size: small\"><span style=\"font-family: Verdana,sans-serif\">Miles de trabajadores, entre m\u00e9dicos y docentes, llevar\u00e1n a cabo desde el martes en Paraguay una jornada de paralizaci\u00f3n de actividades como medida de protesta para exigir reivindicaciones salariales, adecuaci\u00f3n de las infraestructuras y dotaci\u00f3n de material.<br \/>La principal demanda de los gremios es el ajuste salarial<br \/>El Instituto de Previsi\u00f3n Social (IPS) de Paraguay participar\u00e1 de la protesta durante tres d\u00edas, junto a todos los miembros de la Asociaci\u00f3n M\u00e9dica que est\u00e1n respaldados por 300 m\u00e9dicos residentes. La paralizaci\u00f3n abarcar\u00e1 el Hospital Central y las cl\u00ednicas perif\u00e9ricas de Asunci\u00f3n (capital).<br \/>Mientras tanto, la Federaci\u00f3n de Educadores de Paraguay, la Uni\u00f3n Nacional de Educadores y la Organizaci\u00f3n de Trabajadores de la Educaci\u00f3n, apoyados por la Federaci\u00f3n Nacional de Estudiantes Secundarios, detendr\u00e1n las clases por espacio de dos d\u00edas en centros de todo el pa\u00eds.<\/span><\/span><\/p>\n<div style=\"border: 0px none black;padding: 0px;vertical-align: baseline\"><span style=\"font-size: small\"><span style=\"font-family: Verdana,sans-serif\"><span style=\"color: #3d85c6\"><span style=\"font-size: x-small\"><b>FUENTE: NODAL<\/b><\/span><\/span><\/span><\/span><\/div>\n","protected":false},"excerpt":{"rendered":"<p>DESDE HOY PARALIZAN LAS ACTIVIDADES Miles de trabajadores, entre m\u00e9dicos y docentes, llevar\u00e1n a cabo desde el martes en Paraguay una jornada de paralizaci\u00f3n de actividades como medida de protesta para exigir reivindicaciones salariales, adecuaci\u00f3n de las infraestructuras y dotaci\u00f3n de material.La principal demanda de los gremios es el ajuste salarialEl Instituto de Previsi\u00f3n Social [&hellip;]<\/p>\n","protected":false},"author":4,"featured_media":0,"comment_status":"open","ping_status":"open","sticky":false,"template":"","format":"standard","meta":{"_monsterinsights_skip_tracking":false,"_monsterinsights_sitenote_active":false,"_monsterinsights_sitenote_note":"","_monsterinsights_sitenote_category":0,"jnews-multi-image_gallery":[],"jnews_single_post":{"format":"standard"},"jnews_primary_category":[],"_joinchat":[],"footnotes":""},"categories":[58],"tags":[70],"class_list":["post-1096","post","type-post","status-publish","format-standard","hentry","category-noticiariachuelo","tag-de-la-patria-grande"],"_links":{"self":[{"href":"http:\/\/fmriachuelo.it10.com.ar\/index.php\/wp-json\/wp\/v2\/posts\/1096","targetHints":{"allow":["GET"]}}],"collection":[{"href":"http:\/\/fmriachuelo.it10.com.ar\/index.php\/wp-json\/wp\/v2\/posts"}],"about":[{"href":"http:\/\/fmriachuelo.it10.com.ar\/index.php\/wp-json\/wp\/v2\/types\/post"}],"author":[{"embeddable":true,"href":"http:\/\/fmriachuelo.it10.com.ar\/index.php\/wp-json\/wp\/v2\/users\/4"}],"replies":[{"embeddable":true,"href":"http:\/\/fmriachuelo.it10.com.ar\/index.php\/wp-json\/wp\/v2\/comments?post=1096"}],"version-history":[{"count":1,"href":"http:\/\/fmriachuelo.it10.com.ar\/index.php\/wp-json\/wp\/v2\/posts\/1096\/revisions"}],"predecessor-version":[{"id":21771,"href":"http:\/\/fmriachuelo.it10.com.ar\/index.php\/wp-json\/wp\/v2\/posts\/1096\/revisions\/21771"}],"wp:attachment":[{"href":"http:\/\/fmriachuelo.it10.com.ar\/index.php\/wp-json\/wp\/v2\/media?parent=1096"}],"wp:term":[{"taxonomy":"category","embeddable":true,"href":"http:\/\/fmriachuelo.it10.com.ar\/index.php\/wp-json\/wp\/v2\/categories?post=1096"},{"taxonomy":"post_tag","embeddable":true,"href":"http:\/\/fmriachuelo.it10.com.ar\/index.php\/wp-json\/wp\/v2\/tags?post=1096"}],"curies":[{"name":"wp","href":"https:\/\/api.w.org\/{rel}","templated":true}]}}