{"id":1095,"date":"2014-09-30T18:35:00","date_gmt":"2014-09-30T18:35:00","guid":{"rendered":"http:\/\/fmriachuelo.observatorioess.org.ar\/index.php\/2014\/09\/30\/una-vez-mas-las-decisiones-inconsultas-del-gobierno-de-la-ciudad\/"},"modified":"2025-02-26T14:55:18","modified_gmt":"2025-02-26T17:55:18","slug":"una-vez-mas-las-decisiones-inconsultas-del-gobierno-de-la-ciudad","status":"publish","type":"post","link":"http:\/\/fmriachuelo.it10.com.ar\/index.php\/2014\/09\/30\/una-vez-mas-las-decisiones-inconsultas-del-gobierno-de-la-ciudad\/","title":{"rendered":"UNA VEZ MAS LAS DECISIONES INCONSULTAS DEL GOBIERNO DE LA CIUDAD"},"content":{"rendered":"<div style=\"clear: both;text-align: center\"><a href=\"http:\/\/1.bp.blogspot.com\/-C5aoDc23fHw\/VCsHZPZYozI\/AAAAAAAAA6E\/5GPM7rjtX6M\/s1600\/AMEGHINO.jpg\" style=\"clear: left;float: left;margin-bottom: 1em;margin-right: 1em\"><img loading=\"lazy\" decoding=\"async\" border=\"0\" src=\"http:\/\/1.bp.blogspot.com\/-C5aoDc23fHw\/VCsHZPZYozI\/AAAAAAAAA6E\/5GPM7rjtX6M\/s1600\/AMEGHINO.jpg\" height=\"198\" width=\"320\" \/><\/a><\/div>\n<p><span style=\"font-size: large\"><b style=\"background-color: white;color: red\"><span style=\"font-family: Verdana, sans-serif\">LAS POL\u00cdTICAS DEL ABUSADOR<\/span><\/b><\/span><br \/><span style=\"font-family: Verdana,sans-serif\"><span style=\"font-size: small\"><b><span style=\"background-color: white\">LOS PROFESIONALES DEL CENTRO DE SALUD MENTAL AMEGHINO DENUNCIAN LAS ACCIONES LLEVADAS A CABO POR LA DIRECCI\u00d3N GENERAL DE SALUD MENTAL DE LA C.A.B.A.&nbsp;<\/span><\/b><\/span><\/span><br \/><span style=\"font-family: Verdana,sans-serif\"><span style=\"background-color: white;font-size: small\">Las pol\u00edticas del Gobierno de la Ciudad proponen el desmantelamiento de la salud mental.<\/span><\/span><br \/><span style=\"font-family: Verdana,sans-serif\"><span style=\"background-color: white;font-size: small\">La presidenta de la Asociaci\u00f3n de Profesionales del Centro Ameghino, Liliana Hilario d<\/span><span style=\"background-color: white;font-size: small\">enunci\u00f3 el atropello y al achicamiento del hospital&nbsp;<\/span><span style=\"background-color: white;font-size: small\">p\u00fablico con decisiones inconsultas.<\/span><\/span><br \/><span style=\"font-family: Verdana,sans-serif\"><span style=\"background-color: white;font-size: small\">Por <b><span style=\"color: red\">ROMP\u00c9 EL CERCO (de Lunes a Viernes de 17 a 19 hs.)<\/span><\/b> se pudo escuchar la voz de la trabajadora.<\/span><\/span><br \/><span style=\"font-family: Verdana,sans-serif\"><span style=\"background-color: white;font-size: small\"><br \/><\/span><span style=\"font-size: small\"><\/span><\/span><\/p>\n","protected":false},"excerpt":{"rendered":"<p>LAS POL\u00cdTICAS DEL ABUSADORLOS PROFESIONALES DEL CENTRO DE SALUD MENTAL AMEGHINO DENUNCIAN LAS ACCIONES LLEVADAS A CABO POR LA DIRECCI\u00d3N GENERAL DE SALUD MENTAL DE LA C.A.B.A.&nbsp;Las pol\u00edticas del Gobierno de la Ciudad proponen el desmantelamiento de la salud mental.La presidenta de la Asociaci\u00f3n de Profesionales del Centro Ameghino, Liliana Hilario denunci\u00f3 el atropello y [&hellip;]<\/p>\n","protected":false},"author":4,"featured_media":0,"comment_status":"open","ping_status":"open","sticky":false,"template":"","format":"standard","meta":{"_monsterinsights_skip_tracking":false,"_monsterinsights_sitenote_active":false,"_monsterinsights_sitenote_note":"","_monsterinsights_sitenote_category":0,"jnews-multi-image_gallery":[],"jnews_single_post":{"format":"standard"},"jnews_primary_category":[],"_joinchat":[],"footnotes":""},"categories":[58],"tags":[81,69],"class_list":["post-1095","post","type-post","status-publish","format-standard","hentry","category-noticiariachuelo","tag-aguafuertes-portenas","tag-salud"],"_links":{"self":[{"href":"http:\/\/fmriachuelo.it10.com.ar\/index.php\/wp-json\/wp\/v2\/posts\/1095","targetHints":{"allow":["GET"]}}],"collection":[{"href":"http:\/\/fmriachuelo.it10.com.ar\/index.php\/wp-json\/wp\/v2\/posts"}],"about":[{"href":"http:\/\/fmriachuelo.it10.com.ar\/index.php\/wp-json\/wp\/v2\/types\/post"}],"author":[{"embeddable":true,"href":"http:\/\/fmriachuelo.it10.com.ar\/index.php\/wp-json\/wp\/v2\/users\/4"}],"replies":[{"embeddable":true,"href":"http:\/\/fmriachuelo.it10.com.ar\/index.php\/wp-json\/wp\/v2\/comments?post=1095"}],"version-history":[{"count":1,"href":"http:\/\/fmriachuelo.it10.com.ar\/index.php\/wp-json\/wp\/v2\/posts\/1095\/revisions"}],"predecessor-version":[{"id":21772,"href":"http:\/\/fmriachuelo.it10.com.ar\/index.php\/wp-json\/wp\/v2\/posts\/1095\/revisions\/21772"}],"wp:attachment":[{"href":"http:\/\/fmriachuelo.it10.com.ar\/index.php\/wp-json\/wp\/v2\/media?parent=1095"}],"wp:term":[{"taxonomy":"category","embeddable":true,"href":"http:\/\/fmriachuelo.it10.com.ar\/index.php\/wp-json\/wp\/v2\/categories?post=1095"},{"taxonomy":"post_tag","embeddable":true,"href":"http:\/\/fmriachuelo.it10.com.ar\/index.php\/wp-json\/wp\/v2\/tags?post=1095"}],"curies":[{"name":"wp","href":"https:\/\/api.w.org\/{rel}","templated":true}]}}