{"id":1094,"date":"2014-10-01T01:42:00","date_gmt":"2014-10-01T01:42:00","guid":{"rendered":"http:\/\/fmriachuelo.observatorioess.org.ar\/index.php\/2014\/10\/01\/la-union-hace-la-fuerza\/"},"modified":"2025-02-26T14:56:10","modified_gmt":"2025-02-26T17:56:10","slug":"la-union-hace-la-fuerza","status":"publish","type":"post","link":"http:\/\/fmriachuelo.it10.com.ar\/index.php\/2014\/10\/01\/la-union-hace-la-fuerza\/","title":{"rendered":"LA UNI\u00d3N HACE LA FUERZA"},"content":{"rendered":"<div style=\"text-align: center\"><span style=\"font-size: large\"><span style=\"font-family: Verdana,sans-serif\"><span style=\"color: red\"><b>TRASMISI\u00d3N EN UNIDAD <\/b><\/span><\/span><\/span><\/p>\n<div style=\"clear: both;text-align: center\"><span style=\"font-size: large\"><span style=\"color: red\"><b><a href=\"http:\/\/2.bp.blogspot.com\/-nJzkTWRs9Bo\/VCwJUg6RYfI\/AAAAAAAAA7A\/wDEj8BcxebI\/s1600\/BANNERFM.jpg\" style=\"margin-left: 1em;margin-right: 1em\"><img loading=\"lazy\" decoding=\"async\" border=\"0\" src=\"http:\/\/2.bp.blogspot.com\/-nJzkTWRs9Bo\/VCwJUg6RYfI\/AAAAAAAAA7A\/wDEj8BcxebI\/s1600\/BANNERFM.jpg\" height=\"57\" width=\"320\" \/><\/a><\/b><\/span><\/span><\/div>\n<\/div>\n<div>\n<div style=\"text-align: center\"><span style=\"font-size: x-large\"><span style=\"font-family: Verdana,sans-serif\"><b style=\"color: red\">+<\/b><\/span><\/span><\/div>\n<div style=\"clear: both;text-align: center\"><span style=\"font-family: Verdana,sans-serif\"><span style=\"color: red;font-size: small\"><b><a href=\"http:\/\/2.bp.blogspot.com\/-pX31dkRv0aY\/VCtbppRUl2I\/AAAAAAAAA6U\/aKhM3ufnVXQ\/s1600\/la%2Bcaterva.jpg\" style=\"margin-left: 1em;margin-right: 1em\"><img decoding=\"async\" border=\"0\" src=\"http:\/\/2.bp.blogspot.com\/-pX31dkRv0aY\/VCtbppRUl2I\/AAAAAAAAA6U\/aKhM3ufnVXQ\/s1600\/la%2Bcaterva.jpg\" \/><\/a><\/b><\/span><\/span><\/div>\n<p><span style=\"font-family: Verdana,sans-serif\"><span style=\"color: red;font-size: small\"><b><\/b><\/span><\/span><\/p>\n<div style=\"text-align: center\"><b><span style=\"font-family: Verdana,sans-serif\"><span style=\"font-size: small\">A partir del mes de octubre de 2014 FM LA CATERVA Y FM RIACHUELO compartir\u00e1n un segmento de su programaci\u00f3n. Como parte del trabajo que venimos realizando ambas radios, hemos decidido compartir y transmitir en unidad parte de nuestra programaci\u00f3n.<\/span><\/span><\/b><span style=\"font-family: Verdana,sans-serif\"><span style=\"font-size: small\">&nbsp;<\/span><\/span><br \/><span style=\"font-family: Verdana,sans-serif\"><span style=\"font-size: small\">Lejos de aceptar las consignas del libre mercado con su falsa libre competencia que s\u00f3lo favorece a los m\u00e1s poderosos, nuestras dos radios, que se reconocen populares y herramienta indispensable para la lucha de los pueblos y para la recuperaci\u00f3n de sentidos propios transmitiremos en unidad.<\/span><\/span><br \/><span style=\"font-family: Verdana,sans-serif\"><span style=\"font-size: small\">La repetici\u00f3n de la primera temporada de <span style=\"color: red\"><b>EL RAT\u00d3N IMPUNE<\/b><\/span> (para rescatar a los poetas argentinos olvidados, desde\u00f1ados y abandonados)<span style=\"font-family: Verdana,sans-serif\"><span style=\"font-size: small\"> realizada en FM Riachuelo<\/span><\/span> adem\u00e0s de su horario habitual de los <b>lunes a las 23 hs<\/b> se podr\u00e1 escuchar los <b>s\u00e1bados a las 17 hs por <\/b><span style=\"font-family: Verdana,sans-serif\"><span style=\"font-size: small\"><b>FM LA CATERVA 97.3 MHz.<\/b><\/span><\/span> y<span style=\"font-size: small\"> <\/span><span style=\"color: red\"><b>TOCANDO AFUERA<\/b><\/span> (que retoma al disco como obra conceptual con reportajes a protagonistas) los <b>mi\u00e9rcoles a las 21 hs sintonizando FM LA CATERVA 97.3 MHz. o FM RIACHUELO 100.9 MHz.<\/b> Y por internet en <b><a href=\"http:\/\/www.fmlacaterva.com.ar\/\">www.fmlacaterva.com.ar<\/a> o <a href=\"http:\/\/www.fmriachuelo.com.ar\/\">www.fmriachuelo.com.ar<\/a><\/b><\/span><\/span><\/div>\n<p><span style=\"font-family: Verdana,sans-serif\"><span style=\"font-size: small\"><\/span><\/span><\/div>\n","protected":false},"excerpt":{"rendered":"<p>TRASMISI\u00d3N EN UNIDAD + A partir del mes de octubre de 2014 FM LA CATERVA Y FM RIACHUELO compartir\u00e1n un segmento de su programaci\u00f3n. Como parte del trabajo que venimos realizando ambas radios, hemos decidido compartir y transmitir en unidad parte de nuestra programaci\u00f3n.&nbsp;Lejos de aceptar las consignas del libre mercado con su falsa libre [&hellip;]<\/p>\n","protected":false},"author":4,"featured_media":0,"comment_status":"open","ping_status":"open","sticky":false,"template":"","format":"standard","meta":{"_monsterinsights_skip_tracking":false,"_monsterinsights_sitenote_active":false,"_monsterinsights_sitenote_note":"","_monsterinsights_sitenote_category":0,"jnews-multi-image_gallery":[],"jnews_single_post":{"format":"standard"},"jnews_primary_category":[],"_joinchat":[],"footnotes":""},"categories":[58],"tags":[163],"class_list":["post-1094","post","type-post","status-publish","format-standard","hentry","category-noticiariachuelo","tag-comunicacion-2"],"_links":{"self":[{"href":"http:\/\/fmriachuelo.it10.com.ar\/index.php\/wp-json\/wp\/v2\/posts\/1094","targetHints":{"allow":["GET"]}}],"collection":[{"href":"http:\/\/fmriachuelo.it10.com.ar\/index.php\/wp-json\/wp\/v2\/posts"}],"about":[{"href":"http:\/\/fmriachuelo.it10.com.ar\/index.php\/wp-json\/wp\/v2\/types\/post"}],"author":[{"embeddable":true,"href":"http:\/\/fmriachuelo.it10.com.ar\/index.php\/wp-json\/wp\/v2\/users\/4"}],"replies":[{"embeddable":true,"href":"http:\/\/fmriachuelo.it10.com.ar\/index.php\/wp-json\/wp\/v2\/comments?post=1094"}],"version-history":[{"count":1,"href":"http:\/\/fmriachuelo.it10.com.ar\/index.php\/wp-json\/wp\/v2\/posts\/1094\/revisions"}],"predecessor-version":[{"id":21773,"href":"http:\/\/fmriachuelo.it10.com.ar\/index.php\/wp-json\/wp\/v2\/posts\/1094\/revisions\/21773"}],"wp:attachment":[{"href":"http:\/\/fmriachuelo.it10.com.ar\/index.php\/wp-json\/wp\/v2\/media?parent=1094"}],"wp:term":[{"taxonomy":"category","embeddable":true,"href":"http:\/\/fmriachuelo.it10.com.ar\/index.php\/wp-json\/wp\/v2\/categories?post=1094"},{"taxonomy":"post_tag","embeddable":true,"href":"http:\/\/fmriachuelo.it10.com.ar\/index.php\/wp-json\/wp\/v2\/tags?post=1094"}],"curies":[{"name":"wp","href":"https:\/\/api.w.org\/{rel}","templated":true}]}}