{"id":1092,"date":"2014-10-02T01:38:00","date_gmt":"2014-10-02T01:38:00","guid":{"rendered":"http:\/\/fmriachuelo.observatorioess.org.ar\/index.php\/2014\/10\/02\/los-pueblos-americanos-deciden\/"},"modified":"2025-02-26T14:57:01","modified_gmt":"2025-02-26T17:57:01","slug":"los-pueblos-americanos-deciden","status":"publish","type":"post","link":"http:\/\/fmriachuelo.it10.com.ar\/index.php\/2014\/10\/02\/los-pueblos-americanos-deciden\/","title":{"rendered":"LOS PUEBLOS AMERICANOS DECIDEN"},"content":{"rendered":"<p><span style=\"color: red;font-family: Verdana, sans-serif;font-size: large\"><b>BOLIVIA: LA \u00daLTIMA ENCUESTA LE DA UNA AMPLIA VENTAJA AL ACTUAL PRESIDENTE<\/b><\/span><br \/><span style=\"font-size: small\"><\/span><\/p>\n<div style=\"text-align: justify\"><a href=\"http:\/\/3.bp.blogspot.com\/-w0RmjYtN2_0\/VCysWHhDWRI\/AAAAAAAAA7w\/KKb8NcFRCa0\/s1600\/bol.jpg\" style=\"clear: left;float: left;margin-bottom: 1em;margin-right: 1em\"><img decoding=\"async\" border=\"0\" src=\"http:\/\/3.bp.blogspot.com\/-w0RmjYtN2_0\/VCysWHhDWRI\/AAAAAAAAA7w\/KKb8NcFRCa0\/s1600\/bol.jpg\" \/><\/a><span style=\"font-family: Verdana, sans-serif;font-size: small\">A 11 d\u00edas de las elecciones generales la tercera encuesta de intenci\u00f3n de voto  ratifica la victoria de Evo Morales con el 59% de respaldo y registra una ca\u00edda del candidato de Unidad Dem\u00f3crata, Samuel Doria Medina, al 13% de la preferencia electoral, cuatro puntos por debajo de lo que hab\u00eda registrado en agosto. La diferencia a favor de Evo es de 46 puntos sobre el candidato que le sigue.<\/span><\/p>\n<div style=\"clear: both;text-align: center\"><span style=\"font-family: Verdana, sans-serif;font-size: small\"><\/span><\/div>\n<\/div>\n<p><span style=\"font-family: Verdana, sans-serif\"><span style=\"font-size: small\"><\/span><\/p>\n<div style=\"text-align: justify\">Asimismo, el ex presidente y candidato por el Partido Dem\u00f3crata Cristiano (PDC), Jorge Tuto Quiroga, se mantiene en el tercer lugar con el 8% de la intenci\u00f3n de voto, aunque cuatro puntos por encima de los que obtuvo en agosto. Quiroga  es seguido por el exalcalde de La Paz y postulante por el Movimiento Sin Miedo (MSM), Juan del Granado, con el 3%, mientras que el aspirante por el Partido Verde de Bolivia (PVB), Fern\u00e1ndo Vargas, obtuvo el 1%.<\/div>\n<p><span style=\"font-size: small\"><\/span><\/p>\n<div style=\"text-align: justify\">En la encuesta de intenci\u00f3n de voto se entrevist\u00f3 a un universo de m\u00e1s de 3.000 personas que, entre el 8 y 23 de septiembre, respondieron a la pregunta \u00bfC\u00f3mo votar\u00eda usted si las elecciones para Presidente fueran el d\u00eda de hoy?<\/div>\n<p><span style=\"font-size: small\"><\/span><\/p>\n<div style=\"text-align: justify\"><span style=\"font-size: x-small\"><span style=\"color: #3d85c6\"><b>FUENTE: NODAL<\/b><\/span><\/span><\/div>\n<p><\/span><\/p>\n","protected":false},"excerpt":{"rendered":"<p>BOLIVIA: LA \u00daLTIMA ENCUESTA LE DA UNA AMPLIA VENTAJA AL ACTUAL PRESIDENTE A 11 d\u00edas de las elecciones generales la tercera encuesta de intenci\u00f3n de voto ratifica la victoria de Evo Morales con el 59% de respaldo y registra una ca\u00edda del candidato de Unidad Dem\u00f3crata, Samuel Doria Medina, al 13% de la preferencia electoral, [&hellip;]<\/p>\n","protected":false},"author":4,"featured_media":0,"comment_status":"open","ping_status":"open","sticky":false,"template":"","format":"standard","meta":{"_monsterinsights_skip_tracking":false,"_monsterinsights_sitenote_active":false,"_monsterinsights_sitenote_note":"","_monsterinsights_sitenote_category":0,"jnews-multi-image_gallery":[],"jnews_single_post":{"format":"standard"},"jnews_primary_category":[],"_joinchat":[],"footnotes":""},"categories":[58],"tags":[70],"class_list":["post-1092","post","type-post","status-publish","format-standard","hentry","category-noticiariachuelo","tag-de-la-patria-grande"],"_links":{"self":[{"href":"http:\/\/fmriachuelo.it10.com.ar\/index.php\/wp-json\/wp\/v2\/posts\/1092","targetHints":{"allow":["GET"]}}],"collection":[{"href":"http:\/\/fmriachuelo.it10.com.ar\/index.php\/wp-json\/wp\/v2\/posts"}],"about":[{"href":"http:\/\/fmriachuelo.it10.com.ar\/index.php\/wp-json\/wp\/v2\/types\/post"}],"author":[{"embeddable":true,"href":"http:\/\/fmriachuelo.it10.com.ar\/index.php\/wp-json\/wp\/v2\/users\/4"}],"replies":[{"embeddable":true,"href":"http:\/\/fmriachuelo.it10.com.ar\/index.php\/wp-json\/wp\/v2\/comments?post=1092"}],"version-history":[{"count":1,"href":"http:\/\/fmriachuelo.it10.com.ar\/index.php\/wp-json\/wp\/v2\/posts\/1092\/revisions"}],"predecessor-version":[{"id":21775,"href":"http:\/\/fmriachuelo.it10.com.ar\/index.php\/wp-json\/wp\/v2\/posts\/1092\/revisions\/21775"}],"wp:attachment":[{"href":"http:\/\/fmriachuelo.it10.com.ar\/index.php\/wp-json\/wp\/v2\/media?parent=1092"}],"wp:term":[{"taxonomy":"category","embeddable":true,"href":"http:\/\/fmriachuelo.it10.com.ar\/index.php\/wp-json\/wp\/v2\/categories?post=1092"},{"taxonomy":"post_tag","embeddable":true,"href":"http:\/\/fmriachuelo.it10.com.ar\/index.php\/wp-json\/wp\/v2\/tags?post=1092"}],"curies":[{"name":"wp","href":"https:\/\/api.w.org\/{rel}","templated":true}]}}