{"id":1090,"date":"2014-10-02T13:19:00","date_gmt":"2014-10-02T13:19:00","guid":{"rendered":"http:\/\/fmriachuelo.observatorioess.org.ar\/index.php\/2014\/10\/02\/la-voz-de-los-pueblos\/"},"modified":"2025-02-26T15:03:46","modified_gmt":"2025-02-26T18:03:46","slug":"la-voz-de-los-pueblos","status":"publish","type":"post","link":"http:\/\/fmriachuelo.it10.com.ar\/index.php\/2014\/10\/02\/la-voz-de-los-pueblos\/","title":{"rendered":"LA VOZ DE LOS PUEBLOS"},"content":{"rendered":"<p><span style=\"font-family: Verdana,sans-serif\"><span style=\"color: red\"><span style=\"font-size: large\"><b>EL MOVIMIENTO CAMPESINO IND\u00cdGENA IMPULSA LA INCLUSI\u00d3N DE LA FUNCI\u00d3N SOCIAL DE LA TIERRA EN EL C\u00d3DIGO CIVIL <\/b><\/span><\/span><br \/>Frente al hist\u00f3rico debate de un nuevo C\u00f3digo Civil, desde el MNCI Via Campesina, sostenemos que se debe volver a incluir la Funci\u00f3n Social de la Propiedad en el mismo, ya que la adecuaci\u00f3n de disposiciones que est\u00e1n estipuladas en los Tratados Constitucionales requieren ser ratificados en el C\u00f3digo Civil y en las leyes, de manera de terminar con el uso especulativo y la mercantilizaci\u00f3n de la tierra mientras que grandes mayor\u00edas se ven privadas de la misma para producir y habitar.<\/span><br \/><a name='more'><\/a>Tambi\u00e9n debe reincorporarse el derecho humano al agua para que quede ratificado en el C\u00f3digo. <br \/>Vemos con preocupaci\u00f3n la ausencia en la agenda legislativa de la problem\u00e1tica de tierras de la Argentina Rural Campesina e Ind\u00edgena. <br \/>Hemos realizado numerosas convocatorias a legisladores y funcionarios de todas los espacios para instalar la necesidad de debatir LA FUNCI\u00d3N SOCIAL DE LA TIERRA, para que este proceso de transformaci\u00f3n y emergencia de los m\u00e1s humildes tenga su correlato en el campo y un anclaje estrat\u00e9gico para las generaciones que vienen. <\/p>\n<p><b>PARA CONTROLAR LA ESPECULACI\u00d3N Y LA INFLACI\u00d3N HAY QUE DESCONCENTRAR LA PROPIEDAD DE LA TIERRA E IMPULSAR EL ACCESO DE LOS SECTORES POPULARES<\/b><br \/>La funci\u00f3n social de la tierra hace posible la producci\u00f3n de alimentos y servicios por parte de las familias que garantizan la alimentaci\u00f3n local, los mercados locales, preservan los ecosistemas, generando trabajo, arraigo y desarrollo. <br \/>Hemos planteado ejes fundamentales para poder aportar a un proceso transformador de la tenencia y el uso de la tierra, y seguimos sosteniendo que no habr\u00e1 control de la inflaci\u00f3n, ni cesar\u00e1n los paros de las patronales rurales, con esta situaci\u00f3n de desalojo campesino, monocultivos y trasnacionalizaci\u00f3n del campo. <br \/>Creemos que en el marco de la Funci\u00f3n Social de la Propiedad y de la tierra, adem\u00e1s es necesario disminuir plazos y simplificar condiciones de la prescripci\u00f3n adquisitiva de las posesiones campesinas, reconocer nuevas formas de propiedad social y colectiva, y los diferentes usos pastoriles, comunitarios y sistemas como la transhumancia.<br \/><span style=\"font-family: Verdana,sans-serif\">Frente a la embestida imperialista que vive nuestra patria, la Funci\u00f3n Social de la Propiedad se convierte en una herramienta estrat\u00e9gica para impedir las agresiones contra los sectores productivos nacionales y contra los sectores populares, sobre quienes hoy el capital financiero pretende cargar las consecuencias de la crisis. <br \/><span style=\"font-size: large\"><span style=\"color: red\"><b><br \/>POR EL FIN DE LOS DESALOJOS, <br \/>POR LA MEMORIA DE LOS CA\u00cdDOS EN LA LUCHA POR LA TIERRA, <br \/>\u00a1FUNCI\u00d3N SOCIAL DE LA TIERRA YA!<\/b><\/span><\/span><\/p>\n<p><span style=\"color: #3d85c6\"><span style=\"font-size: x-small\"><b>FUENTE: MNCI.ORG.AR<\/b><\/span><\/span><\/span><\/p>\n","protected":false},"excerpt":{"rendered":"<p>EL MOVIMIENTO CAMPESINO IND\u00cdGENA IMPULSA LA INCLUSI\u00d3N DE LA FUNCI\u00d3N SOCIAL DE LA TIERRA EN EL C\u00d3DIGO CIVIL Frente al hist\u00f3rico debate de un nuevo C\u00f3digo Civil, desde el MNCI Via Campesina, sostenemos que se debe volver a incluir la Funci\u00f3n Social de la Propiedad en el mismo, ya que la adecuaci\u00f3n de disposiciones que [&hellip;]<\/p>\n","protected":false},"author":4,"featured_media":0,"comment_status":"open","ping_status":"open","sticky":false,"template":"","format":"standard","meta":{"_monsterinsights_skip_tracking":false,"_monsterinsights_sitenote_active":false,"_monsterinsights_sitenote_note":"","_monsterinsights_sitenote_category":0,"jnews-multi-image_gallery":[],"jnews_single_post":{"format":"standard"},"jnews_primary_category":[],"_joinchat":[],"footnotes":""},"categories":[58],"tags":[147],"class_list":["post-1090","post","type-post","status-publish","format-standard","hentry","category-noticiariachuelo","tag-habitat"],"_links":{"self":[{"href":"http:\/\/fmriachuelo.it10.com.ar\/index.php\/wp-json\/wp\/v2\/posts\/1090","targetHints":{"allow":["GET"]}}],"collection":[{"href":"http:\/\/fmriachuelo.it10.com.ar\/index.php\/wp-json\/wp\/v2\/posts"}],"about":[{"href":"http:\/\/fmriachuelo.it10.com.ar\/index.php\/wp-json\/wp\/v2\/types\/post"}],"author":[{"embeddable":true,"href":"http:\/\/fmriachuelo.it10.com.ar\/index.php\/wp-json\/wp\/v2\/users\/4"}],"replies":[{"embeddable":true,"href":"http:\/\/fmriachuelo.it10.com.ar\/index.php\/wp-json\/wp\/v2\/comments?post=1090"}],"version-history":[{"count":1,"href":"http:\/\/fmriachuelo.it10.com.ar\/index.php\/wp-json\/wp\/v2\/posts\/1090\/revisions"}],"predecessor-version":[{"id":21777,"href":"http:\/\/fmriachuelo.it10.com.ar\/index.php\/wp-json\/wp\/v2\/posts\/1090\/revisions\/21777"}],"wp:attachment":[{"href":"http:\/\/fmriachuelo.it10.com.ar\/index.php\/wp-json\/wp\/v2\/media?parent=1090"}],"wp:term":[{"taxonomy":"category","embeddable":true,"href":"http:\/\/fmriachuelo.it10.com.ar\/index.php\/wp-json\/wp\/v2\/categories?post=1090"},{"taxonomy":"post_tag","embeddable":true,"href":"http:\/\/fmriachuelo.it10.com.ar\/index.php\/wp-json\/wp\/v2\/tags?post=1090"}],"curies":[{"name":"wp","href":"https:\/\/api.w.org\/{rel}","templated":true}]}}