{"id":1086,"date":"2014-10-05T21:00:00","date_gmt":"2014-10-05T21:00:00","guid":{"rendered":"http:\/\/fmriachuelo.observatorioess.org.ar\/index.php\/2014\/10\/05\/palabras-de-fidel\/"},"modified":"2025-02-26T15:09:55","modified_gmt":"2025-02-26T18:09:55","slug":"palabras-de-fidel","status":"publish","type":"post","link":"http:\/\/fmriachuelo.it10.com.ar\/index.php\/2014\/10\/05\/palabras-de-fidel\/","title":{"rendered":"PALABRAS DE FIDEL"},"content":{"rendered":"<p><a href=\"http:\/\/3.bp.blogspot.com\/-JrrhedV3i6c\/VDGybnZGy4I\/AAAAAAAAA8g\/hJMaVmodsBo\/s1600\/images.jpg\" style=\"clear: left;float: left;margin-bottom: 1em;margin-right: 1em\"><img decoding=\"async\" border=\"0\" src=\"https:\/\/images-blogger-opensocial.googleusercontent.com\/gadgets\/proxy?url=http%3A%2F%2F3.bp.blogspot.com%2F-JrrhedV3i6c%2FVDGybnZGy4I%2FAAAAAAAAA8g%2FhJMaVmodsBo%2Fs1600%2Fimages.jpg&amp;container=blogger&amp;gadget=a&amp;rewriteMime=image%2F*\" \/><\/a><span style=\"color: red\"><span style=\"font-size: large\"><b><span style=\"font-family: Verdana,sans-serif\">LO QUE UNA PEQUE\u00d1A NACION LUCHANDO POR SI MISMA PUEDE<span style=\"font-size: large\"> <\/span>HACER TAMBIEN POR LOS DEM\u00c1S<\/span><\/b><\/span><\/span><br \/><b><span style=\"font-size: small\"><span style=\"font-family: Verdana,sans-serif\">Los h\u00e9roes de nuestra \u00e9poca<\/span><\/span><\/b><br \/><span style=\"font-size: small\"><span style=\"font-family: Verdana,sans-serif\"><i><a href=\"http:\/\/www.cubadebate.cu\/autor\/fidel-castro-ruz\/\">Fidel Castro Ruz<\/a> <\/i><br \/>Mucho hay que decir de estos tiempos dif\u00edciles para la humanidad. Hoy, sin embargo, es un d\u00eda de especial inter\u00e9s para nosotros y quiz\u00e1 tambi\u00e9n para mu\u00adchas personas.<\/span><\/span><br \/><span style=\"font-size: small\"><span style=\"font-family: Verdana,sans-serif\">A lo largo de nuestra breve historia revolucionaria, desde el golpe artero del 10 de marzo de 1952 promovido por el imperio contra nuestro peque\u00f1o pa\u00eds, no pocas veces nos vimos en la necesidad de tomar importantes decisiones. <br \/>Cuando ya no quedaba alternativa alguna, otros j\u00f3venes, de cualquier otra naci\u00f3n en nuestra compleja situaci\u00f3n, hac\u00edan o se propon\u00edan hacer lo mismo que nosotros, aunque en el caso particular de Cuba el azar, como tantas veces en la historia, jug\u00f3 un papel decisivo.&nbsp;<\/span><\/span><br \/><span style=\"font-size: small\"><span style=\"font-family: Verdana,sans-serif\">A partir del drama creado en nuestro pa\u00eds por Estados Unidos en aquella fecha, sin otro objetivo que frenar el riesgo de limitados avances sociales que pudieran alentar futuros de cambios radicales en la propiedad yanki en que hab\u00eda sido convertida Cuba, se engendr\u00f3 nuestra Revo\u00adluci\u00f3n Socialista. <\/span><\/span><br \/><a name='more'><\/a><span style=\"font-size: small\"><span style=\"font-family: Verdana,sans-serif\">La <a href=\"http:\/\/www.cubadebate.cu\/etiqueta\/segunda-guerra-mundial\/\">Segunda Guerra Mundial<\/a>, finalizada en 1945, consolid\u00f3 el poder de Estados Unidos como principal potencia econ\u00f3mica y militar, y convirti\u00f3 ese pa\u00eds \u2014cuyo territorio estaba distante de los campos de batalla\u2014 en el m\u00e1s poderoso del planeta.&nbsp;<\/span><\/span><br \/><span style=\"font-size: small\"><span style=\"font-family: Verdana,sans-serif\">La aplastante victoria de 1959, podemos afirmarlo sin sombra de chovinismo, se convirti\u00f3 en ejemplo de lo que una peque\u00f1a naci\u00f3n, luchando por s\u00ed misma, puede hacer tambi\u00e9n por los dem\u00e1s.<\/span><\/span><br \/><span style=\"font-size: small\"><span style=\"font-family: Verdana,sans-serif\">Los pa\u00edses latinoamericanos, con un m\u00ednimo de honrosas excepciones, se lanzaron tras las migajas ofrecidas por Estados Unidos; por ejemplo, la cuota azucarera de Cuba, que durante casi un siglo y medio abasteci\u00f3 a ese pa\u00eds en sus a\u00f1os cr\u00edticos, fue repartida entre productores ansiosos de mercados en el mundo.<\/span><\/span><br \/><span style=\"font-size: small\"><span style=\"font-family: Verdana,sans-serif\">El ilustre general norteamericano que presid\u00eda entonces ese pa\u00eds, Dwight D. Eisenhower, hab\u00eda dirigido las tropas coaligadas en la guerra en que liberaron, a pesar de contar con poderosos medios, solo una peque\u00f1a parte de la Europa ocupada por los nazis. El sustituto del presidente Roosevelt, Harry S. Truman, result\u00f3 ser el conservador tradicional que en Estados Unidos suele asumir tales responsabilidades pol\u00edticas en los a\u00f1os dif\u00edciles.<\/span><\/span><br \/><span style=\"font-size: small\"><span style=\"font-family: Verdana,sans-serif\">La Uni\u00f3n de Rep\u00fablicas Socialistas Sovi\u00e9ticas \u2014que constituy\u00f3 hasta fines del pasado siglo XX, la m\u00e1s grandiosa naci\u00f3n de la historia en la lucha contra la explotaci\u00f3n despiadada de los seres humanos\u2014 fue disuelta y sustituida por una Federaci\u00f3n que redujo la superficie de aquel gran Estado multinacional en no menos de cinco millones 500 mil kil\u00f3metros cuadrados.<\/span><\/span><br \/><span style=\"font-size: small\"><span style=\"font-family: Verdana,sans-serif\">Algo, sin embargo, no pudo ser disuelto: el esp\u00edritu heroico del pueblo ruso, que unido a sus hermanos del resto de la URSS ha sido capaz de preservar una fuerza tan poderosa que junto a la Rep\u00fablica Popular China y pa\u00edses como Brasil, India y Sud\u00e1frica, constituyen un grupo con el poder necesario para frenar el intento de recolonizar el planeta.<\/span><\/span><br \/><span style=\"font-size: small\"><span style=\"font-family: Verdana,sans-serif\">Dos ejemplos ilustrativos de estas realidades los vivimos en la Rep\u00fablica Popular de Angola. Cuba, como otros mu\u00adchos pa\u00edses socialistas y movimientos de liberaci\u00f3n, colabor\u00f3 con ella y con otros que luchaban contra el dominio portugu\u00e9s en \u00c1frica. Este se ejerc\u00eda de forma administrativa directa con el apoyo de sus aliados.<\/span><\/span><br \/><span style=\"font-size: small\"><span style=\"font-family: Verdana,sans-serif\">La solidaridad con Angola era uno de los puntos esenciales del Movimiento de Pa\u00edses No Alineados y del Campo So\u00adcialista. La independencia de ese pa\u00eds se hizo inevitable y era aceptada por la co\u00admunidad mundial.<\/span><\/span><br \/><span style=\"font-size: small\"><span style=\"font-family: Verdana,sans-serif\">El Estado racista de Sud\u00e1frica y el Go\u00adbierno corrupto del antiguo Congo Belga, con el apoyo de aliados europeos, se preparaban esmeradamente para la conquista y el reparto de Angola. Cuba, que desde hac\u00eda a\u00f1os cooperaba con la lucha de ese pueblo, recibi\u00f3 la solicitud de Agostinho Neto para el entrenamiento de sus fuerzas armadas que, instaladas en Luanda, la capital del pa\u00eds, deb\u00edan estar listas para su toma de posesi\u00f3n oficialmente establecida para el 11 de noviembre de 1975. Los sovi\u00e9ticos, fieles a sus compromisos, les hab\u00edan suministrado equipos militares y esperaban solo el d\u00eda de la independencia para enviar a los instructores. Cuba, por su parte, acord\u00f3 el env\u00edo de los instructores solicitados por Neto.<\/span><\/span><br \/><span style=\"font-size: small\"><span style=\"font-family: Verdana,sans-serif\">El r\u00e9gimen racista de Sud\u00e1frica, condenado y despreciado por la opini\u00f3n mundial, decide adelantar sus planes y env\u00eda fuerzas motorizadas en veh\u00edculos blindados, dotados de potente artiller\u00eda que, tras un avance de cientos de kil\u00f3metros a partir de su frontera, atac\u00f3 el primer campamento de instrucci\u00f3n, donde varios instructores cubanos murieron en heroica resistencia. Tras varios d\u00edas de combates sostenidos por aquellos valerosos instructores junto a los angolanos, lograron detener el avance de los sudafricanos hacia Luanda, la capital de Angola, adonde hab\u00eda sido enviado por aire un batall\u00f3n de Tropas Especiales del Ministerio del Interior, transportado desde La Habana en los viejos aviones Britannia de nuestra l\u00ednea a\u00e9rea.<\/span><\/span><br \/><span style=\"font-size: small\"><span style=\"font-family: Verdana,sans-serif\">As\u00ed comenz\u00f3 aquella \u00e9pica lucha en aquel pa\u00eds de \u00c1frica negra, tiranizado por los racistas blancos, en la que batallones de infanter\u00eda motorizada y brigadas de tanques, artiller\u00eda blindada y medios adecuados de lucha, rechazaron a las fuerzas racistas de Sud\u00e1frica y las obligaron a retroceder hasta la misma frontera de donde hab\u00edan partido.<\/span><\/span><br \/><span style=\"font-size: small\"><span style=\"font-family: Verdana,sans-serif\">No fue \u00fanicamente ese a\u00f1o 1975 la etapa m\u00e1s peligrosa de aquella contienda. Esta tuvo lugar, aproximadamente 12 a\u00f1os m\u00e1s tarde, en el sur de Angola.<\/span><\/span><br \/><span style=\"font-size: small\"><span style=\"font-family: Verdana,sans-serif\">As\u00ed lo que parec\u00eda el fin de la aventura racista en el sur de Angola era solo el comienzo, pero al menos h<br \/>\nab\u00edan podido comprender que aquellas fuerzas revolucionarias de cubanos blancos, mulatos y negros, junto a los soldados angolanos, eran capaces de hacer tragar el polvo de la derrota a los supuestamente invencibles racistas. Tal vez confiaron entonces en su tecnolog\u00eda, sus riquezas y el apoyo del imperio dominante.<\/span><\/span><br \/><span style=\"font-size: small\"><span style=\"font-family: Verdana,sans-serif\">Aunque no fuese nunca nuestra intenci\u00f3n, la actitud soberana de nuestro pa\u00eds no dejaba de tener contradicciones con la propia URSS, que tanto hizo por nosotros en d\u00edas realmente dif\u00edciles, cuando el corte de los suministros de combustible a Cuba desde Estados Unidos nos habr\u00eda llevado a un prolongado y costoso conflicto con la poderosa potencia del Norte. De\u00adsa\u00adparecido ese peligro o no, el dilema era decidirse a ser libres o resignarse a ser esclavos del poderoso imperio vecino.&nbsp;<\/span><\/span><br \/><span style=\"font-size: small\"><span style=\"font-family: Verdana,sans-serif\">En situaci\u00f3n tan complicada como el acceso de Angola a la independencia, en lucha frontal contra el neocolonialismo, era imposible que no surgieran diferencias en algunos aspectos de los que po\u00add\u00edan derivarse consecuencias graves para los objetivos trazados, que en el caso de Cuba, como parte en esa lucha, ten\u00eda el derecho y el deber de conducirla al \u00e9xito. Siempre que a nuestro juicio cualquier aspecto de nuestra pol\u00edtica internacional pod\u00eda chocar con la pol\u00edtica estrat\u00e9gica de la URSS, hac\u00edamos lo posible por evitarlo. Los objetivos comunes exig\u00edan de cada cual el respeto a los m\u00e9ritos y experiencias de cada uno de ellos. La modestia no est\u00e1 re\u00f1ida con el an\u00e1lisis serio de la complejidad e importancia de cada situaci\u00f3n, aunque en nuestra pol\u00edtica siempre fuimos muy estrictos con todo lo que se refer\u00eda a la solidaridad con la Uni\u00f3n Sovi\u00e9tica.<\/span><\/span><br \/><span style=\"font-size: small\"><span style=\"font-family: Verdana,sans-serif\">En momentos decisivos de la lucha en Angola contra el imperialismo y el racismo se produjo una de esas contradicciones, que se deriv\u00f3 de nuestra participaci\u00f3n directa en aquella contienda y del hecho de que nuestras fuerzas no solo luchaban, sino que tambi\u00e9n instru\u00edan cada a\u00f1o a miles de combatientes angolanos, a los cuales apoy\u00e1bamos en su lucha contra las fuerzas pro yankis y pro racistas de Sud\u00e1frica. Un militar sovi\u00e9tico era el asesor del gobierno y planificaba el empleo de las fuerzas angolanas. Discrep\u00e1bamos, sin embargo, en un punto y por cierto importante: la reiterada frecuencia con que se defend\u00eda el criterio err\u00f3neo de emplear en aquel pa\u00eds las tropas angolanas mejor entrenadas a casi mil quinientos kil\u00f3metros de distancia de Luanda, la capital, por la concepci\u00f3n propia de otro tipo de guerra, nada parecida a la de car\u00e1cter subversivo y guerrillera de los contrarrevolucionarios angolanos. En realidad no exist\u00eda una capital de la UNITA, ni Savimbi ten\u00eda un punto donde resistir, se trataba de un se\u00f1uelo de la Sud\u00e1frica racista que serv\u00eda solo para atraer hacia all\u00ed las mejores y m\u00e1s suministradas tropas angolanas para golpearlas a su antojo. Nos opon\u00edamos por tanto a tal concepto que m\u00e1s de una vez se aplic\u00f3, hasta la \u00faltima en la que se demand\u00f3 golpear al enemigo con nuestras propias fuerzas lo que dio lugar a la batalla de Cuito Cuanavale. Dir\u00e9 que aquel prolongado enfrentamiento militar contra el ej\u00e9rcito sudafricano se produjo a ra\u00edz de la \u00faltima ofensiva contra la supuesta \u201ccapital de Savimbi\u201d \u2014en un lejano rinc\u00f3n de la frontera de Angola, Sud\u00e1frica y la Namibia ocupada\u2014, hacia donde las valientes fuerzas angolanas, partiendo de Cuito Cuanavale, antigua base militar desactivada de la OTAN, aunque bien equipadas con los m\u00e1s nuevos carros blindados, tanques y otros medios de combate, iniciaban su marcha de cientos de kil\u00f3metros hacia la supuesta capital contrarrevolucionaria. Nuestros audaces pilotos de combate los apoyaban con los Mig-23 cuando estaban todav\u00eda dentro de su radio de acci\u00f3n. Cuando rebasaban aquellos l\u00edmites, el enemigo golpeaba fuertemente a los valerosos soldados de las FAPLA con sus aviones de combate, su artiller\u00eda pesada y sus bien equipadas fuerzas terrestres, ocasionando cuantiosas bajas en muertos y heridos. Pero esta vez se dirig\u00edan, en su persecuci\u00f3n de las golpeadas brigadas angolanas, hacia la antigua base militar de la OTAN.&nbsp;<\/span><\/span><br \/><span style=\"font-size: small\"><span style=\"font-family: Verdana,sans-serif\">Las unidades angolanas retroced\u00edan en un frente de varios kil\u00f3metros de ancho con brechas de kil\u00f3metros de separaci\u00f3n entre ellas. Dada la gravedad de las p\u00e9rdidas y el peligro que pod\u00eda derivarse de ellas, con seguridad se producir\u00eda la solicitud habitual del asesoramiento al Presidente de Angola para que apelara al apoyo cubano, y as\u00ed ocurri\u00f3. La respuesta firme esta vez fue que tal solicitud se aceptar\u00eda solo si todas las fuerzas y medios de combate angolanos en el Frente Sur se subordinaban al mando militar cubano. El resultado inmediato fue que se aceptaba aquella condici\u00f3n.<\/span><\/span><br \/><span style=\"font-size: small\"><span style=\"font-family: Verdana,sans-serif\">Con rapidez se movilizaron las fuerzas en funci\u00f3n de la batalla de Cuito Cuanavale, donde los invasores sudafricanos y sus armas sofisticadas se estrellaron contra las unidades blindadas, la artiller\u00eda convencional y los Mig-23 tripulados por los audaces pilotos de nuestra aviaci\u00f3n. La artiller\u00eda, tanques y otros medios angolanos ubicados en aquel punto que carec\u00edan de personal fueron puestos en disposici\u00f3n combativa por personal cubano. Los tanques angolanos que en su retirada no pod\u00edan vencer el obst\u00e1culo del caudaloso r\u00edo Queve, al Este de la antigua base de la OTAN \u2014cuyo puente hab\u00eda sido destruido semanas antes por un avi\u00f3n sudafricano sin piloto, cargado de explosivos\u2014 fueron enterrados y rodeados de minas antipersonal y antitanques. Las tropas sudafricanas que avanzaban se toparon a poca distancia con una barrera infranqueable contra la cual se estrellaron. De esa forma con un m\u00ednimo de bajas y ventajosas condiciones, las fuerzas sudafricanas fueron contundentemente derrotadas en aquel territorio angolano.<\/span><\/span><br \/><span style=\"font-size: small\"><span style=\"font-family: Verdana,sans-serif\">Pero la lucha no hab\u00eda concluido, el imperialismo con la complicidad de Israel hab\u00eda convertido a Sud\u00e1frica en un pa\u00eds nuclear. A nuestro ej\u00e9rcito le tocaba por segunda vez el riesgo de convertirse en un blanco de tal arma. Pero ese punto, con todos los elementos de juicio pertinentes, est\u00e1 por elaborarse y tal vez se pueda escribir en los meses venideros.<\/span><\/span><br \/><span style=\"font-size: small\"><span style=\"font-family: Verdana,sans-serif\">\u00bfQu\u00e9 sucesos ocurrieron anoche que dieron lugar a este prolongado an\u00e1lisis? Dos hechos, a mi juicio, de especial trascendencia:<\/span><\/span><br \/><span style=\"font-size: small\"><span style=\"font-family: Verdana,sans-serif\">La partida de la primera <a href=\"http:\/\/www.cubadebate.cu\/etiqueta\/brigada-medica-cubana\/\">Brigada M\u00e9\u00addica Cubana<\/a> hacia \u00c1frica a luchar contra el \u00c9bola. El brutal asesinato en Caracas, Vene\u00adzuela, del joven diputado revolucionario Robert Serra. Ambos hechos reflejan el esp\u00edritu heroico y la capacidad de los procesos revolucionarios que tienen lugar en la Patria de Jos\u00e9 Mart\u00ed y en la cuna de la libertad de Am\u00e9rica, la Venezuela heroica de Sim\u00f3n Bol\u00edvar y Hugo Ch\u00e1vez.<\/span><\/span><br \/><span style=\"font-size: small\"><span style=\"font-family: Verdana,sans-serif\">\u00a1Cu\u00e1ntas asombrosas lecciones encierran estos acontecimientos! Apenas las palabras alcanzan para expresar el valor moral de tales hechos, ocurridos casi simult\u00e1neamente.<\/span><\/span><br \/><span style=\"font-size: small\"><span style=\"font-family: Verdana,sans-serif\">No podr\u00eda jam\u00e1s creer que el crimen del joven diputado venezolano sea obra de la casualidad. Ser\u00eda tan incre\u00ed\u00adble, y de tal modo ajustado a la pr\u00e1ctica de los peores organismos yankis de inteligencia, que la verdadera casualidad fuera que el repugn<br \/>\nante hecho no hubiera sido realizado intencionalmente, m\u00e1s a\u00fan cuando se ajusta absolutamente a lo previsto y anunciado por los enemigos de la Revoluci\u00f3n Venezolana.<\/span><\/span><br \/><span style=\"font-size: small\"><span style=\"font-family: Verdana,sans-serif\">De todas formas me parece absolutamente correcta la posici\u00f3n de las autoridades venezolanas de plantear la necesidad de investigar cuidadosamente el car\u00e1cter del crimen. El pueblo, sin embargo, expresa conmovido su profunda convicci\u00f3n sobre la naturaleza del brutal hecho de sangre.<\/span><\/span><br \/><span style=\"font-size: small\"><span style=\"font-family: Verdana,sans-serif\">El env\u00edo de la primera Brigada M\u00e9dica a Sierra Leona, se\u00f1alado como uno de los puntos de mayor presencia de la cruel epidemia de <a href=\"http:\/\/www.cubadebate.cu\/etiqueta\/ebola\/\">\u00c9bola<\/a>, es un ejemplo del cual un pa\u00eds puede enorgullecerse, pues no es posible alcanzar en este instante un sitial de mayor honor y gloria. Si nadie tuvo la menor duda de que los cientos de miles de combatientes que fueron a An\u00adgola y a otros pa\u00edses de \u00c1frica o Am\u00e9rica, prestaron a la humanidad un ejemplo que no podr\u00e1 borrarse nunca de la historia humana; menos dudar\u00eda que la acci\u00f3n heroica del ej\u00e9rcito de batas blancas ocupar\u00e1 un alt\u00edsimo lugar de honor en esa historia.<\/span><\/span><br \/><span style=\"font-size: small\"><span style=\"font-family: Verdana,sans-serif\">No ser\u00e1n los fabricantes de armas letales los que alcancen merecido honor. Ojal\u00e1 el ejemplo de los cubanos que marchan al \u00c1frica prenda tambi\u00e9n en la mente y el coraz\u00f3n de otros m\u00e9dicos en el mundo, especialmente de aquellos que poseen m\u00e1s recursos, practiquen una religi\u00f3n u otra, o la convicci\u00f3n m\u00e1s profunda del deber de la solidaridad humana.<\/span><\/span><br \/><span style=\"font-size: small\"><span style=\"font-family: Verdana,sans-serif\">Es dura la tarea de los que marchan al combate contra el \u00c9bola y por la supervivencia de otros seres humanos, aun al riesgo de su propia vida. No por ello debemos dejar de hacer lo imposible por garantizarle, a los que tales deberes cumplan, el m\u00e1ximo de seguridad en las ta\u00adreas que desempe\u00f1en y en las medidas a tomar para protegerlos a ellos y a nuestro propio pueblo, de esta u otras enfermedades y epidemias.<\/span><\/span><br \/><span style=\"font-size: small\"><span style=\"font-family: Verdana,sans-serif\">El personal que marcha al \u00c1frica nos est\u00e1 protegiendo tambi\u00e9n a los que aqu\u00ed quedamos, porque lo peor que puede ocurrir es que tal epidemia u otras peores se extiendan por nuestro continente, o en el seno del pueblo de cualquier pa\u00eds del mundo, donde un ni\u00f1o, una madre o un ser humano pueda morir. Hay suficientes m\u00e9dicos en el planeta para que nadie tenga que morir por falta de asistencia. Es lo que deseo expresar.<\/span><\/span><br \/><span style=\"font-size: small\"><span style=\"font-family: Verdana,sans-serif\">\u00a1Honor y gloria para nuestros valerosos combatientes por la salud y la vida!<\/span><\/span><br \/><span style=\"font-size: small\"><span style=\"font-family: Verdana,sans-serif\">\u00a1Honor y gloria para el joven revolucionario venezolano Robert Serra junto a la compa\u00f1era Mar\u00eda Herrera!<\/span><\/span><br \/><span style=\"font-size: small\"><span style=\"font-family: Verdana,sans-serif\">Estas ideas las escrib\u00ed el dos de octubre cuando supe ambas noticias, pero prefer\u00ed esperar un d\u00eda m\u00e1s para que la opini\u00f3n internacional se informara bien y pedirle a Granma que lo publicara el s\u00e1bado. <br \/><img decoding=\"async\" src=\"https:\/\/images-blogger-opensocial.googleusercontent.com\/gadgets\/proxy?url=http%3A%2F%2Fwww.cubadebate.cu%2Fwp-content%2Fuploads%2F2014%2F10%2F141002-Art%25C3%25ADculo-Los-h%25C3%25A9roes-de-nuetra-%25C3%25A9poca.jpg&amp;container=blogger&amp;gadget=a&amp;rewriteMime=image%2F*\" \/><br \/><b>Fidel Castro Ruz <\/b><br \/><i>Octubre 2 de 2014<br \/>8 y 47 p.m<\/i><\/span><\/span><\/p>\n","protected":false},"excerpt":{"rendered":"<p>LO QUE UNA PEQUE\u00d1A NACION LUCHANDO POR SI MISMA PUEDE HACER TAMBIEN POR LOS DEM\u00c1SLos h\u00e9roes de nuestra \u00e9pocaFidel Castro Ruz Mucho hay que decir de estos tiempos dif\u00edciles para la humanidad. Hoy, sin embargo, es un d\u00eda de especial inter\u00e9s para nosotros y quiz\u00e1 tambi\u00e9n para mu\u00adchas personas.A lo largo de nuestra breve historia [&hellip;]<\/p>\n","protected":false},"author":4,"featured_media":0,"comment_status":"open","ping_status":"open","sticky":false,"template":"","format":"standard","meta":{"_monsterinsights_skip_tracking":false,"_monsterinsights_sitenote_active":false,"_monsterinsights_sitenote_note":"","_monsterinsights_sitenote_category":0,"jnews-multi-image_gallery":[],"jnews_single_post":{"format":"standard"},"jnews_primary_category":[],"_joinchat":[],"footnotes":""},"categories":[60],"tags":[70],"class_list":["post-1086","post","type-post","status-publish","format-standard","hentry","category-mirada-riachuelo","tag-de-la-patria-grande"],"_links":{"self":[{"href":"http:\/\/fmriachuelo.it10.com.ar\/index.php\/wp-json\/wp\/v2\/posts\/1086","targetHints":{"allow":["GET"]}}],"collection":[{"href":"http:\/\/fmriachuelo.it10.com.ar\/index.php\/wp-json\/wp\/v2\/posts"}],"about":[{"href":"http:\/\/fmriachuelo.it10.com.ar\/index.php\/wp-json\/wp\/v2\/types\/post"}],"author":[{"embeddable":true,"href":"http:\/\/fmriachuelo.it10.com.ar\/index.php\/wp-json\/wp\/v2\/users\/4"}],"replies":[{"embeddable":true,"href":"http:\/\/fmriachuelo.it10.com.ar\/index.php\/wp-json\/wp\/v2\/comments?post=1086"}],"version-history":[{"count":1,"href":"http:\/\/fmriachuelo.it10.com.ar\/index.php\/wp-json\/wp\/v2\/posts\/1086\/revisions"}],"predecessor-version":[{"id":21781,"href":"http:\/\/fmriachuelo.it10.com.ar\/index.php\/wp-json\/wp\/v2\/posts\/1086\/revisions\/21781"}],"wp:attachment":[{"href":"http:\/\/fmriachuelo.it10.com.ar\/index.php\/wp-json\/wp\/v2\/media?parent=1086"}],"wp:term":[{"taxonomy":"category","embeddable":true,"href":"http:\/\/fmriachuelo.it10.com.ar\/index.php\/wp-json\/wp\/v2\/categories?post=1086"},{"taxonomy":"post_tag","embeddable":true,"href":"http:\/\/fmriachuelo.it10.com.ar\/index.php\/wp-json\/wp\/v2\/tags?post=1086"}],"curies":[{"name":"wp","href":"https:\/\/api.w.org\/{rel}","templated":true}]}}