{"id":1084,"date":"2014-10-06T01:29:00","date_gmt":"2014-10-06T01:29:00","guid":{"rendered":"http:\/\/fmriachuelo.observatorioess.org.ar\/index.php\/2014\/10\/06\/los-pueblos-de-america-eligen-sus-representantes\/"},"modified":"2025-02-26T15:13:12","modified_gmt":"2025-02-26T18:13:12","slug":"los-pueblos-de-america-eligen-sus-representantes","status":"publish","type":"post","link":"http:\/\/fmriachuelo.it10.com.ar\/index.php\/2014\/10\/06\/los-pueblos-de-america-eligen-sus-representantes\/","title":{"rendered":"LOS PUEBLOS DE AMERICA ELIGEN SUS REPRESENTANTES"},"content":{"rendered":"<p><span style=\"font-family: Verdana,sans-serif\"><b><span style=\"color: red;font-size: large\">ELECCIONES BRASIL 2014<\/span><\/b><\/span><br \/><span style=\"font-family: Verdana,sans-serif\"><span style=\"color: black\"><b>Los primeros datos<\/b><\/span><\/span><\/p>\n<div style=\"text-align: justify\"><span style=\"font-family: Verdana,sans-serif\">Con el <b>99,29%<\/b> de los votos escrutados, el Tribunal Superior Electoral (TSE) de Brasil confirm\u00f3 que <span style=\"color: red\">Dilma Rousseff<\/span> alcanz\u00f3 el <b>41,53%<\/b> de los votos y <span style=\"color: red\">A\u00e9cio Neves<\/span> el <b>33,63%<\/b>.&nbsp; <br \/>Dilma Rousseff y A\u00e9cio Neves se medir\u00e1n en&nbsp;el balotaje presidencial el pr\u00f3ximo <b>26 de octubre<\/b> para decidir quien ser\u00e1 el pr\u00f3ximo mandatario de Brasil.&nbsp; <br \/>Mientras tanto, <b>Marina Silva<\/b> qued\u00f3 fuera de la contienda con solo el <b>21,29%<\/b>&nbsp; de los votos.<\/span><\/div>\n<p><span style=\"font-family: Verdana,sans-serif\"><a href=\"http:\/\/3.bp.blogspot.com\/-TO71rSEvBak\/VDHzGUo4ohI\/AAAAAAAAA84\/E9BxLwFCfiM\/s1600\/dilma.jpg\" style=\"clear: left;float: left;margin-bottom: 1em;margin-right: 1em\"><img loading=\"lazy\" decoding=\"async\" border=\"0\" src=\"http:\/\/3.bp.blogspot.com\/-TO71rSEvBak\/VDHzGUo4ohI\/AAAAAAAAA84\/E9BxLwFCfiM\/s1600\/dilma.jpg\" height=\"237\" width=\"320\" \/><\/a>Hasta ahora la participaci\u00f3n se cuenta en un 80,60 por ciento.<br \/>Los resultados fueron muy semejantes a los que <a href=\"http:\/\/www.telesurtv.net\/news\/Boca-de-urna-dan-44-a-Dilma-Rousseff-en-Brasil-20141005-0111.html\"><span style=\"color: black\">se\u00f1alaron los de Boca de urna<\/span>.<\/a><\/span><\/p>\n<div style=\"text-align: justify\"><span style=\"font-family: Verdana,sans-serif\">La candidata del Partido Socialista de Brasil (PSB), <b>Marina Silva<\/b>, reconoci\u00f3 este domingo su derrota en la primera vuelta electoral&nbsp; &nbsp;en la que no alcanz\u00f3 los votos suficientes para pasar a segunda vuelta.<br \/>Mas de <b>20 millones<\/b> de votantes utilizaron el sistema de identificaci\u00f3n biom\u00e9trica, lo que representa cerca del 15 por ciento del electorado.<br \/>Un gran operativo electoral fue desplegado por los 26 estados y el Distrito Federal mediante el sistema electr\u00f3nico que permite evitar las fallas humanas y que precisa los resultados con rapidez.<br \/>El Tribunal Superior Electoral (TSE) de Brasil, inform\u00f3 que un total de 248 personas, entre ellas 22 candidatos, fueron detenidas por irregularidades en las elecciones generales de este domingo.<br \/>Sin embargo, el \u00f3rgano electoral elogi\u00f3 la <u>tranquilidad de los comicios<\/u>. El principal delito fue el de propaganda electoral: ocho candidatos y otros 152 brasile\u00f1os fueron detenidos por pedir el voto a los electores. Otros tres candidatos y 11 electores fueron detenidos por comprar votos.<\/span><\/div>\n<div style=\"text-align: justify\"><span style=\"font-family: Verdana,sans-serif\"><span style=\"color: #3d85c6\"><span style=\"font-size: x-small\"><b>FUENTE: TELESUR<\/b><\/span><\/span><\/span><\/div>\n","protected":false},"excerpt":{"rendered":"<p>ELECCIONES BRASIL 2014Los primeros datos Con el 99,29% de los votos escrutados, el Tribunal Superior Electoral (TSE) de Brasil confirm\u00f3 que Dilma Rousseff alcanz\u00f3 el 41,53% de los votos y A\u00e9cio Neves el 33,63%.&nbsp; Dilma Rousseff y A\u00e9cio Neves se medir\u00e1n en&nbsp;el balotaje presidencial el pr\u00f3ximo 26 de octubre para decidir quien ser\u00e1 el pr\u00f3ximo [&hellip;]<\/p>\n","protected":false},"author":4,"featured_media":0,"comment_status":"open","ping_status":"open","sticky":false,"template":"","format":"standard","meta":{"_monsterinsights_skip_tracking":false,"_monsterinsights_sitenote_active":false,"_monsterinsights_sitenote_note":"","_monsterinsights_sitenote_category":0,"jnews-multi-image_gallery":[],"jnews_single_post":{"format":"standard"},"jnews_primary_category":[],"_joinchat":[],"footnotes":""},"categories":[58],"tags":[70],"class_list":["post-1084","post","type-post","status-publish","format-standard","hentry","category-noticiariachuelo","tag-de-la-patria-grande"],"_links":{"self":[{"href":"http:\/\/fmriachuelo.it10.com.ar\/index.php\/wp-json\/wp\/v2\/posts\/1084","targetHints":{"allow":["GET"]}}],"collection":[{"href":"http:\/\/fmriachuelo.it10.com.ar\/index.php\/wp-json\/wp\/v2\/posts"}],"about":[{"href":"http:\/\/fmriachuelo.it10.com.ar\/index.php\/wp-json\/wp\/v2\/types\/post"}],"author":[{"embeddable":true,"href":"http:\/\/fmriachuelo.it10.com.ar\/index.php\/wp-json\/wp\/v2\/users\/4"}],"replies":[{"embeddable":true,"href":"http:\/\/fmriachuelo.it10.com.ar\/index.php\/wp-json\/wp\/v2\/comments?post=1084"}],"version-history":[{"count":1,"href":"http:\/\/fmriachuelo.it10.com.ar\/index.php\/wp-json\/wp\/v2\/posts\/1084\/revisions"}],"predecessor-version":[{"id":21783,"href":"http:\/\/fmriachuelo.it10.com.ar\/index.php\/wp-json\/wp\/v2\/posts\/1084\/revisions\/21783"}],"wp:attachment":[{"href":"http:\/\/fmriachuelo.it10.com.ar\/index.php\/wp-json\/wp\/v2\/media?parent=1084"}],"wp:term":[{"taxonomy":"category","embeddable":true,"href":"http:\/\/fmriachuelo.it10.com.ar\/index.php\/wp-json\/wp\/v2\/categories?post=1084"},{"taxonomy":"post_tag","embeddable":true,"href":"http:\/\/fmriachuelo.it10.com.ar\/index.php\/wp-json\/wp\/v2\/tags?post=1084"}],"curies":[{"name":"wp","href":"https:\/\/api.w.org\/{rel}","templated":true}]}}