{"id":1083,"date":"2014-10-06T02:34:00","date_gmt":"2014-10-06T02:34:00","guid":{"rendered":"http:\/\/fmriachuelo.observatorioess.org.ar\/index.php\/2014\/10\/06\/desde-siempre-en-campana\/"},"modified":"2024-12-06T15:04:01","modified_gmt":"2024-12-06T18:04:01","slug":"desde-siempre-en-campana","status":"publish","type":"post","link":"http:\/\/fmriachuelo.it10.com.ar\/index.php\/2014\/10\/06\/desde-siempre-en-campana\/","title":{"rendered":"DESDE SIEMPRE EN CAMPA\u00d1A"},"content":{"rendered":"<p><span style=\"font-size: small\"><span style=\"font-family: Verdana,sans-serif\"><span style=\"font-size: large\"><span style=\"color: red\"><b>EL MARKETING DE MACRI<\/b><\/span><\/span><br \/> <b>Mails personalizados, charlas telef\u00f3nicas y visitas a casas especialmente seleccionadas son parte del plan para llevar al jefe de Gobierno porte\u00f1o a la presidencia en 2015.Macri est\u00e1 determinado a ser presidente en 2015.&nbsp;<\/b><\/span><\/span><br \/><span style=\"font-size: small\"><span style=\"font-family: Verdana,sans-serif\">Su fuerza pol\u00edtica empez\u00f3 antes que ninguna a instalar mesas en el conurbano para empujar su candidatura en las encuestas. A las mesas con globos de colores se sum\u00f3 una serie de estrategias coordinadas por el secretario general Marcos Pe\u00f1a \u2013el art\u00edfice del relato macrista\u2013 y el consultor pol\u00edtico ecuatoriano Jaime Duran Barba.<\/span><\/span><br \/><a name='more'><\/a><span style=\"font-size: small\"><span style=\"font-family: Verdana,sans-serif\">Hace meses que el jefe de Gobierno llama por tel\u00e9fono o incluso va a visitar a sus casas a personas que fueron preseleccionadas por su equipo. \u201cLe buscamos perfiles sociales: alguien que maneje un comedor en un barrio o que sean docentes rurales. La idea es que hable con la gente del pueblo, no formadores de opini\u00f3n. A Mauricio le sirve el feedback\u201d, comentan en el PRO. Siempre se trata de visitas \u201cseguras\u201d: gente que quiere verlo y que ya manifest\u00f3 su adhesi\u00f3n a la candidatura a presidente.<br \/>El comit\u00e9 de campa\u00f1a de Macri llen\u00f3 diversas casillas con un correo que proviene de \u201cMauricio Macri \u201d. El asunto tiene un texto que contin\u00faa dentro del correo, como para enganchar al lector: \u201cNada va a mejorar jam\u00e1s&#8230; a menos que alguien como vos se interese de verdad\u201d. De entrada, tutea a su interlocutor y busca complicidad: \u201cLa frase es de la pel\u00edcula El Lorax, \u00bfla viste? Es impactante porque es totalmente cierta. \u00bfC\u00f3mo va a cambiar algo si las personas como vos no se involucran?\u201d, le pregunta Macri a su interlocutor, antes de invitarlo a \u201csumarse\u201d, un t\u00e9rmino que puede implicar \u201cdesde mandar emails a tus amigos o compartir un post en Facebook, hasta charlar con los vecinos y participar de encuentros\u201d.<br \/>Seg\u00fan la respuesta que reciban, hay un segundo correo en el que Macri lo invita a donar 50 pesos a su campa\u00f1a (en la p\u00e1gina del PRO hay opciones de donaci\u00f3n de 50 a 3000 pesos). \u201cDe algo estoy muy seguro, juntos somos imparables\u201d, dice la posdata del mail. Hay un equipo en la sede del PRO en Balcarce y Belgrano \u2013donde se instal\u00f3 el comando de campa\u00f1a macrista\u2013 que contesta permanentemente mails y mensajes de Facebook.<br \/>Los textos en las redes sociales, en los mails, en la p\u00e1gina web central del PRO tienen una misma caracter\u00edstica: son cortos, tienen un gancho propio del marketing empresarial (\u201csomos el mejor equipo\u201d), apuntan a un lector que \u201cpicotea\u201d en Internet. Adem\u00e1s de la p\u00e1gina, el PRO tiene mensajes unificados en Facebook, Twitter, un canal de YouTube (Comunidad PRO, donde el primer video lo muestra a Macri recorriendo el pa\u00eds y a todos sus candidatos) y p\u00e1ginas personales de Macri en \u00e9sas y otras redes.<br \/>Uno de los textos de Macri en la red Medium se titula \u201cLa pol\u00edtica y la felicidad\u201d. \u201cMuchas veces, cuando uno empieza a hacerse preguntas sobre pol\u00edtica, termina haci\u00e9ndose preguntas sobre la vida \u2013filosofa Macri\u2013. Los l\u00edmites entre ambas se borronean bastante r\u00e1pido. \u00bfQu\u00e9 le pedimos a la pol\u00edtica? \u00bfQu\u00e9 le pedimos a la vida? Si a la vida le pedimos que nos permita ser felices, \u00bfpodemos pedirle a la pol\u00edtica que nos haga felices? Nuestra respuesta es: depende.\u201d<\/span><\/span><br \/><span style=\"font-size: small\"><span style=\"font-family: Verdana,sans-serif\"><br \/><span style=\"font-size: large\"><span style=\"color: red\"><b> QUE NO TE SORPRENDA <\/b><\/span><\/span><br \/><span style=\"color: #3d85c6\"><span style=\"font-size: x-small\"><b>FUENTE: P\u00c1GINA 12<\/b><\/span><\/span><\/span><\/span><\/p>\n","protected":false},"excerpt":{"rendered":"<p>EL MARKETING DE MACRI Mails personalizados, charlas telef\u00f3nicas y visitas a casas especialmente seleccionadas son parte del plan para llevar al jefe de Gobierno porte\u00f1o a la presidencia en 2015.Macri est\u00e1 determinado a ser presidente en 2015.&nbsp;Su fuerza pol\u00edtica empez\u00f3 antes que ninguna a instalar mesas en el conurbano para empujar su candidatura en las [&hellip;]<\/p>\n","protected":false},"author":4,"featured_media":0,"comment_status":"open","ping_status":"open","sticky":false,"template":"","format":"standard","meta":{"_monsterinsights_skip_tracking":false,"_monsterinsights_sitenote_active":false,"_monsterinsights_sitenote_note":"","_monsterinsights_sitenote_category":0,"jnews-multi-image_gallery":[],"jnews_single_post":{"format":"standard"},"jnews_primary_category":[],"_joinchat":[],"footnotes":""},"categories":[60],"tags":[81],"class_list":["post-1083","post","type-post","status-publish","format-standard","hentry","category-mirada-riachuelo","tag-aguafuertes-portenas"],"_links":{"self":[{"href":"http:\/\/fmriachuelo.it10.com.ar\/index.php\/wp-json\/wp\/v2\/posts\/1083","targetHints":{"allow":["GET"]}}],"collection":[{"href":"http:\/\/fmriachuelo.it10.com.ar\/index.php\/wp-json\/wp\/v2\/posts"}],"about":[{"href":"http:\/\/fmriachuelo.it10.com.ar\/index.php\/wp-json\/wp\/v2\/types\/post"}],"author":[{"embeddable":true,"href":"http:\/\/fmriachuelo.it10.com.ar\/index.php\/wp-json\/wp\/v2\/users\/4"}],"replies":[{"embeddable":true,"href":"http:\/\/fmriachuelo.it10.com.ar\/index.php\/wp-json\/wp\/v2\/comments?post=1083"}],"version-history":[{"count":1,"href":"http:\/\/fmriachuelo.it10.com.ar\/index.php\/wp-json\/wp\/v2\/posts\/1083\/revisions"}],"predecessor-version":[{"id":21784,"href":"http:\/\/fmriachuelo.it10.com.ar\/index.php\/wp-json\/wp\/v2\/posts\/1083\/revisions\/21784"}],"wp:attachment":[{"href":"http:\/\/fmriachuelo.it10.com.ar\/index.php\/wp-json\/wp\/v2\/media?parent=1083"}],"wp:term":[{"taxonomy":"category","embeddable":true,"href":"http:\/\/fmriachuelo.it10.com.ar\/index.php\/wp-json\/wp\/v2\/categories?post=1083"},{"taxonomy":"post_tag","embeddable":true,"href":"http:\/\/fmriachuelo.it10.com.ar\/index.php\/wp-json\/wp\/v2\/tags?post=1083"}],"curies":[{"name":"wp","href":"https:\/\/api.w.org\/{rel}","templated":true}]}}