{"id":1082,"date":"2014-10-06T13:47:00","date_gmt":"2014-10-06T13:47:00","guid":{"rendered":"http:\/\/fmriachuelo.observatorioess.org.ar\/index.php\/2014\/10\/06\/dia-mundial-del-habitat\/"},"modified":"2025-02-26T15:29:02","modified_gmt":"2025-02-26T18:29:02","slug":"dia-mundial-del-habitat","status":"publish","type":"post","link":"http:\/\/fmriachuelo.it10.com.ar\/index.php\/2014\/10\/06\/dia-mundial-del-habitat\/","title":{"rendered":"D\u00cdA MUNDIAL DEL H\u00c1BITAT"},"content":{"rendered":"<div style=\"text-align: left\"><span style=\"font-size: large\"><span style=\"font-family: Verdana,sans-serif\"><b><span lang=\"ES-TRAD\" style=\"color: red\">LUCHAR Y FESTEJAR<\/span><\/b><\/span><\/span><\/div>\n<p><span style=\"font-size: small\"><span style=\"font-family: Verdana,sans-serif\"><b>TOMA EN GLEW CON GUISO, DEBATE Y FIESTA POPULAR<\/b><\/span><\/span><\/p>\n<div style=\"text-align: left\">\n<div style=\"clear: both;text-align: center\"><a href=\"http:\/\/3.bp.blogspot.com\/-katjbusgknQ\/VDK0pHA5EXI\/AAAAAAAAA9I\/7vf5oNRhAf0\/s1600\/IMG-20140930-WA0002.jpg\" style=\"clear: left;float: left;margin-bottom: 1em;margin-right: 1em\"><img loading=\"lazy\" decoding=\"async\" border=\"0\" src=\"http:\/\/3.bp.blogspot.com\/-katjbusgknQ\/VDK0pHA5EXI\/AAAAAAAAA9I\/7vf5oNRhAf0\/s1600\/IMG-20140930-WA0002.jpg\" height=\"400\" width=\"300\" \/><\/a><\/div>\n<p><span style=\"font-size: small\"><span style=\"font-family: Verdana,sans-serif\"><b><span lang=\"ES-TRAD\">[FMR Lunes 06\/10\/14] Desde las organizaciones populares es un d\u00eda que cobra un dimensi\u00f3n particular. Gran parte de este sector padece el desalojo y expulsi\u00f3n producto del capitalismo que as\u00ed como concentra la econom\u00eda y el poder construye edificios suntuosos y viviendas destinadas a la especulaci\u00f3n y al lavado de dinero. En Latinoam\u00e9rica, que sigue siendo la regi\u00f3n m\u00e1s desigual del planeta, hablar de vivienda y h\u00e1bitat popular es mostrar la radiograf\u00eda que expresa del modo m\u00e1s cruel de esas desigualdades.<\/span><\/b><\/span><\/span><\/div>\n<div style=\"text-align: left\"><span style=\"font-size: small\"><span style=\"font-family: Verdana,sans-serif\">A partir de la concentraci\u00f3n urbana y la importancia del h\u00e1bitat, la Asamblea General de la ONU en 1985, eligi\u00f3 <b>el primer lunes de octubre para celebrar el D\u00eda Mundial del H\u00e1bitat.<\/b> Universaliza as\u00ed el derecho a una vivienda digna, a los servicios b\u00e1sicos, a la educaci\u00f3n, a la justicia, a la seguridad y sobre todo, a la posibilidad de vivir en armon\u00eda con el entorno.<\/span><\/span><\/div>\n<div style=\"text-align: left\"><span style=\"font-size: small\"><span style=\"font-family: Verdana,sans-serif\"><span lang=\"ES-TRAD\">Desde la <b>Secretar\u00eda de Vivienda y H\u00e1bitat Popular de la Confederaci\u00f3n de Trabajadores de la Econom\u00eda Popular (CTEP)<\/b>, siguiendo la senda inaugurada hace m\u00e1s de 40 a\u00f1os por la <b>Federaci\u00f3n Uruguaya de Cooperativas de Vivienda por Ayuda Mutua (FUCVAM) <\/b>y participando plenamente de la <b>Secretar\u00eda Latinoamericana de Vivienda Popular (SeLVIP)<\/b> un nutrido grupo de organizaciones populares el pr\u00f3ximo lunes a partir del mediod\u00eda conmemorar\u00e1n esta fecha acompa\u00f1ando y participando activamente de la toma que vienen llevando a cabo un grupo de familias en el <b>BARRIO PUEBLO UNIDO<\/b>, lindero con el Barrio Almafuerte, en Glew, partido de Almirante Brown, municipio gobernado por Giustozzi.<\/span><\/span><\/span><\/div>\n<div style=\"text-align: left\"><span style=\"font-size: small\"><span style=\"font-family: Verdana,sans-serif\"><span lang=\"ES-TRAD\"><span style=\"color: red\"><b>ROMP\u00c9 EL CERCO (Lunes a Viernes de 17 a 19 hs.)<\/b><\/span>entrevist\u00f3 a <b>LITO BORELLO Secretario de Vivienda y H\u00e1bitat Popular de la Confederaci\u00f3n de Trabajadores de la Econom\u00eda Popular (CTEP) <\/b>en el estudio de <span style=\"color: red\"><b>FM Riachuelo.<\/b><\/span><\/span><\/span><\/span><\/p>\n<p><\/div>\n","protected":false},"excerpt":{"rendered":"<p>LUCHAR Y FESTEJAR TOMA EN GLEW CON GUISO, DEBATE Y FIESTA POPULAR [FMR Lunes 06\/10\/14] Desde las organizaciones populares es un d\u00eda que cobra un dimensi\u00f3n particular. Gran parte de este sector padece el desalojo y expulsi\u00f3n producto del capitalismo que as\u00ed como concentra la econom\u00eda y el poder construye edificios suntuosos y viviendas destinadas [&hellip;]<\/p>\n","protected":false},"author":4,"featured_media":0,"comment_status":"open","ping_status":"open","sticky":false,"template":"","format":"standard","meta":{"_monsterinsights_skip_tracking":false,"_monsterinsights_sitenote_active":false,"_monsterinsights_sitenote_note":"","_monsterinsights_sitenote_category":0,"jnews-multi-image_gallery":[],"jnews_single_post":{"format":"standard"},"jnews_primary_category":[],"_joinchat":[],"footnotes":""},"categories":[58],"tags":[147],"class_list":["post-1082","post","type-post","status-publish","format-standard","hentry","category-noticiariachuelo","tag-habitat"],"_links":{"self":[{"href":"http:\/\/fmriachuelo.it10.com.ar\/index.php\/wp-json\/wp\/v2\/posts\/1082","targetHints":{"allow":["GET"]}}],"collection":[{"href":"http:\/\/fmriachuelo.it10.com.ar\/index.php\/wp-json\/wp\/v2\/posts"}],"about":[{"href":"http:\/\/fmriachuelo.it10.com.ar\/index.php\/wp-json\/wp\/v2\/types\/post"}],"author":[{"embeddable":true,"href":"http:\/\/fmriachuelo.it10.com.ar\/index.php\/wp-json\/wp\/v2\/users\/4"}],"replies":[{"embeddable":true,"href":"http:\/\/fmriachuelo.it10.com.ar\/index.php\/wp-json\/wp\/v2\/comments?post=1082"}],"version-history":[{"count":1,"href":"http:\/\/fmriachuelo.it10.com.ar\/index.php\/wp-json\/wp\/v2\/posts\/1082\/revisions"}],"predecessor-version":[{"id":21785,"href":"http:\/\/fmriachuelo.it10.com.ar\/index.php\/wp-json\/wp\/v2\/posts\/1082\/revisions\/21785"}],"wp:attachment":[{"href":"http:\/\/fmriachuelo.it10.com.ar\/index.php\/wp-json\/wp\/v2\/media?parent=1082"}],"wp:term":[{"taxonomy":"category","embeddable":true,"href":"http:\/\/fmriachuelo.it10.com.ar\/index.php\/wp-json\/wp\/v2\/categories?post=1082"},{"taxonomy":"post_tag","embeddable":true,"href":"http:\/\/fmriachuelo.it10.com.ar\/index.php\/wp-json\/wp\/v2\/tags?post=1082"}],"curies":[{"name":"wp","href":"https:\/\/api.w.org\/{rel}","templated":true}]}}