{"id":1080,"date":"2014-10-07T02:00:00","date_gmt":"2014-10-07T02:00:00","guid":{"rendered":"http:\/\/fmriachuelo.observatorioess.org.ar\/index.php\/2014\/10\/07\/una-masacre-inexplicable-aun\/"},"modified":"2025-03-06T13:25:27","modified_gmt":"2025-03-06T16:25:27","slug":"una-masacre-inexplicable-aun","status":"publish","type":"post","link":"http:\/\/fmriachuelo.it10.com.ar\/index.php\/2014\/10\/07\/una-masacre-inexplicable-aun\/","title":{"rendered":"UNA MASACRE INEXPLICABLE AUN"},"content":{"rendered":"<div><span style=\"color: red\"><b><span style=\"font-size: large\"><span style=\"font-family: Verdana,sans-serif\">AUMENTA LA TENS<span style=\"font-size: large\">I<\/span>\u00d3N EN M\u00c9XICO POR EL HALLAZGO DE LOS CUERPOS QUE NO HAN SIDO IDENTIFICADOS<\/span><\/span><\/b><\/span><\/div>\n<p><span style=\"font-size: small\"><span style=\"font-family: Verdana,sans-serif\"><b>Contin\u00faa este lunes la b\u00fasqueda de los 43 estudiantes desaparecidos en el estado mexicano de Guerrero (suroeste) tras una represi\u00f3n policial en el municipio de Iguala, mientras tanto se incrementa la presi\u00f3n social exigiendo respuestas.<\/b><\/span><\/span><br \/><span style=\"font-size: small\"><span style=\"font-family: Verdana,sans-serif\">En la investigaci\u00f3n participan la Procuradur\u00eda General de la Rep\u00fablica, la fiscal\u00eda del estado, el Ej\u00e9rcito y la Armada, as\u00ed como la Comisi\u00f3n Nacional de Derechos Humanos (CDNH).<\/span><\/span><br \/><a name='more'><\/a><br \/><span style=\"font-size: small\"><span style=\"font-family: Verdana,sans-serif\">Por su parte, el fiscal general del estado de Guerrero, I\u00f1aki Blanco Cabrera, dijo este domingo que un funcionario p\u00fablico de Iguala orden\u00f3 detener en esa ciudad a los estudiantes normalistas y que un sujeto del grupo delictivo Guerreros Unidos dispuso el asesinato de los j\u00f3venes.<br \/>En una conferencia de prensa, Blanco subray\u00f3, sin embargo, que a\u00fan no est\u00e1 comprobado que los 28 cad\u00e1veres hallados en fosas clandestinas cerca de Iguala sean del grupo de 43 normalistas reportados como desaparecidos desde hace una semana.<br \/>Indic\u00f3 que, seg\u00fan las averiguaciones de la Fiscal\u00eda, qued\u00f3 esclarecido que fue el director de Seguridad P\u00fablica de Iguala, Francisco Salgado Valladares, quien orden\u00f3 detener a los estudiantes normalistas de Ayotzinapa, que se encontraban en aquella ciudad el pasado 26 se septiembre.<br \/>La CNDH inform\u00f3 que envi\u00f3 visitadores adjuntos al lugar donde fueron encontradasfosas con cuerpos calcinados hasta ahora no identificados.<\/span><\/span><\/p>\n<div><span style=\"font-size: small\"><span style=\"font-family: Verdana,sans-serif\">El servicio forense del estado indic\u00f3 que la identificaci\u00f3n de los restos puede demorar no menos de 15 d\u00edas.<br \/>Desde el 27 de septiembre la CNDH inici\u00f3 una investigaci\u00f3n de oficio e integr\u00f3 un grupo de trabajo conformado por abogados, m\u00e9dicos, psic\u00f3logos, y criminalistas que han realizado m\u00e1s de dos centenares de diligencias.<\/span><\/span><\/div>\n<div><span style=\"font-size: small\"><span style=\"font-family: Verdana,sans-serif\"><span style=\"font-size: x-small\"><span style=\"color: #3d85c6\"><b>FUENTE: TELESUR<\/b><\/span><\/span><\/span><\/span><\/div>\n","protected":false},"excerpt":{"rendered":"<p>AUMENTA LA TENSI\u00d3N EN M\u00c9XICO POR EL HALLAZGO DE LOS CUERPOS QUE NO HAN SIDO IDENTIFICADOS Contin\u00faa este lunes la b\u00fasqueda de los 43 estudiantes desaparecidos en el estado mexicano de Guerrero (suroeste) tras una represi\u00f3n policial en el municipio de Iguala, mientras tanto se incrementa la presi\u00f3n social exigiendo respuestas.En la investigaci\u00f3n participan la [&hellip;]<\/p>\n","protected":false},"author":4,"featured_media":0,"comment_status":"open","ping_status":"open","sticky":false,"template":"","format":"standard","meta":{"_monsterinsights_skip_tracking":false,"_monsterinsights_sitenote_active":false,"_monsterinsights_sitenote_note":"","_monsterinsights_sitenote_category":0,"jnews-multi-image_gallery":[],"jnews_single_post":{"format":"standard"},"jnews_primary_category":[],"_joinchat":[],"footnotes":""},"categories":[58],"tags":[70],"class_list":["post-1080","post","type-post","status-publish","format-standard","hentry","category-noticiariachuelo","tag-de-la-patria-grande"],"_links":{"self":[{"href":"http:\/\/fmriachuelo.it10.com.ar\/index.php\/wp-json\/wp\/v2\/posts\/1080","targetHints":{"allow":["GET"]}}],"collection":[{"href":"http:\/\/fmriachuelo.it10.com.ar\/index.php\/wp-json\/wp\/v2\/posts"}],"about":[{"href":"http:\/\/fmriachuelo.it10.com.ar\/index.php\/wp-json\/wp\/v2\/types\/post"}],"author":[{"embeddable":true,"href":"http:\/\/fmriachuelo.it10.com.ar\/index.php\/wp-json\/wp\/v2\/users\/4"}],"replies":[{"embeddable":true,"href":"http:\/\/fmriachuelo.it10.com.ar\/index.php\/wp-json\/wp\/v2\/comments?post=1080"}],"version-history":[{"count":1,"href":"http:\/\/fmriachuelo.it10.com.ar\/index.php\/wp-json\/wp\/v2\/posts\/1080\/revisions"}],"predecessor-version":[{"id":21787,"href":"http:\/\/fmriachuelo.it10.com.ar\/index.php\/wp-json\/wp\/v2\/posts\/1080\/revisions\/21787"}],"wp:attachment":[{"href":"http:\/\/fmriachuelo.it10.com.ar\/index.php\/wp-json\/wp\/v2\/media?parent=1080"}],"wp:term":[{"taxonomy":"category","embeddable":true,"href":"http:\/\/fmriachuelo.it10.com.ar\/index.php\/wp-json\/wp\/v2\/categories?post=1080"},{"taxonomy":"post_tag","embeddable":true,"href":"http:\/\/fmriachuelo.it10.com.ar\/index.php\/wp-json\/wp\/v2\/tags?post=1080"}],"curies":[{"name":"wp","href":"https:\/\/api.w.org\/{rel}","templated":true}]}}