{"id":1074,"date":"2014-10-07T20:03:00","date_gmt":"2014-10-07T20:03:00","guid":{"rendered":"http:\/\/fmriachuelo.observatorioess.org.ar\/index.php\/2014\/10\/07\/reproducimos-la-declaracion-de-la-federacion-uruguaya-de-construccion-de-vivienda-por-ayuda-mutua-fucvam-recibida-ayer-6-de-octubre-de-2014\/"},"modified":"2025-03-06T13:30:13","modified_gmt":"2025-03-06T16:30:13","slug":"reproducimos-la-declaracion-de-la-federacion-uruguaya-de-construccion-de-vivienda-por-ayuda-mutua-fucvam-recibida-ayer-6-de-octubre-de-2014","status":"publish","type":"post","link":"http:\/\/fmriachuelo.it10.com.ar\/index.php\/2014\/10\/07\/reproducimos-la-declaracion-de-la-federacion-uruguaya-de-construccion-de-vivienda-por-ayuda-mutua-fucvam-recibida-ayer-6-de-octubre-de-2014\/","title":{"rendered":"REPRODUCIMOS LA DECLARACI\u00d3N DE LA FEDERACI\u00d3N URUGUAYA DE CONSTRUCCI\u00d3N DE VIVIENDA POR AYUDA MUTUA (FUCVAM) RECIBIDA AYER, 6 DE OCTUBRE DE 2014"},"content":{"rendered":"<p><\/p>\n<div align=\"center\" style=\"line-height: normal;margin-bottom: 0.0001pt;text-align: center\"><span style=\"font-family: Verdana,sans-serif\"><span style=\"color: red\"><span style=\"font-size: large\"><b>EN EL D\u00cdA MUNDIAL DE LOS SIN TECHOS<\/b><\/span><\/span><\/span><\/div>\n<div style=\"clear: both;text-align: center\"><a href=\"http:\/\/2.bp.blogspot.com\/-HKd_G2G2R3s\/VDRGcOcIEHI\/AAAAAAAAA90\/LnH2vFI_Erk\/s1600\/Untitled1.jpg\" style=\"margin-left: 1em;margin-right: 1em\"><img loading=\"lazy\" decoding=\"async\" border=\"0\" src=\"http:\/\/2.bp.blogspot.com\/-HKd_G2G2R3s\/VDRGcOcIEHI\/AAAAAAAAA90\/LnH2vFI_Erk\/s1600\/Untitled1.jpg\" height=\"87\" width=\"400\" \/><\/a><\/div>\n<div align=\"center\" style=\"line-height: normal;margin-bottom: 0.0001pt;text-align: center\"><\/div>\n<div style=\"line-height: normal;margin-bottom: 0.0001pt;text-align: justify\"><span style=\"font-family: Verdana,sans-serif\"><span style=\"font-size: small\"><span lang=\"ES-TRAD\">Hoy lunes, 6 de octubre, se conmemora<a href=\"https:\/\/www.blogger.com\/blogger.g?blogID=3054758427110444737\" name=\"_GoBack\"><\/a> con reflexi\u00f3n y lucha,<span style=\"font-size: small\"> <\/span>el d\u00eda mundial de los sin techos o d\u00eda mundial del h\u00e1bitat. Vivimos en una Am\u00e9rica Latina que ha avanzado pero que a\u00fan sigue siendo el continente m\u00e1s desigual.<\/span><\/span><\/span><\/div>\n<div style=\"line-height: normal;margin-bottom: 0.0001pt;text-align: justify\"><span style=\"font-family: Verdana,sans-serif\"><span style=\"font-size: small\"><span lang=\"ES-TRAD\">Sepan los compa\u00f1eros que all\u00ed donde los pobladores luchan, muchas veces en condiciones muy embromadas y a riesgo de la vida, est\u00e1 nuestra presencia. Es por ello que hacemos ingentes esfuerzos para estar donde nos requieren; prueba de ello es la expansi\u00f3n del modelo FUCVAM por Centroam\u00e9rica, el sur y otros confines del mundo; que ser\u00e1 ancho pero no ajeno.<\/span><\/span><\/span><\/div>\n<div style=\"line-height: normal;margin-bottom: 0.0001pt\"><span style=\"font-family: Verdana,sans-serif\"><span style=\"font-size: small\"><span lang=\"ES-TRAD\">FUCVAM, en un a\u00f1o de elecciones en Uruguay donde hay mucho en juego para el movimiento popular, saluda a todas las organizaciones que pugnan &#8211; cotidianamente- por un mundo sin explotados ni explotadores m\u00e1s habitable y menos violento. <\/span><\/span><\/span><\/div>\n<div style=\"line-height: normal;margin-bottom: 0.0001pt\"><span style=\"font-family: Verdana,sans-serif\"><span style=\"font-size: small\"><span lang=\"ES-TRAD\">Cuestiones de agenda, han trasladado nuestro acto nacional conmemorativo de esta emblem\u00e1tica fecha para el pr\u00f3ximo 22 de octubre; en pleno centro de la capital de pa\u00eds. <\/span><\/span><\/span><\/div>\n<div style=\"line-height: normal;margin-bottom: 0.0001pt;text-align: justify\"><span style=\"font-family: Verdana,sans-serif\"><span style=\"font-size: small\"><span lang=\"ES-TRAD\">Reconociendo nuestros avances &nbsp;que se traducen, entre otras cosas, en 80 obras en todo el pa\u00eds con proyecci\u00f3n hacia la centena y en la regularizaci\u00f3n de los repagos al Estado,&nbsp; nuestra agenda levanta la concreci\u00f3n de una pol\u00edtica de vivienda de Estado, profundizar el acceso al suelo con servicios e infraestructura y garantizar la permanencia de las familias mediante una ley de subsidio que supere al actual acto administrativo que cre\u00f3 tal mecanismo; largamente reclamado por FUCVAM.<\/span><\/span><\/span><\/div>\n<div style=\"line-height: normal;margin-bottom: 0.0001pt;text-align: justify\"><span style=\"font-family: Verdana,sans-serif\"><span style=\"font-size: small\"><span lang=\"ES-TRAD\">Recientemente nuestra Asamblea Nacional redonde\u00f3 la aprobaci\u00f3n de nuestra Escuela Nacional de Formaci\u00f3n que recoge una rica tradici\u00f3n y ser\u00e1, tambi\u00e9n, patrimonio de nuestras organizaciones hermanas. Esta concreci\u00f3n&nbsp; nos permitir\u00e1 m\u00e1s intercambio, m\u00e1s cohesi\u00f3n y fortalecimiento ideol\u00f3gico. <\/span><\/span><\/span><\/div>\n<div style=\"line-height: normal;margin-bottom: 0.0001pt;text-align: justify\"><span style=\"font-family: Verdana,sans-serif\"><span style=\"font-size: small\"><span lang=\"ES-TRAD\">En esta fecha emblem\u00e1tica de reafirmaci\u00f3n de la lucha, vaya nuestro comprometido abrazo y la apuesta a redoblar la<span style=\"font-size: small\"> <\/span>lucha desde nuestra independencia pol\u00edtica. <\/span><\/span><\/span><\/div>\n<div style=\"line-height: normal;margin-bottom: 0.0001pt;text-align: justify\"><span style=\"color: red\"><b><span style=\"font-family: Verdana,sans-serif\"><span style=\"font-size: small\"><span lang=\"ES-TRAD\">\u00a1Sal\u00fa compa\u00f1eros de la SELVHIP, de COCEAVIS, COVUAM-SUR y todas aquellas organizaciones que luchan por un mundo mejor!!<\/span><\/span><\/span><\/b><\/span><\/div>\n<div style=\"line-height: normal;margin-bottom: 0.0001pt;text-align: justify\"><span style=\"color: red\"><b><span style=\"font-family: Verdana,sans-serif\"><span style=\"font-size: small\"><span lang=\"ES-TRAD\">\u00a1Arriba los que luchan!!<\/span><\/span><\/span><\/b><\/span><\/div>\n<div style=\"line-height: normal;margin-bottom: 0.0001pt;text-align: justify\"><span style=\"color: red\"><b><span style=\"font-family: Verdana,sans-serif\"><span style=\"font-size: small\"><span lang=\"ES-TRAD\">\u00a1Luchar hasta vencer!!<\/span><\/span><\/span><\/b><\/span><\/div>\n<div align=\"right\" style=\"line-height: normal;margin-bottom: 0.0001pt;text-align: right\"><span style=\"font-family: Verdana,sans-serif\"><span style=\"font-size: small\"><b><span lang=\"ES-TRAD\">Direcci\u00f3n Nacional de FUCVAM<\/span><\/b><\/span><\/span><\/div>\n","protected":false},"excerpt":{"rendered":"<p>EN EL D\u00cdA MUNDIAL DE LOS SIN TECHOS Hoy lunes, 6 de octubre, se conmemora con reflexi\u00f3n y lucha, el d\u00eda mundial de los sin techos o d\u00eda mundial del h\u00e1bitat. Vivimos en una Am\u00e9rica Latina que ha avanzado pero que a\u00fan sigue siendo el continente m\u00e1s desigual. Sepan los compa\u00f1eros que all\u00ed donde los [&hellip;]<\/p>\n","protected":false},"author":4,"featured_media":0,"comment_status":"open","ping_status":"open","sticky":false,"template":"","format":"standard","meta":{"_monsterinsights_skip_tracking":false,"_monsterinsights_sitenote_active":false,"_monsterinsights_sitenote_note":"","_monsterinsights_sitenote_category":0,"jnews-multi-image_gallery":[],"jnews_single_post":{"format":"standard"},"jnews_primary_category":[],"_joinchat":[],"footnotes":""},"categories":[58],"tags":[70,147],"class_list":["post-1074","post","type-post","status-publish","format-standard","hentry","category-noticiariachuelo","tag-de-la-patria-grande","tag-habitat"],"_links":{"self":[{"href":"http:\/\/fmriachuelo.it10.com.ar\/index.php\/wp-json\/wp\/v2\/posts\/1074","targetHints":{"allow":["GET"]}}],"collection":[{"href":"http:\/\/fmriachuelo.it10.com.ar\/index.php\/wp-json\/wp\/v2\/posts"}],"about":[{"href":"http:\/\/fmriachuelo.it10.com.ar\/index.php\/wp-json\/wp\/v2\/types\/post"}],"author":[{"embeddable":true,"href":"http:\/\/fmriachuelo.it10.com.ar\/index.php\/wp-json\/wp\/v2\/users\/4"}],"replies":[{"embeddable":true,"href":"http:\/\/fmriachuelo.it10.com.ar\/index.php\/wp-json\/wp\/v2\/comments?post=1074"}],"version-history":[{"count":1,"href":"http:\/\/fmriachuelo.it10.com.ar\/index.php\/wp-json\/wp\/v2\/posts\/1074\/revisions"}],"predecessor-version":[{"id":21793,"href":"http:\/\/fmriachuelo.it10.com.ar\/index.php\/wp-json\/wp\/v2\/posts\/1074\/revisions\/21793"}],"wp:attachment":[{"href":"http:\/\/fmriachuelo.it10.com.ar\/index.php\/wp-json\/wp\/v2\/media?parent=1074"}],"wp:term":[{"taxonomy":"category","embeddable":true,"href":"http:\/\/fmriachuelo.it10.com.ar\/index.php\/wp-json\/wp\/v2\/categories?post=1074"},{"taxonomy":"post_tag","embeddable":true,"href":"http:\/\/fmriachuelo.it10.com.ar\/index.php\/wp-json\/wp\/v2\/tags?post=1074"}],"curies":[{"name":"wp","href":"https:\/\/api.w.org\/{rel}","templated":true}]}}