{"id":1070,"date":"2014-10-09T01:27:00","date_gmt":"2014-10-09T01:27:00","guid":{"rendered":"http:\/\/fmriachuelo.observatorioess.org.ar\/index.php\/2014\/10\/09\/las-politicas-del-gobierno-de-la-ciudad-3\/"},"modified":"2025-03-06T13:44:09","modified_gmt":"2025-03-06T16:44:09","slug":"las-politicas-del-gobierno-de-la-ciudad-3","status":"publish","type":"post","link":"http:\/\/fmriachuelo.it10.com.ar\/index.php\/2014\/10\/09\/las-politicas-del-gobierno-de-la-ciudad-3\/","title":{"rendered":"LAS POLITICAS DEL GOBIERNO DE LA CIUDAD"},"content":{"rendered":"<p><span style=\"font-size: small\"><span style=\"font-family: Verdana,sans-serif\"><b>REPRODUCIMOS Y ACOMPA\u00d1AMOS<\/b><\/span><\/span><\/p>\n<div style=\"text-align: justify\"><span style=\"font-size: large\"><span style=\"font-family: Verdana,sans-serif\"><span style=\"color: red\"><b>NUEVO DESALOJO EN LA BOCA<\/b><\/span><\/span><\/span><br \/><span style=\"font-size: small\"><span style=\"font-family: Verdana,sans-serif\">Desde el <b>Grupo de Vivienda y H\u00e1bitat de La Boca<\/b> nos solidarizamos con las 7 familias \u2013con m\u00e1s de veinte ni\u00f1os- que viven en el conventillo de Brandsen 740, quienes ser\u00e1n desalojados este viernes 10 de octubre a las 9 hs, junto al comedor <b>\u201cPancitas llenas, coraz\u00f3n contento\u201d<\/b> que funciona en la misma direcci\u00f3n asistiendo a decenas de chicos del barrio desde hace 10 a\u00f1os.<br \/>Sin lugar a donde ir y con el insignificante subsidio de 1800 pesos que otorga el Gobierno porte\u00f1o, totalmente insuficiente para acceder a un alquiler de una habitaci\u00f3n en la Ciudad, las familias de Brandsen 740 decidieron salir a la calle a reclamar por vivienda digna.<br \/>Por eso piden de la solidaridad de los vecinos, las organizaciones del barrio y los medios de comunicaci\u00f3n, para que el viernes a las 9 de la ma\u00f1ana los acompa\u00f1en y ayuden a hacer visible su desesperante situaci\u00f3n, que es la misma que sufren cientos de familias en un barrio que es blanco del negocio inmobiliario y de una ausencia total de pol\u00edticas p\u00fablicas en materia de vivienda.<br \/>De hecho, el conventillo que ser\u00e1 desalojado el viernes est\u00e1 ubicado frente a la cancha de Boca Jrs. y al Museo de Boca, una de las zonas m\u00e1s visitadas por los turistas en toda la Ciudad.&nbsp;&nbsp;&nbsp;&nbsp;&nbsp;&nbsp;<\/span> <span style=\"font-family: Verdana,sans-serif\"><br \/><b>Las organizaciones que conformamos el Grupo de Vivienda de La Boca denunciamos la crisis que sufre nuestro barrio producto del negocio inmobiliario: El vaciamiento del Instituto de Vivienda de la Ciudad (IVC) y la disminuci\u00f3n del presupuesto destinado a vivienda (el m\u00e1s bajo de la historia, con s\u00f3lo 0,9% del monto total) muestran el desinter\u00e9s del gobierno de Mauricio Macri por los sectores populares.&nbsp;&nbsp;<\/b> <br \/>Desde que se aprob\u00f3 la ley del Distrito de las Artes, a fines de 2012, cientos de familias arraigadas desde hace d\u00e9cadas en La Boca est\u00e1n siendo expulsadas del barrio. El aumento del precio de la tierra y de los alquileres va de la mano de los desalojos y los incendios, cotidianos en conventillos.<br \/>En contraposici\u00f3n, el PRO financia al cien por ciento la compra de inmuebles para mega emprendimientos culturales y los beneficia con exenciones impositivas, de la mano de la Creaci\u00f3n del Distrito de las Artes en La Boca.<br \/>Denunciamos la intenci\u00f3n del macrismo de expulsar a los vecinos del barrio en pos del negocio para unos pocos. Rechazamos la ciudad excluyente que promueve el PRO y exigimos respuestas a la necesidad de vivienda para los vecinos de La Boca.<\/span><\/span><\/p>\n<ul>\n<li><span style=\"font-size: small\"><span style=\"font-family: Verdana,sans-serif\"><b>Basta de desalojos en la Ciuda<span style=\"font-size: small\">d<span style=\"font-size: small\">.<\/span><\/span> <\/b><\/span><\/span><\/li>\n<li><span style=\"font-size: small\"><span style=\"font-family: Verdana,sans-serif\"><b>Exigimos plena vigencia de la ley 341 y la ley 2240.<\/b><\/span><\/span><\/li>\n<li><span style=\"font-size: small\"><span style=\"font-family: Verdana,sans-serif\"><b>Por pol\u00edticas p\u00fablicas de vivienda en la Ciudad.<\/b><\/span><\/span><\/li>\n<\/ul>\n<p><span style=\"font-size: small\"><span style=\"font-family: Verdana,sans-serif\">El desalojo se realiza en la semana en que el mundo celebra el D\u00eda Internacional del H\u00e1bitat. Por eso, durante la movilizaci\u00f3n del viernes 10 se adherir\u00e1 a la jornada de lucha Basta de desalojos, que organiza el Congreso por el Derecho a la Vivienda.<br \/>&nbsp;<\/span><\/span><br \/><b><span style=\"font-size: small\"><span style=\"font-family: Verdana,sans-serif\">Grupo de Vivienda y H\u00e1bitat de La Boca<\/span><\/span><\/b><br \/><b><span style=\"font-size: small\"><span style=\"font-family: Verdana,sans-serif\">Contactos: 15 6562-6566 \/ 15 3048-9147<\/span><\/span><\/b><\/div>\n<p><span style=\"font-size: x-small\"><span style=\"font-family: Verdana,sans-serif\"><\/span><\/span><span style=\"font-size: x-small\"><span style=\"font-family: Verdana,sans-serif\">El Grupo de Vivienda y H\u00e1bitat de La Boca est\u00e1 conformado por el Movimiento para todos, todo; el Frente Popular Dar\u00edo Santill\u00e1n, la Organizaci\u00f3n Social y Pol\u00edtica Los Pibes, la Cooperativa de Vivienda Los Pibes (COVILPI), la Cooperativa de Vivienda Solidaria Su\u00e1rez, Trabajadores y trabajadoras de la Red Solidaria La Boca, y vecinos y vecinas del barrio.&nbsp;<\/span><\/span><\/p>\n","protected":false},"excerpt":{"rendered":"<p>REPRODUCIMOS Y ACOMPA\u00d1AMOS NUEVO DESALOJO EN LA BOCADesde el Grupo de Vivienda y H\u00e1bitat de La Boca nos solidarizamos con las 7 familias \u2013con m\u00e1s de veinte ni\u00f1os- que viven en el conventillo de Brandsen 740, quienes ser\u00e1n desalojados este viernes 10 de octubre a las 9 hs, junto al comedor \u201cPancitas llenas, coraz\u00f3n contento\u201d [&hellip;]<\/p>\n","protected":false},"author":4,"featured_media":0,"comment_status":"open","ping_status":"open","sticky":false,"template":"","format":"standard","meta":{"_monsterinsights_skip_tracking":false,"_monsterinsights_sitenote_active":false,"_monsterinsights_sitenote_note":"","_monsterinsights_sitenote_category":0,"jnews-multi-image_gallery":[],"jnews_single_post":{"format":"standard"},"jnews_primary_category":[],"_joinchat":[],"footnotes":""},"categories":[58],"tags":[81,147],"class_list":["post-1070","post","type-post","status-publish","format-standard","hentry","category-noticiariachuelo","tag-aguafuertes-portenas","tag-habitat"],"_links":{"self":[{"href":"http:\/\/fmriachuelo.it10.com.ar\/index.php\/wp-json\/wp\/v2\/posts\/1070","targetHints":{"allow":["GET"]}}],"collection":[{"href":"http:\/\/fmriachuelo.it10.com.ar\/index.php\/wp-json\/wp\/v2\/posts"}],"about":[{"href":"http:\/\/fmriachuelo.it10.com.ar\/index.php\/wp-json\/wp\/v2\/types\/post"}],"author":[{"embeddable":true,"href":"http:\/\/fmriachuelo.it10.com.ar\/index.php\/wp-json\/wp\/v2\/users\/4"}],"replies":[{"embeddable":true,"href":"http:\/\/fmriachuelo.it10.com.ar\/index.php\/wp-json\/wp\/v2\/comments?post=1070"}],"version-history":[{"count":1,"href":"http:\/\/fmriachuelo.it10.com.ar\/index.php\/wp-json\/wp\/v2\/posts\/1070\/revisions"}],"predecessor-version":[{"id":21797,"href":"http:\/\/fmriachuelo.it10.com.ar\/index.php\/wp-json\/wp\/v2\/posts\/1070\/revisions\/21797"}],"wp:attachment":[{"href":"http:\/\/fmriachuelo.it10.com.ar\/index.php\/wp-json\/wp\/v2\/media?parent=1070"}],"wp:term":[{"taxonomy":"category","embeddable":true,"href":"http:\/\/fmriachuelo.it10.com.ar\/index.php\/wp-json\/wp\/v2\/categories?post=1070"},{"taxonomy":"post_tag","embeddable":true,"href":"http:\/\/fmriachuelo.it10.com.ar\/index.php\/wp-json\/wp\/v2\/tags?post=1070"}],"curies":[{"name":"wp","href":"https:\/\/api.w.org\/{rel}","templated":true}]}}