{"id":1069,"date":"2014-10-09T01:41:00","date_gmt":"2014-10-09T01:41:00","guid":{"rendered":"http:\/\/fmriachuelo.observatorioess.org.ar\/index.php\/2014\/10\/09\/los-heroes-de-la-patria-grande\/"},"modified":"2025-03-06T15:41:30","modified_gmt":"2025-03-06T18:41:30","slug":"los-heroes-de-la-patria-grande","status":"publish","type":"post","link":"http:\/\/fmriachuelo.it10.com.ar\/index.php\/2014\/10\/09\/los-heroes-de-la-patria-grande\/","title":{"rendered":"LOS H\u00c9ROES DE LA PATRIA GRANDE"},"content":{"rendered":"<p><span style=\"font-size: large\"><span style=\"font-family: Verdana,sans-serif\"><span style=\"color: red\"><b>EL  CHE MAS VIVO QUE NUNCA<\/b><\/span><\/span><\/span><\/p>\n<table cellpadding=\"0\" cellspacing=\"0\" style=\"float: left;text-align: left\">\n<tbody>\n<tr>\n<td style=\"text-align: center\"><span style=\"font-size: small\"><span style=\"font-family: Verdana,sans-serif\"><img loading=\"lazy\" decoding=\"async\" border=\"0\" src=\"http:\/\/4.bp.blogspot.com\/-1HK9V83eHss\/VDXmX-YnksI\/AAAAAAAAA-o\/vpVHYApiBG0\/s1600\/images.jpg\" height=\"270\" style=\"margin-left: auto;margin-right: auto\" width=\"400\" \/><\/span><\/span><\/td>\n<\/tr>\n<tr align=\"left\">\n<td><\/td>\n<\/tr>\n<\/tbody>\n<\/table>\n<p><b><span style=\"font-size: small\"><span style=\"font-family: Verdana,sans-serif\">DESPU\u00c9S DE 47 A\u00d1OS SU LUCHA ES LA LUCHA QUE  ESTA PRESENTE EN CADA LUGAR DONDE LA INJUSTICIA SIGUE PRESENTE<\/span><\/span><\/b><\/p>\n<div style=\"text-align: left\"><span style=\"font-size: small\"><span style=\"font-family: Verdana,sans-serif\"><span style=\"color: black\">La presidenta de Argentina, Cristina Fern\u00e1ndez, envi\u00f3 una placa a Bolivia para honrar al guerrillero Ernesto Che Guevara a prop\u00f3sito del aniversario 47 de su muerte, inform\u00f3 hoy aqu\u00ed la embajada de ese pa\u00eds austral.<\/span><\/span><\/span><\/div>\n<p><a name='more'><\/a><\/p>\n<div style=\"text-align: left\"><span style=\"font-size: small\"><span style=\"font-family: Verdana,sans-serif\"><span>El embajador argentino en Bolivia, Ariel Basteiro; y el hermano del Che, Juan Mart\u00edn, encabezar\u00e1n la delegaci\u00f3n que estar\u00e1 presente en el homenaje, que incluye una visita por diferentes lugares emblem\u00e1ticos vinculados a la ruta del Guerrillero Heroico.<br \/>Como parte del tributo, el grupo har\u00e1 una peregrinaci\u00f3n el mi\u00e9rcoles pr\u00f3ximo al poblado de la Higuera, lugar en donde fue asesinado el luchador el 9 de octubre de 1967.<br \/>Adem\u00e1s, el artista Le\u00f3n Gieco brindar\u00e1 un concierto en el coliseo de Valle Grande y se presentar\u00e1 el documental \u201cChe, un Hombre Nuevo\u201d, del realizador Trist\u00e1n Bauer.<\/span><\/span><\/span><br \/><span style=\"font-size: small\"><span style=\"font-family: Verdana,sans-serif\"><span><span style=\"font-size: x-small\"><span style=\"color: #3d85c6\"><b>FUENTE: CUBADEBATE<\/b><\/span><\/span><\/span><\/span><\/span><br \/><span style=\"font-size: small\"><span style=\"font-family: Verdana,sans-serif\"><span><\/span><\/span><\/span><\/div>\n<div style=\"text-align: left\"><\/div>\n","protected":false},"excerpt":{"rendered":"<p>EL CHE MAS VIVO QUE NUNCA DESPU\u00c9S DE 47 A\u00d1OS SU LUCHA ES LA LUCHA QUE ESTA PRESENTE EN CADA LUGAR DONDE LA INJUSTICIA SIGUE PRESENTE La presidenta de Argentina, Cristina Fern\u00e1ndez, envi\u00f3 una placa a Bolivia para honrar al guerrillero Ernesto Che Guevara a prop\u00f3sito del aniversario 47 de su muerte, inform\u00f3 hoy aqu\u00ed [&hellip;]<\/p>\n","protected":false},"author":4,"featured_media":0,"comment_status":"open","ping_status":"open","sticky":false,"template":"","format":"standard","meta":{"_monsterinsights_skip_tracking":false,"_monsterinsights_sitenote_active":false,"_monsterinsights_sitenote_note":"","_monsterinsights_sitenote_category":0,"jnews-multi-image_gallery":[],"jnews_single_post":{"format":"standard"},"jnews_primary_category":[],"_joinchat":[],"footnotes":""},"categories":[58],"tags":[70,72],"class_list":["post-1069","post","type-post","status-publish","format-standard","hentry","category-noticiariachuelo","tag-de-la-patria-grande","tag-historia-de-la-lucha-de-los-pueblos"],"_links":{"self":[{"href":"http:\/\/fmriachuelo.it10.com.ar\/index.php\/wp-json\/wp\/v2\/posts\/1069","targetHints":{"allow":["GET"]}}],"collection":[{"href":"http:\/\/fmriachuelo.it10.com.ar\/index.php\/wp-json\/wp\/v2\/posts"}],"about":[{"href":"http:\/\/fmriachuelo.it10.com.ar\/index.php\/wp-json\/wp\/v2\/types\/post"}],"author":[{"embeddable":true,"href":"http:\/\/fmriachuelo.it10.com.ar\/index.php\/wp-json\/wp\/v2\/users\/4"}],"replies":[{"embeddable":true,"href":"http:\/\/fmriachuelo.it10.com.ar\/index.php\/wp-json\/wp\/v2\/comments?post=1069"}],"version-history":[{"count":1,"href":"http:\/\/fmriachuelo.it10.com.ar\/index.php\/wp-json\/wp\/v2\/posts\/1069\/revisions"}],"predecessor-version":[{"id":21798,"href":"http:\/\/fmriachuelo.it10.com.ar\/index.php\/wp-json\/wp\/v2\/posts\/1069\/revisions\/21798"}],"wp:attachment":[{"href":"http:\/\/fmriachuelo.it10.com.ar\/index.php\/wp-json\/wp\/v2\/media?parent=1069"}],"wp:term":[{"taxonomy":"category","embeddable":true,"href":"http:\/\/fmriachuelo.it10.com.ar\/index.php\/wp-json\/wp\/v2\/categories?post=1069"},{"taxonomy":"post_tag","embeddable":true,"href":"http:\/\/fmriachuelo.it10.com.ar\/index.php\/wp-json\/wp\/v2\/tags?post=1069"}],"curies":[{"name":"wp","href":"https:\/\/api.w.org\/{rel}","templated":true}]}}