{"id":1068,"date":"2014-10-09T14:12:00","date_gmt":"2014-10-09T14:12:00","guid":{"rendered":"http:\/\/fmriachuelo.observatorioess.org.ar\/index.php\/2014\/10\/09\/recordar-para-no-olvidar\/"},"modified":"2025-03-06T15:45:08","modified_gmt":"2025-03-06T18:45:08","slug":"recordar-para-no-olvidar","status":"publish","type":"post","link":"http:\/\/fmriachuelo.it10.com.ar\/index.php\/2014\/10\/09\/recordar-para-no-olvidar\/","title":{"rendered":"RECORDAR PARA NO OLVIDAR"},"content":{"rendered":"<div style=\"clear: both;text-align: center\"><\/div>\n<div style=\"clear: both;text-align: center\"><a href=\"http:\/\/3.bp.blogspot.com\/-1OJfAEkcaXg\/VDaXdLOtejI\/AAAAAAAAA-8\/wbqN8_kc3XM\/s1600\/la%2Bruta%2Bdel%2Bche%2Ben%2Bbolivia.jpg\" style=\"clear: left;float: left;margin-bottom: 1em;margin-right: 1em\"><img loading=\"lazy\" decoding=\"async\" border=\"0\" src=\"http:\/\/3.bp.blogspot.com\/-1OJfAEkcaXg\/VDaXdLOtejI\/AAAAAAAAA-8\/wbqN8_kc3XM\/s1600\/la%2Bruta%2Bdel%2Bche%2Ben%2Bbolivia.jpg\" height=\"320\" width=\"184\" \/><\/a><\/div>\n<p><a href=\"http:\/\/3.bp.blogspot.com\/-1OJfAEkcaXg\/VDaXdLOtejI\/AAAAAAAAA-8\/wbqN8_kc3XM\/s1600\/la%2Bruta%2Bdel%2Bche%2Ben%2Bbolivia.jpg\" style=\"clear: right;float: right;margin-bottom: 1em;margin-left: 1em\"><br \/><\/a><a href=\"http:\/\/3.bp.blogspot.com\/-1OJfAEkcaXg\/VDaXdLOtejI\/AAAAAAAAA-8\/wbqN8_kc3XM\/s1600\/la%2Bruta%2Bdel%2Bche%2Ben%2Bbolivia.jpg\"><\/a><b><span style=\"font-family: Verdana, sans-serif\">Yo nac\u00ed en Argentina\u2026 Perm\u00edtame que sea un poquito pretencioso al decirle que Mart\u00ed naci\u00f3 en Cuba y Mart\u00ed es americano, Fidel tambi\u00e9n naci\u00f3 en Cuba y Fidel es americano; yo nac\u00ed en Argentina, no reniego de mi patria de ninguna manera, tengo el sustrato cultural de la Argentina, me siento tambi\u00e9n tan cubano como el que m\u00e1s y soy capaz de sentir en m\u00ed el hambre y los sufrimientos de cualquier pueblo de Am\u00e9rica, fundamentalmente, pero adem\u00e1s de cualquier pueblo del mundo.<br \/>CHE<\/span><\/b><\/p>\n<p><span style=\"font-family: Verdana, sans-serif\"> En 1967, con la colaboraci\u00f3n de la CIA, es fusilado por el ej\u00e9rcito boliviano el revolucionario argentino Ernesto \u00abChe\u00bb Guevara. &nbsp;U<\/span><span style=\"font-family: Verdana, sans-serif\">n referente &nbsp;para los luchadores de todo el mundo, un ejemplo de lucha y resistencia contra la explotaci\u00f3n capitalista, y por una sociedad m\u00e1s justa.<\/span><\/p>\n","protected":false},"excerpt":{"rendered":"<p>Yo nac\u00ed en Argentina\u2026 Perm\u00edtame que sea un poquito pretencioso al decirle que Mart\u00ed naci\u00f3 en Cuba y Mart\u00ed es americano, Fidel tambi\u00e9n naci\u00f3 en Cuba y Fidel es americano; yo nac\u00ed en Argentina, no reniego de mi patria de ninguna manera, tengo el sustrato cultural de la Argentina, me siento tambi\u00e9n tan cubano como [&hellip;]<\/p>\n","protected":false},"author":4,"featured_media":0,"comment_status":"open","ping_status":"open","sticky":false,"template":"","format":"standard","meta":{"_monsterinsights_skip_tracking":false,"_monsterinsights_sitenote_active":false,"_monsterinsights_sitenote_note":"","_monsterinsights_sitenote_category":0,"jnews-multi-image_gallery":[],"jnews_single_post":{"format":"standard"},"jnews_primary_category":[],"_joinchat":[],"footnotes":""},"categories":[60],"tags":[70,72],"class_list":["post-1068","post","type-post","status-publish","format-standard","hentry","category-mirada-riachuelo","tag-de-la-patria-grande","tag-historia-de-la-lucha-de-los-pueblos"],"_links":{"self":[{"href":"http:\/\/fmriachuelo.it10.com.ar\/index.php\/wp-json\/wp\/v2\/posts\/1068","targetHints":{"allow":["GET"]}}],"collection":[{"href":"http:\/\/fmriachuelo.it10.com.ar\/index.php\/wp-json\/wp\/v2\/posts"}],"about":[{"href":"http:\/\/fmriachuelo.it10.com.ar\/index.php\/wp-json\/wp\/v2\/types\/post"}],"author":[{"embeddable":true,"href":"http:\/\/fmriachuelo.it10.com.ar\/index.php\/wp-json\/wp\/v2\/users\/4"}],"replies":[{"embeddable":true,"href":"http:\/\/fmriachuelo.it10.com.ar\/index.php\/wp-json\/wp\/v2\/comments?post=1068"}],"version-history":[{"count":1,"href":"http:\/\/fmriachuelo.it10.com.ar\/index.php\/wp-json\/wp\/v2\/posts\/1068\/revisions"}],"predecessor-version":[{"id":21799,"href":"http:\/\/fmriachuelo.it10.com.ar\/index.php\/wp-json\/wp\/v2\/posts\/1068\/revisions\/21799"}],"wp:attachment":[{"href":"http:\/\/fmriachuelo.it10.com.ar\/index.php\/wp-json\/wp\/v2\/media?parent=1068"}],"wp:term":[{"taxonomy":"category","embeddable":true,"href":"http:\/\/fmriachuelo.it10.com.ar\/index.php\/wp-json\/wp\/v2\/categories?post=1068"},{"taxonomy":"post_tag","embeddable":true,"href":"http:\/\/fmriachuelo.it10.com.ar\/index.php\/wp-json\/wp\/v2\/tags?post=1068"}],"curies":[{"name":"wp","href":"https:\/\/api.w.org\/{rel}","templated":true}]}}