{"id":1065,"date":"2014-10-09T14:48:00","date_gmt":"2014-10-09T14:48:00","guid":{"rendered":"http:\/\/fmriachuelo.observatorioess.org.ar\/index.php\/2014\/10\/09\/los-estudiantes-de-guerrero\/"},"modified":"2025-03-06T15:45:57","modified_gmt":"2025-03-06T18:45:57","slug":"los-estudiantes-de-guerrero","status":"publish","type":"post","link":"http:\/\/fmriachuelo.it10.com.ar\/index.php\/2014\/10\/09\/los-estudiantes-de-guerrero\/","title":{"rendered":"LOS ESTUDIANTES DE GUERRERO"},"content":{"rendered":"<p><span style=\"font-size: large\"><span style=\"font-family: Verdana,sans-serif\"><span style=\"color: red\"><b>\u00abVIVOS SE LOS LLEVARON VIVOS LOS QUEREMOS\u00bb<\/b><\/span><\/span><\/span><\/p>\n<div><span style=\"font-family: Verdana,sans-serif\"><span style=\"font-size: small\"><b>Con esta consigna se realizaron en&nbsp;M\u00e9xico multitudinarias marchas en 27 estados y en 15 pa\u00edses por los estudiantes desaparecidos<\/b><\/span><\/span><\/p>\n<div>\n<div style=\"text-align: justify\"><span style=\"font-family: Verdana,sans-serif\"><span style=\"font-size: small\">Decenas de miles de estudiantes, acad\u00e9micos, activistas, artistas, integrantes de organizaciones no gubernamentales y familiares de los 43 alumnos desaparecidos de la escuela Normal rural de Ayotzinapa se movilizaron en <b>27 entidades, la Ciudad de M\u00e9xico y 15 pa\u00edses,<\/b> para exigir la localizaci\u00f3n con vida de los normalistas ausentes desde el pasado 26 de septiembre y castigo a los responsables del hecho.<\/span><\/span><\/div>\n<div style=\"text-align: justify\"><span style=\"font-family: Verdana,sans-serif\"><span style=\"font-size: small\">En Guerrero, Oaxaca, Chiapas y el DF se registraron las principales manifestaciones, donde hubo bloqueo de carreteras, toma de negocios y de planteles educativos.<\/span><\/span><\/div>\n<div style=\"text-align: justify\"><span style=\"font-family: Verdana,sans-serif\"><span style=\"font-size: small\">En<span style=\"font-size: small\"> <\/span>Chilpancingo, alrededor de 20 mil personas, incluidos familiares y compa\u00f1eros de los desaparecidos, marcharon sobre la Autopista del Sol para dirigirse al centro de la ciudad.<\/span><\/span><\/div>\n<div style=\"text-align: justify\"><span style=\"font-family: Verdana,sans-serif\"><span style=\"font-size: small\">Dicha movilizaci\u00f3n, en la que tambi\u00e9n participaron polic\u00edas comunitarios, dur\u00f3 casi dos horas y culmin\u00f3 en la plaza principal Primer Congreso de An\u00e1huac, donde se desarroll\u00f3 un mitin y al final los inconformes instalaron un plant\u00f3n por tiempo indefinido.<\/span><\/span><\/div>\n<div style=\"text-align: justify\"><span style=\"font-family: Verdana,sans-serif\"><span style=\"font-size: small\">Profesores adheridos a la Coordinadora Nacional de Trabajadores de la Educaci\u00f3n (CNTE) en Guerrero declararon un paro indefinido de labores la tarde de este mi\u00e9rcoles 8 de octubre, adem\u00e1s de que iniciaron un plant\u00f3n frente al Palacio de Gobierno estatal, tras la marcha de protesta por la desaparici\u00f3n de alumnos normalistas de Ayotzinapa.<\/span><\/span><\/div>\n<div style=\"text-align: justify\"><span style=\"font-family: Verdana,sans-serif\"><span style=\"font-size: small\">En la manifestaci\u00f3n, que arranc\u00f3 en Chilpancingo, capital de Guerrero, particiaron unas 10 mil personas, entre universitarios, normalistas, alumnos del Conalep, maestros, agrupaciones campesinas, agrupaciones populares, polic\u00edas comunitarias, y maestros jubilados.<\/span><\/span><\/div>\n<div style=\"text-align: justify\"><a name='more'><\/a><\/div>\n<div style=\"text-align: justify\"><span style=\"font-family: Verdana,sans-serif\"><span style=\"font-size: small\"><b>LA HISTORIA<\/b><\/span><\/span><\/div>\n<div style=\"text-align: justify\"><span style=\"font-family: Verdana,sans-serif\"><span style=\"font-size: small\">En la noche del 26 de septiembre, un grupo de 80 estudiantes se dirig\u00eda de Iguala a Chilpacingo, en el estado de Guerrero, cuando fueron interceptados y agredidos por la polic\u00eda local. Luego se sucedieron diversos hechos de violencia que dejaron como saldo siete personas asesinadas por parte de la polic\u00eda y grupos paramilitares. Actualmente se investiga el paradero de 43 estudiantes desaparecidos que fueron vistos esa noche por \u00faltima vez. El 4 de octubre se hallaron 28 cuerpos calcinados y descuartizados en seis fosas clandestinas en el sur de Iguala; se investiga si los cad\u00e1veres son de los estudiantes desaparecidos. Mientras, se multiplican las protestas con la consigna <b>\u201cvivos se los llevaron, vivos los queremos\u201d<\/b><\/span><\/span><\/div>\n<div style=\"text-align: justify\"><span style=\"font-family: Verdana,sans-serif\"><span style=\"font-size: small\"><span style=\"font-size: x-small\"><span style=\"color: #3d85c6\"><b>FUENTE: NODAL<\/b><\/span><\/span><\/span><\/span><\/div>\n<\/div>\n<\/div>\n","protected":false},"excerpt":{"rendered":"<p>\u00abVIVOS SE LOS LLEVARON VIVOS LOS QUEREMOS\u00bb Con esta consigna se realizaron en&nbsp;M\u00e9xico multitudinarias marchas en 27 estados y en 15 pa\u00edses por los estudiantes desaparecidos Decenas de miles de estudiantes, acad\u00e9micos, activistas, artistas, integrantes de organizaciones no gubernamentales y familiares de los 43 alumnos desaparecidos de la escuela Normal rural de Ayotzinapa se movilizaron [&hellip;]<\/p>\n","protected":false},"author":4,"featured_media":0,"comment_status":"open","ping_status":"open","sticky":false,"template":"","format":"standard","meta":{"_monsterinsights_skip_tracking":false,"_monsterinsights_sitenote_active":false,"_monsterinsights_sitenote_note":"","_monsterinsights_sitenote_category":0,"jnews-multi-image_gallery":[],"jnews_single_post":{"format":"standard"},"jnews_primary_category":[],"_joinchat":[],"footnotes":""},"categories":[58],"tags":[70,72],"class_list":["post-1065","post","type-post","status-publish","format-standard","hentry","category-noticiariachuelo","tag-de-la-patria-grande","tag-historia-de-la-lucha-de-los-pueblos"],"_links":{"self":[{"href":"http:\/\/fmriachuelo.it10.com.ar\/index.php\/wp-json\/wp\/v2\/posts\/1065","targetHints":{"allow":["GET"]}}],"collection":[{"href":"http:\/\/fmriachuelo.it10.com.ar\/index.php\/wp-json\/wp\/v2\/posts"}],"about":[{"href":"http:\/\/fmriachuelo.it10.com.ar\/index.php\/wp-json\/wp\/v2\/types\/post"}],"author":[{"embeddable":true,"href":"http:\/\/fmriachuelo.it10.com.ar\/index.php\/wp-json\/wp\/v2\/users\/4"}],"replies":[{"embeddable":true,"href":"http:\/\/fmriachuelo.it10.com.ar\/index.php\/wp-json\/wp\/v2\/comments?post=1065"}],"version-history":[{"count":1,"href":"http:\/\/fmriachuelo.it10.com.ar\/index.php\/wp-json\/wp\/v2\/posts\/1065\/revisions"}],"predecessor-version":[{"id":21802,"href":"http:\/\/fmriachuelo.it10.com.ar\/index.php\/wp-json\/wp\/v2\/posts\/1065\/revisions\/21802"}],"wp:attachment":[{"href":"http:\/\/fmriachuelo.it10.com.ar\/index.php\/wp-json\/wp\/v2\/media?parent=1065"}],"wp:term":[{"taxonomy":"category","embeddable":true,"href":"http:\/\/fmriachuelo.it10.com.ar\/index.php\/wp-json\/wp\/v2\/categories?post=1065"},{"taxonomy":"post_tag","embeddable":true,"href":"http:\/\/fmriachuelo.it10.com.ar\/index.php\/wp-json\/wp\/v2\/tags?post=1065"}],"curies":[{"name":"wp","href":"https:\/\/api.w.org\/{rel}","templated":true}]}}