{"id":1061,"date":"2014-10-10T16:14:00","date_gmt":"2014-10-10T16:14:00","guid":{"rendered":"http:\/\/fmriachuelo.observatorioess.org.ar\/index.php\/2014\/10\/10\/la-ciudad-y-las-politicas-de-salud\/"},"modified":"2025-03-06T15:48:17","modified_gmt":"2025-03-06T18:48:17","slug":"la-ciudad-y-las-politicas-de-salud","status":"publish","type":"post","link":"http:\/\/fmriachuelo.it10.com.ar\/index.php\/2014\/10\/10\/la-ciudad-y-las-politicas-de-salud\/","title":{"rendered":"LA CIUDAD Y LAS POLITICAS DE SALUD"},"content":{"rendered":"<p><span style=\"font-size: small\"><span style=\"font-family: Verdana,sans-serif\"><span style=\"font-size: small\"><b>DIFUNDIMOS COMUNICADO<span style=\"font-size: small\">&nbsp;<\/span><\/b><\/span><\/span><\/span><br \/><span style=\"font-size: large\"><span style=\"font-family: Verdana,sans-serif\"><span style=\"color: red\"><b>ASOCIACI\u00d3N DE PROFESIONALES ARTURO AMEGHINO<\/b><\/span><\/span><\/span><br \/><span style=\"font-size: small\"><span style=\"font-family: Verdana,sans-serif\">A los compa\u00f1eros,  colegas, la opini\u00f3n p\u00fablica. <\/span><\/span><br \/><span style=\"font-size: small\"><span style=\"font-family: Verdana,sans-serif\">Queremos  expresar nuestro repudio a la actividad a la que invita  \u00ab<b>psicolog\u00eda  comunitaria de adultos<\/b>\u00bb  para el viernes 10 de octubre, en nuestro  Centro de Salud Mental Ameghino.<\/span><\/span><br \/><span style=\"font-size: small\"><span style=\"font-family: Verdana,sans-serif\">Esta actividad, se presenta como  un festejo emanado de una instancia que se ha desarrollado en los  m\u00e1rgenes de nuestro proyecto institucional.<\/span><\/span><\/p>\n<div><span style=\"font-size: small\"><span style=\"font-family: Verdana,sans-serif\">Instancia que se  form\u00f3 convocando a profesionales ajenos a la  Instituci\u00f3n, poniendo en  riesgo los derechos de los trabajadores de la  misma y desconociendo la notable labor que viene realizando el grupo de  trabajo de psicolog\u00eda comunitaria de nuestra instituci\u00f3n.<\/span><\/span><br \/><span style=\"font-size: small\"><span style=\"font-family: Verdana,sans-serif\">Como si esto fuera poco, la actividad tiene como referencia a una instituci\u00f3n de car\u00e1cter Privado.<\/span><\/span><br \/><span style=\"font-size: small\"><span style=\"font-family: Verdana,sans-serif\">Por todo esto rechazamos esta situaci\u00f3n ya que consideramos que bajo  estas condiciones la salud mental no puede estar de fiesta. <\/span><\/span><br \/><span style=\"font-size: small\"><span style=\"font-family: Verdana,sans-serif\">El  hospital viene sufriendo un <b>proceso lento y sistem\u00e1tico de  desmantelamiento<\/b> en favor de proyectos privados, muy lejanos a los  valores y prop\u00f3sitos de la salud p\u00fablica, universal, gratuita.<\/span><\/span><br \/><span style=\"font-size: small\"><span style=\"font-family: Verdana,sans-serif\">Los convocamos a defender la salud mental, de esta depredaci\u00f3n  mercantilista. Sosteniendo d\u00eda a d\u00eda nuestro trabajo con entusiasmo y  responsabilidad,  continuamos la lucha. <\/span><\/span><br \/><span style=\"font-size: small\"><span style=\"font-family: Verdana,sans-serif\">Saludos Cordiales<\/span><\/span><br \/><b><span style=\"font-size: small\"><span style=\"font-family: Verdana,sans-serif\">ASOCIACI\u00d3N DE PROFESIONALES<\/span><\/span><\/b><br \/><b><span style=\"font-size: small\"><span style=\"font-family: Verdana,sans-serif\">CENTRO DE SALUD MENTAL N\u00ba 3<\/span><\/span><\/b><\/div>\n","protected":false},"excerpt":{"rendered":"<p>DIFUNDIMOS COMUNICADO&nbsp;ASOCIACI\u00d3N DE PROFESIONALES ARTURO AMEGHINOA los compa\u00f1eros, colegas, la opini\u00f3n p\u00fablica. Queremos expresar nuestro repudio a la actividad a la que invita \u00abpsicolog\u00eda comunitaria de adultos\u00bb para el viernes 10 de octubre, en nuestro Centro de Salud Mental Ameghino.Esta actividad, se presenta como un festejo emanado de una instancia que se ha desarrollado en [&hellip;]<\/p>\n","protected":false},"author":4,"featured_media":0,"comment_status":"open","ping_status":"open","sticky":false,"template":"","format":"standard","meta":{"_monsterinsights_skip_tracking":false,"_monsterinsights_sitenote_active":false,"_monsterinsights_sitenote_note":"","_monsterinsights_sitenote_category":0,"jnews-multi-image_gallery":[],"jnews_single_post":{"format":"standard"},"jnews_primary_category":[],"_joinchat":[],"footnotes":""},"categories":[58],"tags":[81,69],"class_list":["post-1061","post","type-post","status-publish","format-standard","hentry","category-noticiariachuelo","tag-aguafuertes-portenas","tag-salud"],"_links":{"self":[{"href":"http:\/\/fmriachuelo.it10.com.ar\/index.php\/wp-json\/wp\/v2\/posts\/1061","targetHints":{"allow":["GET"]}}],"collection":[{"href":"http:\/\/fmriachuelo.it10.com.ar\/index.php\/wp-json\/wp\/v2\/posts"}],"about":[{"href":"http:\/\/fmriachuelo.it10.com.ar\/index.php\/wp-json\/wp\/v2\/types\/post"}],"author":[{"embeddable":true,"href":"http:\/\/fmriachuelo.it10.com.ar\/index.php\/wp-json\/wp\/v2\/users\/4"}],"replies":[{"embeddable":true,"href":"http:\/\/fmriachuelo.it10.com.ar\/index.php\/wp-json\/wp\/v2\/comments?post=1061"}],"version-history":[{"count":1,"href":"http:\/\/fmriachuelo.it10.com.ar\/index.php\/wp-json\/wp\/v2\/posts\/1061\/revisions"}],"predecessor-version":[{"id":21806,"href":"http:\/\/fmriachuelo.it10.com.ar\/index.php\/wp-json\/wp\/v2\/posts\/1061\/revisions\/21806"}],"wp:attachment":[{"href":"http:\/\/fmriachuelo.it10.com.ar\/index.php\/wp-json\/wp\/v2\/media?parent=1061"}],"wp:term":[{"taxonomy":"category","embeddable":true,"href":"http:\/\/fmriachuelo.it10.com.ar\/index.php\/wp-json\/wp\/v2\/categories?post=1061"},{"taxonomy":"post_tag","embeddable":true,"href":"http:\/\/fmriachuelo.it10.com.ar\/index.php\/wp-json\/wp\/v2\/tags?post=1061"}],"curies":[{"name":"wp","href":"https:\/\/api.w.org\/{rel}","templated":true}]}}