{"id":10609,"date":"2019-09-05T23:46:36","date_gmt":"2019-09-05T23:46:36","guid":{"rendered":"http:\/\/fmriachuelo.com.ar\/?p=10609"},"modified":"2019-09-05T23:46:36","modified_gmt":"2019-09-05T23:46:36","slug":"queremos-construir-salud-comunitaria-para-los-nuestros","status":"publish","type":"post","link":"http:\/\/fmriachuelo.it10.com.ar\/index.php\/2019\/09\/05\/queremos-construir-salud-comunitaria-para-los-nuestros\/","title":{"rendered":"QUEREMOS CONSTRUIR SALUD COMUNITARIA PARA LOS NUESTROS"},"content":{"rendered":"<p><strong>{FM Riachuelo, 05\/09\/2019} \u00a0En este contexto socio pol\u00edtico del presente, las problem\u00e1ticas \u00a0en atenci\u00f3n de la salud,\u00a0 son una de las tantas necesidades urgentes por las que atraviesa nuestro pueblo, debido a las pol\u00edticas nefastas de exclusi\u00f3n, que lleva adelante el infame gobierno actual.<\/strong><\/p>\n<p>Por ello se est\u00e1 \u00a0desarrollando <strong>un trabajo colectivo para el cuidado de nuestra salud<\/strong>, \u00a0en el marco de los ejes pol\u00edticos\u00a0 que desde \u00a0la Organizaci\u00f3n Los Pibes \u00a0promovemos, \u00a0nos ocupamos para poder garantizar a nuestros compa\u00f1eres y a nuestro territorio, una mejor calidad de vida.<\/p>\n<p><img loading=\"lazy\" decoding=\"async\" class=\"size-medium wp-image-10611 alignright\" src=\"http:\/\/fmriachuelo.com.ar\/wp-content\/uploads\/2019\/09\/WhatsApp-Image-2019-09-05-at-12.36.17-300x225.jpeg\" alt=\"\" width=\"300\" height=\"225\" srcset=\"http:\/\/fmriachuelo.it10.com.ar\/wp-content\/uploads\/2019\/09\/WhatsApp-Image-2019-09-05-at-12.36.17-300x225.jpeg 300w, http:\/\/fmriachuelo.it10.com.ar\/wp-content\/uploads\/2019\/09\/WhatsApp-Image-2019-09-05-at-12.36.17-1024x768.jpeg 1024w, http:\/\/fmriachuelo.it10.com.ar\/wp-content\/uploads\/2019\/09\/WhatsApp-Image-2019-09-05-at-12.36.17-768x576.jpeg 768w, http:\/\/fmriachuelo.it10.com.ar\/wp-content\/uploads\/2019\/09\/WhatsApp-Image-2019-09-05-at-12.36.17-750x563.jpeg 750w, http:\/\/fmriachuelo.it10.com.ar\/wp-content\/uploads\/2019\/09\/WhatsApp-Image-2019-09-05-at-12.36.17.jpeg 1032w\" sizes=\"auto, (max-width: 300px) 100vw, 300px\" \/><\/p>\n<p>Hablamos entonces de \u00a0<strong>salud comunitaria<\/strong>, como una expresi\u00f3n colectiva de la\u00a0salud\u00a0de nuestra comunidad, \u00a0que \u00a0est\u00e1 determinada por las relaciones entre las personas, las familias, el medio social cultural y ambiental, as\u00ed como por los servicios de\u00a0salud, y la influencia\u00a0 que ejercen\u00a0 los factores sociales y \u00a0pol\u00edticos.<\/p>\n<p>Dada\u00a0 la necesidad de atender \u00a0<strong>la salud comunitaria en nuestra organizaci\u00f3n<\/strong>, estamos llevando adelante \u00a0un trabajo de atenci\u00f3n de urgencias \u00a0y \u00a0prevenci\u00f3n, \u00a0articulando con diversos espacios, \u00a0como la Escuela t\u00e9cnica N\u00aa11, \u00a0que atiende las problem\u00e1ticas oftalmol\u00f3gicas, \u00a0o el Centro de Salud Comunitaria N\u00aa9,\u00a0 \u00a0que lleva adelante la atenci\u00f3n para nuestras compa\u00f1eres en salud reproductiva y en salud integral, \u00a0y el Cesac N\u00aa41, \u00a0con quienes estamos promoviendo una jornada de vacunaci\u00f3n para todes.<\/p>\n<p>En este marco hemos desarrollado diversos <strong>Talleres de Salud<\/strong>, con los profesionales que se acercan a nuestros espacios de la Casa Popular el Patio, el local de Recicladores de la Boca y la propia FM Riachuelo, para brindar sus conocimientos y compartir en un espacio de debate, \u00a0con una din\u00e1mica muy amena, \u00a0c\u00f3mo\u00a0 prevenir enfermedades.<\/p>\n<p><img loading=\"lazy\" decoding=\"async\" class=\"size-medium wp-image-10612 alignleft\" src=\"http:\/\/fmriachuelo.com.ar\/wp-content\/uploads\/2019\/09\/WhatsApp-Image-2019-09-05-at-12.36.07-300x225.jpeg\" alt=\"\" width=\"300\" height=\"225\" srcset=\"http:\/\/fmriachuelo.it10.com.ar\/wp-content\/uploads\/2019\/09\/WhatsApp-Image-2019-09-05-at-12.36.07-300x225.jpeg 300w, http:\/\/fmriachuelo.it10.com.ar\/wp-content\/uploads\/2019\/09\/WhatsApp-Image-2019-09-05-at-12.36.07-1024x768.jpeg 1024w, http:\/\/fmriachuelo.it10.com.ar\/wp-content\/uploads\/2019\/09\/WhatsApp-Image-2019-09-05-at-12.36.07-768x576.jpeg 768w, http:\/\/fmriachuelo.it10.com.ar\/wp-content\/uploads\/2019\/09\/WhatsApp-Image-2019-09-05-at-12.36.07-750x563.jpeg 750w, http:\/\/fmriachuelo.it10.com.ar\/wp-content\/uploads\/2019\/09\/WhatsApp-Image-2019-09-05-at-12.36.07.jpeg 1032w\" sizes=\"auto, (max-width: 300px) 100vw, 300px\" \/><\/p>\n<p>Estos Talleres tienen que ver con distintos abordajes, \u00a0como el de salud sexual \u00a0y reproductiva,\u00a0 que\u00a0 ya tuvo dos encuentros, o como <strong>el Taller Integral de Salud y Nutrici\u00f3n,\u00a0 \u00a0que se llev\u00f3 a cabo hoy,<\/strong>\u00a0 sobre la mejor \u00a0forma de alimentarnos saludablemente, \u00a0y promover el ejercicio f\u00edsico, para \u00a0prevenci\u00f3n de enfermedades cardiovasculares, y de riesgo, como diabetes y obesidad.<\/p>\n<p>La importancia de esta construcci\u00f3n colectiva, \u00a0nos permite avanzar en una mejor calidad de vida para nuestros compa\u00f1eres,\u00a0 y tambi\u00e9n nos convoca \u00a0a pensar qu\u00e9, \u00a0dentro de los ejes pol\u00edticos de nuestra Organizaci\u00f3n:\u00a0<strong>Salud Comunitaria, \u00a0Formaci\u00f3n Popular,\u00a0 Soberan\u00eda Alimentaria\u00a0 y \u00a0\u00a0H\u00e1bitat,<\/strong> \u00a0est\u00e1n todes relacionados y confluyen en\u00a0 mejores condiciones de vida para nosotres,\u00a0 y para \u00a0nuestros pibxs.<\/p>\n<p>El resultado de estos Talleres, \u00a0nos \u00a0da tambi\u00e8n, la posibilidad\u00a0 de relevar la situaci\u00f3n de \u00a0h\u00e1bitat y alimentaci\u00f3n de nuestros compa\u00f1eres, y\u00a0 as\u00ec avanzar, \u00a0seg\u00fan las necesidades que ellos mismos \u00a0nos transmiten , en la construcci\u00f3n colectiva \u00a0para seguir \u00a0acompa\u00f1ando a nuestras familias, \u00a0con \u00a0mayores posibilidades \u00a0de acceder a \u00a0sus derechos b\u00e1sicos, \u00a0entre los que est\u00e1 \u00a0claramente, el acceso al cuidado de su salud.<\/p>\n<p>S\u00f3lo en forma colectiva y con \u00a0lucha y \u00a0organizaci\u00f3n, \u00a0podemos asegurar que lo que el Estado no nos brinda,\u00a0 nos lo proveemos, como en este caso, para hacer ejercer nuestros derechos y lograr \u00a0el acceso a una \u00a0correcta atenci\u00f3n en salud para los nuestros.<\/p>\n<p><strong>Seguimos avanzando en la construcci\u00f3n de Salud Comunitaria!!.<\/strong><\/p>\n<p><span style=\"color: #800000\">Escucha\u00a0 la entrevista<\/span><\/p>\n<p><a href=\"https:\/\/radiocut.fm\/audiocut\/buscamos-construir-otra-salud-para-companeros-edith-gagliardo\/\">https:\/\/radiocut.fm\/audiocut\/buscamos-construir-otra-salud-para-companeros-edith-gagliardo\/<\/a><\/p>\n<p>&nbsp;<\/p>\n","protected":false},"excerpt":{"rendered":"<p>{FM Riachuelo, 05\/09\/2019} \u00a0En este contexto socio pol\u00edtico del presente, las problem\u00e1ticas \u00a0en atenci\u00f3n de la salud,\u00a0 son una de las tantas necesidades urgentes por las que atraviesa nuestro pueblo, debido a las pol\u00edticas nefastas de exclusi\u00f3n, que lleva adelante el infame gobierno actual. Por ello se est\u00e1 \u00a0desarrollando un trabajo colectivo para el cuidado [&hellip;]<\/p>\n","protected":false},"author":5,"featured_media":10613,"comment_status":"closed","ping_status":"closed","sticky":false,"template":"","format":"standard","meta":{"_monsterinsights_skip_tracking":false,"_monsterinsights_sitenote_active":false,"_monsterinsights_sitenote_note":"","_monsterinsights_sitenote_category":0,"jnews-multi-image_gallery":[],"jnews_single_post":[],"jnews_primary_category":[],"_joinchat":[],"footnotes":""},"categories":[78,109,76],"tags":[],"class_list":["post-10609","post","type-post","status-publish","format-standard","has-post-thumbnail","hentry","category-economia-popular","category-salud","category-salud-comunitaria"],"_links":{"self":[{"href":"http:\/\/fmriachuelo.it10.com.ar\/index.php\/wp-json\/wp\/v2\/posts\/10609","targetHints":{"allow":["GET"]}}],"collection":[{"href":"http:\/\/fmriachuelo.it10.com.ar\/index.php\/wp-json\/wp\/v2\/posts"}],"about":[{"href":"http:\/\/fmriachuelo.it10.com.ar\/index.php\/wp-json\/wp\/v2\/types\/post"}],"author":[{"embeddable":true,"href":"http:\/\/fmriachuelo.it10.com.ar\/index.php\/wp-json\/wp\/v2\/users\/5"}],"replies":[{"embeddable":true,"href":"http:\/\/fmriachuelo.it10.com.ar\/index.php\/wp-json\/wp\/v2\/comments?post=10609"}],"version-history":[{"count":0,"href":"http:\/\/fmriachuelo.it10.com.ar\/index.php\/wp-json\/wp\/v2\/posts\/10609\/revisions"}],"wp:featuredmedia":[{"embeddable":true,"href":"http:\/\/fmriachuelo.it10.com.ar\/index.php\/wp-json\/wp\/v2\/media\/10613"}],"wp:attachment":[{"href":"http:\/\/fmriachuelo.it10.com.ar\/index.php\/wp-json\/wp\/v2\/media?parent=10609"}],"wp:term":[{"taxonomy":"category","embeddable":true,"href":"http:\/\/fmriachuelo.it10.com.ar\/index.php\/wp-json\/wp\/v2\/categories?post=10609"},{"taxonomy":"post_tag","embeddable":true,"href":"http:\/\/fmriachuelo.it10.com.ar\/index.php\/wp-json\/wp\/v2\/tags?post=10609"}],"curies":[{"name":"wp","href":"https:\/\/api.w.org\/{rel}","templated":true}]}}