{"id":10601,"date":"2019-09-04T16:14:22","date_gmt":"2019-09-04T16:14:22","guid":{"rendered":"http:\/\/fmriachuelo.com.ar\/?p=10601"},"modified":"2019-09-04T16:14:22","modified_gmt":"2019-09-04T16:14:22","slug":"declaro-lucas-cabello-sobreviviente-de-gatillo-facil","status":"publish","type":"post","link":"http:\/\/fmriachuelo.it10.com.ar\/index.php\/2019\/09\/04\/declaro-lucas-cabello-sobreviviente-de-gatillo-facil\/","title":{"rendered":"DECLAR\u00d3 LUCAS CABELLO, SOBREVIVIENTE DE GATILLO F\u00c1CIL"},"content":{"rendered":"<p><strong>[*Por Colectivo de Medios Populares 04\/09\/2019]\u00a0En la breve audiencia de ayer, los jueces del Tribunal Oral N\u00b01 escucharon el relato de la violencia policial en primera persona: el testimonio de Lucas Cabello data del 8 de octubre de 2018, momento en el que el joven de La Boca estuvo en condiciones de salud para declarar lo que sufri\u00f3 aquel 9 de noviembre de 2015. Sus palabras fueron incorporadas ayer al juicio luego de transmitir la filmaci\u00f3n en la sala de audiencias.<\/strong><br \/>\nEn su testimonio, el sobreviviente al gatillo f\u00e1cil y querellante en la causa cont\u00f3 con detalles c\u00f3mo Ricardo Ayala, agente de la ex Metropolitana actualmente en servicio efectivo en la Polic\u00eda de la Ciudad, le dispar\u00f3 luego de un cruce de palabras. \u201cMe parece que por una discusi\u00f3n verbal no amerita que me disparen en la cara, porque somos todas personas iguales\u201d, analiz\u00f3 Lucas, quien recuerda pr\u00e1cticamente todo lo que pas\u00f3 ese d\u00eda: que sali\u00f3 a comprar unos sanguches de milanesa para almorzar con su familia y que Ayala lo mir\u00f3 \u201cmal, de arriba abajo\u201d. En la panader\u00eda de la esquina de su casa, en Mart\u00edn Rodr\u00edguez y Arist\u00f3bulo del Valle, la panadera le fio uno de milanesa y uno de jam\u00f3n y queso, y le dio una bolsita con panes saborizados para su hija.<br \/>\nCuando volvi\u00f3 a su casa empezaron una discusi\u00f3n. Durante los pocos minutos que dur\u00f3, Lucas recuerda que Ayala no quit\u00f3 su mano derecha del arma: \u201cEn cualquier momento iba a desenfundar y cada vez que me hablaba y me miraba, ten\u00eda la mano puesta en el arma\u201d.<\/p>\n<p>-Ayala: Ojo, cuidado con lo que vas a hacer.<br \/>\n-Lucas: \u00bfOjo con lo que vas a hacer qu\u00e9?<br \/>\n-Ayala: A m\u00ed me dijeron que vos sos conflictivo.<br \/>\n-Lucas: \u00bfVos c\u00f3mo me conoces a m\u00ed?<\/p>\n<p>Mientras reproduce el cruce de palabras con el polic\u00eda, Lucas recuerda que habitualmente, a las tres o cuatro de la ma\u00f1ana, los polic\u00edas tocaban la sirena para avisar el cambio de guardia y despertaban a su nena de dos a\u00f1os. Lucas sal\u00eda a pedirles que se comuniquen de otra forma.<\/p>\n<p>-Ayala: Negrito de mierda metete para adentro.<br \/>\n-Lucas: Vos no sos polic\u00eda.<br \/>\n-Ayala: S\u00ed, yo soy polic\u00eda y peor, puedo hacer lo que quiero.<br \/>\n-Lucas: Si vos fueras polic\u00eda estar\u00edas en la puerta de un banco atrapando a los chorros y no ac\u00e1 en una consigna entre dos mujeres.<\/p>\n<p>No hubo contacto f\u00edsico y Lucas pens\u00f3 que la discusi\u00f3n hab\u00eda terminado ah\u00ed. Apenas camin\u00f3 un paso y medio hacia su casa, escuch\u00f3 en su espalda un paso fuerte. Cuando se dio vuelta sinti\u00f3 el primer disparo en la mand\u00edbula. Cay\u00f3 al piso, a menos de un metro de Ayala, que estaba parado en el escal\u00f3n de ingreso. Lucas estaba consciente: \u201cYo escuchaba y sent\u00eda todo\u201d. Su pareja sali\u00f3, lo agarr\u00f3 del cuello y, seg\u00fan lo que declar\u00f3 en la audiencia pasada, la joven le grit\u00f3: \u201cHijo de puta, \u00bfPor qu\u00e9 lo hiciste?\u201d. Lucas, tirado en el piso junto a su pareja y su hija, vio a Ayala ingresar al pasillo, acercarse y disparar dos veces m\u00e1s. No pudo escuchar los tiros ni moverse porque la primera bala ya hab\u00eda tocado su m\u00e9dula \u00f3sea: \u201cQued\u00e9 petrificado\u201d, dice y el televisor reproduce la voz de Lucas mientras el abogado que defiende al polic\u00eda env\u00eda mensajitos con su tel\u00e9fono celular sin una m\u00ednima mueca que demuestre que lo est\u00e1 escuchando.<\/p>\n<p><img loading=\"lazy\" decoding=\"async\" class=\"aligncenter wp-image-10604 size-large\" src=\"http:\/\/fmriachuelo.com.ar\/wp-content\/uploads\/2019\/09\/WhatsApp-Image-2019-09-03-at-3.04.44-PM-1-1025x684.jpeg\" alt=\"\" width=\"640\" height=\"427\" \/><br \/>\nEn el monitor, Lucas contin\u00faa con su relato. \u201cMe subieron a un auto, no s\u00e9 c\u00f3mo. Yendo al hospital sent\u00eda la brisa en la cara. Quer\u00eda decirle a mi pareja que la cuide a mi hija y le diga que siempre la quise. Pero no pod\u00eda hablar, no me sal\u00eda la voz. Yo sent\u00eda que me mor\u00eda en ese instante y lo \u00fanico en lo que pensaba era en mi hija, que con solo dos a\u00f1os iba a perder a su padre\u201d. Solo pod\u00eda escuchar que ped\u00edan un camillero a los gritos: \u201cPor favor, r\u00e1pido, se muere, se est\u00e1 desangrando\u201d. Lo sedaron y recuerda ver a su padrastro, Rub\u00e9n, cuando despert\u00f3. Nada m\u00e1s. Ni nada menos. Vivi\u00f3 para contarlo.<br \/>\nLucas vest\u00eda una remera de River de manga corta, una bermuda clarita y zapatillas nuevas grises con celeste. En ning\u00fan momento se sac\u00f3 la remera, asegur\u00f3. El polic\u00eda Ayala, recuerda Lucas, era morocho y un poco m\u00e1s chico que \u00e9l de contextura f\u00edsica. Pero no se acuerda de su cara. Y si en ese momento le pidieran reconocerlo, no podr\u00eda. Es que previo al fusilamiento, dice, s\u00f3lo lo hab\u00eda visto una vez: la noche anterior. Esa fue la primera y la \u00fanica. La consigna policial estaba en la puerta de al lado de la casa de Lucas por una pelea entre vecinas: una de ellas pidi\u00f3 bot\u00f3n antip\u00e1nico y custodia.<br \/>\nEn su testimonio de octubre de 2018, Lucas tambi\u00e9n relat\u00f3 las condiciones en las que viv\u00eda en el conventillo de Mart\u00edn Rodr\u00edguez, un hogar \u201cde tr\u00e1nsito\u201d eterno donde hab\u00eda empezado a independizarse con su hija y su ex pareja. \u201cReci\u00e9n ahora, por lo que me pas\u00f3, me dieron una vivienda digna para vivir con mi familia\u201d, subraya. Con 21 a\u00f1os, Lucas estaba contento con su proyecto. Su mam\u00e1 Carolina viv\u00eda en la habitaci\u00f3n de al lado y lo acompa\u00f1aba. Como ahora, inquebrantable, d\u00e1ndole fuerzas para afrontar el juicio.<br \/>\nPor el conflicto entre las vecinas, la presencia policial en Mart\u00edn Rodr\u00edguez al 500 era permanente. Lucas cuenta que, por momentos, hab\u00eda ocho polic\u00edas para custodiar a una sola persona. Recuerda que algunos de los oficiales acompa\u00f1aban a la mujer custodiada a hacer las compras y le llevaban las bolsas. A la noche, desde su casa en la planta baja, los ve\u00eda y escuchaba cuando, entre dos, tres y hasta cuatro polic\u00edas, jugaban torneos de PlayStation y ped\u00edan pizza con Gancia. \u201cMe parec\u00eda una locura que haya esa cantidad de polic\u00edas para una sola persona\u201d, reflexiona Lucas en su declaraci\u00f3n.<br \/>\n\u201cLa vida me cambi\u00f3 completamente. Estoy yendo a rehabilitaci\u00f3n pero nadie me garantiza que yo pueda volver a caminar. Lo hago con esfuerzo pero hasta el d\u00eda de hoy no pude levantar a mi hija en brazos. Eso es lo que yo m\u00e1s quiero. La puedo ver, jugar con ella, pero yo quiero levantarla, llevarla a la plaza, tenerla en mis brazos. La vida me cambi\u00f3, pas\u00e9 por muchas operaciones, tuve traqueotom\u00eda, un mont\u00f3n de cosas. Y hoy estoy ac\u00e1 pidiendo justicia, porque somos todos iguales y por una discusi\u00f3n verbal no amerita que te peguen un tiro en la cara\u201d, termina Lucas con firmeza. Cuando al inicio de su testimonio los jueces le preguntaron por su ocupaci\u00f3n, dijo que estaba yendo a rehabilitaci\u00f3n. Ayala, en cambio, puede caminar, tomar agua solo, abrazar a su familia.<\/p>\n<p>&nbsp;<\/p>\n<p><iframe loading=\"lazy\" title=\"JUICIO LUCAS CABELLO- 2 AUDIENCIA by FMR\" width=\"500\" height=\"400\" scrolling=\"no\" frameborder=\"no\" src=\"https:\/\/w.soundcloud.com\/player\/?visual=true&#038;url=https%3A%2F%2Fapi.soundcloud.com%2Ftracks%2F676272458&#038;show_artwork=true&#038;maxheight=750&#038;maxwidth=500\"><\/iframe><\/p>\n<p><strong>*FM Riachuelo\/FM La Caterva\/La Retaguardia\/Agencia Paco Urondo\/Sur Capitalino\/Radio Gr\u00e1fica\/Radio Presente<\/strong><\/p>\n","protected":false},"excerpt":{"rendered":"<p>[*Por Colectivo de Medios Populares 04\/09\/2019]\u00a0En la breve audiencia de ayer, los jueces del Tribunal Oral N\u00b01 escucharon el relato de la violencia policial en primera persona: el testimonio de Lucas Cabello data del 8 de octubre de 2018, momento en el que el joven de La Boca estuvo en condiciones de salud para declarar [&hellip;]<\/p>\n","protected":false},"author":5,"featured_media":10603,"comment_status":"closed","ping_status":"closed","sticky":false,"template":"","format":"standard","meta":{"_monsterinsights_skip_tracking":false,"_monsterinsights_sitenote_active":false,"_monsterinsights_sitenote_note":"","_monsterinsights_sitenote_category":0,"jnews-multi-image_gallery":[],"jnews_single_post":[],"jnews_primary_category":[],"_joinchat":[],"footnotes":""},"categories":[80,76],"tags":[],"class_list":["post-10601","post","type-post","status-publish","format-standard","has-post-thumbnail","hentry","category-educacion","category-salud-comunitaria"],"_links":{"self":[{"href":"http:\/\/fmriachuelo.it10.com.ar\/index.php\/wp-json\/wp\/v2\/posts\/10601","targetHints":{"allow":["GET"]}}],"collection":[{"href":"http:\/\/fmriachuelo.it10.com.ar\/index.php\/wp-json\/wp\/v2\/posts"}],"about":[{"href":"http:\/\/fmriachuelo.it10.com.ar\/index.php\/wp-json\/wp\/v2\/types\/post"}],"author":[{"embeddable":true,"href":"http:\/\/fmriachuelo.it10.com.ar\/index.php\/wp-json\/wp\/v2\/users\/5"}],"replies":[{"embeddable":true,"href":"http:\/\/fmriachuelo.it10.com.ar\/index.php\/wp-json\/wp\/v2\/comments?post=10601"}],"version-history":[{"count":0,"href":"http:\/\/fmriachuelo.it10.com.ar\/index.php\/wp-json\/wp\/v2\/posts\/10601\/revisions"}],"wp:featuredmedia":[{"embeddable":true,"href":"http:\/\/fmriachuelo.it10.com.ar\/index.php\/wp-json\/wp\/v2\/media\/10603"}],"wp:attachment":[{"href":"http:\/\/fmriachuelo.it10.com.ar\/index.php\/wp-json\/wp\/v2\/media?parent=10601"}],"wp:term":[{"taxonomy":"category","embeddable":true,"href":"http:\/\/fmriachuelo.it10.com.ar\/index.php\/wp-json\/wp\/v2\/categories?post=10601"},{"taxonomy":"post_tag","embeddable":true,"href":"http:\/\/fmriachuelo.it10.com.ar\/index.php\/wp-json\/wp\/v2\/tags?post=10601"}],"curies":[{"name":"wp","href":"https:\/\/api.w.org\/{rel}","templated":true}]}}