{"id":1059,"date":"2014-10-11T01:33:00","date_gmt":"2014-10-11T01:33:00","guid":{"rendered":"http:\/\/fmriachuelo.observatorioess.org.ar\/index.php\/2014\/10\/11\/reproducimos\/"},"modified":"2025-03-06T15:49:09","modified_gmt":"2025-03-06T18:49:09","slug":"reproducimos","status":"publish","type":"post","link":"http:\/\/fmriachuelo.it10.com.ar\/index.php\/2014\/10\/11\/reproducimos\/","title":{"rendered":"REPRODUCIMOS"},"content":{"rendered":"<p><span style=\"font-size: small\"><span style=\"font-family: Verdana,sans-serif\"><a href=\"http:\/\/2.bp.blogspot.com\/-WGV7H1QBstQ\/VDiIeEm92OI\/AAAAAAAABAI\/ybIGE5dlam4\/s1600\/afiche_modificado_26092014_web-01.jpg\"><span style=\"font-size: small\"><span style=\"font-family: Verdana,sans-serif\"><span style=\"color: red\"><span style=\"font-size: large\"><b>COMUNICADO<\/b><\/span><\/span><\/span><\/span><\/a><span style=\"font-size: small\"><span style=\"font-family: Verdana,sans-serif\"><span style=\"color: red\"><span style=\"font-size: large\"><b><span style=\"font-size: large\"> <\/span>DE LA ORGANIZACI\u00d3N SOCIAL Y POL\u00cdTICA LOS PIBES<\/b><\/span><\/span><span style=\"color: black\"> <\/span><\/span><\/span><\/span><\/span><br \/><a href=\"http:\/\/4.bp.blogspot.com\/-XfdGPLhf5Vk\/VDiIJFJJjHI\/AAAAAAAABAA\/IC8vIYAYcZI\/s1600\/Evo-14.jpg\" style=\"clear: left;float: left;margin-bottom: 1em;margin-right: 1em\"><img loading=\"lazy\" decoding=\"async\" border=\"0\" src=\"http:\/\/4.bp.blogspot.com\/-XfdGPLhf5Vk\/VDiIJFJJjHI\/AAAAAAAABAA\/IC8vIYAYcZI\/s1600\/Evo-14.jpg\" height=\"211\" width=\"320\" \/><\/a><span style=\"font-size: small\"><span style=\"font-family: Verdana,sans-serif\"><span style=\"font-size: small\"><span style=\"font-family: Verdana,sans-serif\"><span style=\"color: black\">ESTE PR\u00d3XIMO DOMINGO 12 DE OCTUBRE, TODA LATINOAM\u00c9RICA <b>VOTA POR<span style=\"font-size: small\"> <\/span>EVO Y POR \u00c1LVARO.<\/b><\/span><\/span><\/span><\/span><\/span><\/p>\n<p><span style=\"font-size: small\"><span style=\"font-family: Verdana,sans-serif\"><span style=\"font-size: small\"><span style=\"font-family: Verdana,sans-serif\"><span style=\"color: black\"><span style=\"font-size: small\"><span style=\"font-family: Verdana,sans-serif\"><span style=\"color: red\"><b><span style=\"font-size: small\">\u00a1\u00a1\u00a1<\/span>LOS PIBES, VAMOS CON EVO<span style=\"font-size: small\">!!!<\/span><\/b><\/span><br \/>SI SOS BOLIVIANO Y EST\u00c1S INSCRIPTO EN EL PADR\u00d3N, \u00a1NO DEJES DE VOTAR POR M\u00c1S PROCESO DE CAMBIO!<\/span><\/span> <\/span><\/span><\/span><img loading=\"lazy\" decoding=\"async\" border=\"0\" height=\"640\" src=\"https:\/\/images-blogger-opensocial.googleusercontent.com\/gadgets\/proxy?url=http%3A%2F%2F2.bp.blogspot.com%2F-WGV7H1QBstQ%2FVDiIeEm92OI%2FAAAAAAAABAI%2FybIGE5dlam4%2Fs1600%2Fafiche_modificado_26092014_web-01.jpg&amp;container=blogger&amp;gadget=a&amp;rewriteMime=image%2F*\" width=\"448\" \/><span style=\"font-size: small\">&nbsp;<\/span><\/span><\/span><\/p>\n<div style=\"clear: both;text-align: center\"><span style=\"font-size: small\"><span style=\"font-family: Verdana,sans-serif\"><\/span><\/span><\/div>\n","protected":false},"excerpt":{"rendered":"<p>COMUNICADO DE LA ORGANIZACI\u00d3N SOCIAL Y POL\u00cdTICA LOS PIBES ESTE PR\u00d3XIMO DOMINGO 12 DE OCTUBRE, TODA LATINOAM\u00c9RICA VOTA POR EVO Y POR \u00c1LVARO. \u00a1\u00a1\u00a1LOS PIBES, VAMOS CON EVO!!!SI SOS BOLIVIANO Y EST\u00c1S INSCRIPTO EN EL PADR\u00d3N, \u00a1NO DEJES DE VOTAR POR M\u00c1S PROCESO DE CAMBIO! &nbsp;<\/p>\n","protected":false},"author":4,"featured_media":0,"comment_status":"open","ping_status":"open","sticky":false,"template":"","format":"standard","meta":{"_monsterinsights_skip_tracking":false,"_monsterinsights_sitenote_active":false,"_monsterinsights_sitenote_note":"","_monsterinsights_sitenote_category":0,"jnews-multi-image_gallery":[],"jnews_single_post":{"format":"standard"},"jnews_primary_category":[],"_joinchat":[],"footnotes":""},"categories":[58],"tags":[70],"class_list":["post-1059","post","type-post","status-publish","format-standard","hentry","category-noticiariachuelo","tag-de-la-patria-grande"],"_links":{"self":[{"href":"http:\/\/fmriachuelo.it10.com.ar\/index.php\/wp-json\/wp\/v2\/posts\/1059","targetHints":{"allow":["GET"]}}],"collection":[{"href":"http:\/\/fmriachuelo.it10.com.ar\/index.php\/wp-json\/wp\/v2\/posts"}],"about":[{"href":"http:\/\/fmriachuelo.it10.com.ar\/index.php\/wp-json\/wp\/v2\/types\/post"}],"author":[{"embeddable":true,"href":"http:\/\/fmriachuelo.it10.com.ar\/index.php\/wp-json\/wp\/v2\/users\/4"}],"replies":[{"embeddable":true,"href":"http:\/\/fmriachuelo.it10.com.ar\/index.php\/wp-json\/wp\/v2\/comments?post=1059"}],"version-history":[{"count":1,"href":"http:\/\/fmriachuelo.it10.com.ar\/index.php\/wp-json\/wp\/v2\/posts\/1059\/revisions"}],"predecessor-version":[{"id":21808,"href":"http:\/\/fmriachuelo.it10.com.ar\/index.php\/wp-json\/wp\/v2\/posts\/1059\/revisions\/21808"}],"wp:attachment":[{"href":"http:\/\/fmriachuelo.it10.com.ar\/index.php\/wp-json\/wp\/v2\/media?parent=1059"}],"wp:term":[{"taxonomy":"category","embeddable":true,"href":"http:\/\/fmriachuelo.it10.com.ar\/index.php\/wp-json\/wp\/v2\/categories?post=1059"},{"taxonomy":"post_tag","embeddable":true,"href":"http:\/\/fmriachuelo.it10.com.ar\/index.php\/wp-json\/wp\/v2\/tags?post=1059"}],"curies":[{"name":"wp","href":"https:\/\/api.w.org\/{rel}","templated":true}]}}