{"id":1050,"date":"2014-10-15T14:14:00","date_gmt":"2014-10-15T14:14:00","guid":{"rendered":"http:\/\/fmriachuelo.observatorioess.org.ar\/index.php\/2014\/10\/15\/noti-ciudad-2\/"},"modified":"2025-03-07T12:16:48","modified_gmt":"2025-03-07T15:16:48","slug":"noti-ciudad-2","status":"publish","type":"post","link":"http:\/\/fmriachuelo.it10.com.ar\/index.php\/2014\/10\/15\/noti-ciudad-2\/","title":{"rendered":"NOTI CIUDAD"},"content":{"rendered":"<p><\/p>\n<div style=\"margin-bottom: .1pt;margin-left: 0cm;margin-right: 0cm;margin-top: .1pt\"><span style=\"font-family: Verdana,sans-serif\"><span style=\"color: red\"><span style=\"font-size: large\"><b>TAIANA PROPUESO CREAR UN MINISTERIO DE ECONOM\u00cdA POPULAR<\/b><\/span><\/span><\/span><\/div>\n<p><span style=\"font-family: Verdana,sans-serif\"><span style=\"font-size: small\">El ex canciller y actual legislador porte\u00f1o por el Frente para la Victoria, Jorge Taiana, propuso hoy la creaci\u00f3n de un Ministerio de la Econom\u00eda Popular, con el objetivo de \u201cgenerar trabajo decente\u201d, y consider\u00f3 que \u201cel trabajo debe estar en el centro de los reclamos y las prioridades\u201d. <\/span><\/span><br \/><a name='more'><\/a><span style=\"font-family: Verdana,sans-serif\"><span style=\"font-size: small\">Todos los que apoyamos el gobierno de N\u00e9stor y Cristina tenemos que debatir qu\u00e9 gobierno queremos en el 2015\u2033, expres\u00f3 Taiana. <br \/>La discusi\u00f3n es ahora determinar \u201cc\u00f3mo se contin\u00faa con este proceso de transformaci\u00f3n, qu\u00e9 prioridades tenemos y qu\u00e9 tenemos que exigirle a los que vayan a ser candidatos en el 2015\u2033.<br \/>En este sentido, se enfoc\u00f3 en el tema de la pobreza y la emergencia de nuevos actores sociales y propuso la creaci\u00f3n de un Ministerio de la Econom\u00eda Popular, para \u201cgenerar trabajo decente, en condiciones de plenitud de derechos y de retribuci\u00f3n adecuada\u201d, seg\u00fan se inform\u00f3 en un comunicado.<br \/>Taiana cerr\u00f3 este s\u00e1bado la Asamblea Popular del Pensamiento Emancipatorio, que durante dos d\u00edas logr\u00f3 reunir en R\u00edo Cuarto a numerosos referentes pol\u00edticos, sociales, sindicales, empresarios, religiosos e intelectuales, para debatir sobre el futuro pol\u00edtico de la Argentina de cara a las elecciones de 2015.<br \/>\u201cDebemos definir c\u00f3mo ser\u00e1 el \u2018segundo tomo\u2019, el primero fueron estos 11 a\u00f1os, ahora hay que pensar cu\u00e1l ser\u00e1 el segundo tomo que se inicia en 2015\u2033, finaliz\u00f3 el legislador porte\u00f1o.<br \/><span style=\"color: #3d85c6\"><span style=\"font-size: x-small\"><b>FUENTE: DIARIO Z<\/b><\/span><\/span><\/span><\/span><\/p>\n","protected":false},"excerpt":{"rendered":"<p>TAIANA PROPUESO CREAR UN MINISTERIO DE ECONOM\u00cdA POPULAR El ex canciller y actual legislador porte\u00f1o por el Frente para la Victoria, Jorge Taiana, propuso hoy la creaci\u00f3n de un Ministerio de la Econom\u00eda Popular, con el objetivo de \u201cgenerar trabajo decente\u201d, y consider\u00f3 que \u201cel trabajo debe estar en el centro de los reclamos y [&hellip;]<\/p>\n","protected":false},"author":4,"featured_media":0,"comment_status":"open","ping_status":"open","sticky":false,"template":"","format":"standard","meta":{"_monsterinsights_skip_tracking":false,"_monsterinsights_sitenote_active":false,"_monsterinsights_sitenote_note":"","_monsterinsights_sitenote_category":0,"jnews-multi-image_gallery":[],"jnews_single_post":{"format":"standard"},"jnews_primary_category":[],"_joinchat":[],"footnotes":""},"categories":[58],"tags":[81,148],"class_list":["post-1050","post","type-post","status-publish","format-standard","hentry","category-noticiariachuelo","tag-aguafuertes-portenas","tag-trabajo"],"_links":{"self":[{"href":"http:\/\/fmriachuelo.it10.com.ar\/index.php\/wp-json\/wp\/v2\/posts\/1050","targetHints":{"allow":["GET"]}}],"collection":[{"href":"http:\/\/fmriachuelo.it10.com.ar\/index.php\/wp-json\/wp\/v2\/posts"}],"about":[{"href":"http:\/\/fmriachuelo.it10.com.ar\/index.php\/wp-json\/wp\/v2\/types\/post"}],"author":[{"embeddable":true,"href":"http:\/\/fmriachuelo.it10.com.ar\/index.php\/wp-json\/wp\/v2\/users\/4"}],"replies":[{"embeddable":true,"href":"http:\/\/fmriachuelo.it10.com.ar\/index.php\/wp-json\/wp\/v2\/comments?post=1050"}],"version-history":[{"count":1,"href":"http:\/\/fmriachuelo.it10.com.ar\/index.php\/wp-json\/wp\/v2\/posts\/1050\/revisions"}],"predecessor-version":[{"id":21819,"href":"http:\/\/fmriachuelo.it10.com.ar\/index.php\/wp-json\/wp\/v2\/posts\/1050\/revisions\/21819"}],"wp:attachment":[{"href":"http:\/\/fmriachuelo.it10.com.ar\/index.php\/wp-json\/wp\/v2\/media?parent=1050"}],"wp:term":[{"taxonomy":"category","embeddable":true,"href":"http:\/\/fmriachuelo.it10.com.ar\/index.php\/wp-json\/wp\/v2\/categories?post=1050"},{"taxonomy":"post_tag","embeddable":true,"href":"http:\/\/fmriachuelo.it10.com.ar\/index.php\/wp-json\/wp\/v2\/tags?post=1050"}],"curies":[{"name":"wp","href":"https:\/\/api.w.org\/{rel}","templated":true}]}}