{"id":1049,"date":"2014-10-15T14:22:00","date_gmt":"2014-10-15T14:22:00","guid":{"rendered":"http:\/\/fmriachuelo.observatorioess.org.ar\/index.php\/2014\/10\/15\/la-unidad-de-nuestramerica\/"},"modified":"2025-03-07T12:17:10","modified_gmt":"2025-03-07T15:17:10","slug":"la-unidad-de-nuestramerica","status":"publish","type":"post","link":"http:\/\/fmriachuelo.it10.com.ar\/index.php\/2014\/10\/15\/la-unidad-de-nuestramerica\/","title":{"rendered":"LA UNIDAD DE NUESTRAMERICA"},"content":{"rendered":"<div><span style=\"color: red\"><b><span style=\"font-size: large\"><span style=\"font-family: Verdana\">El Alba fortalecer\u00e1 medidas de seguridad contra el \u00e9bola<\/span><span><\/span><\/span><\/b><\/span><\/div>\n<p><span style=\"font-size: small\"><span style=\"font-family: Verdana,sans-serif\"><b>Los pa\u00edses del Alba acordar\u00e1n en La Habana, Cuba, un plan conjunto de acci\u00f3n frente al virus del \u00e9bola.<\/b><br \/>Los ministros de Salud de la Alianza Bolivariana para los Pueblos de Nuestra Am\u00e9rica (Alba) se reunir\u00e1n el pr\u00f3ximo 20 de octubre en La Habana, Cuba, para acordar medidas de seguridad conjuntas que impidan la propagaci\u00f3n del virus del \u00e9bola en la regi\u00f3n.<\/span><\/span><a name='more'><\/a><span style=\"font-size: small\"><span style=\"font-family: Verdana,sans-serif\">As\u00ed lo inform\u00f3 este martes la titular del despacho para la Salud en Venezuela, Nancy P\u00e9rez, tras participar en el primer simulacro de atenci\u00f3n a personas que pudiesen presentar la sintomatolog\u00eda caracter\u00edstica de dicha enfermedad, llevado a cabo en el Aeropuerto Internacional de Maiquet\u00eda \u201cSim\u00f3n Bol\u00edvar\u201d, en el estado Vargas.<br \/>La actividad cont\u00f3 con la presencia de epidemi\u00f3logos, representantes de la Organizaci\u00f3n Mundial de la Salud (OMS), autoridades gubernamentales y personal del terminal a\u00e9reo.<br \/>Fue decidido que fuera en La Habana para hacer un plan conjunto, que integre a todos los pa\u00edses del Alba para poder dar respuesta a esta patolog\u00eda que tiene tantos costos humanos y materiales.<br \/>La Uni\u00f3n de Naciones Suramericanas (Unasur) y la Organizaci\u00f3n Panamericana de la Salud (OPS) hacen seguimiento a la situaci\u00f3n del \u00e9bola en el mundo, a fin de evitar su propagaci\u00f3n en la regi\u00f3n, resalt\u00f3 el secretario general de Unasur, Ernesto Samper, a trav\u00e9s de @ernestosamperp.<br \/>Guinea, Liberia y Sierra Leona, todos en \u00c1frica Occidental, son los m\u00e1s afectados por el brote del virus, mientras que en Alemania, Estados Unidos y Espa\u00f1a se han registrado casos puntuales.<br \/><span style=\"font-size: x-small\"><span style=\"color: #3d85c6\"><b>FUENTE: TELESUR<\/b><\/span><\/span><\/span><\/span><\/p>\n","protected":false},"excerpt":{"rendered":"<p>El Alba fortalecer\u00e1 medidas de seguridad contra el \u00e9bola Los pa\u00edses del Alba acordar\u00e1n en La Habana, Cuba, un plan conjunto de acci\u00f3n frente al virus del \u00e9bola.Los ministros de Salud de la Alianza Bolivariana para los Pueblos de Nuestra Am\u00e9rica (Alba) se reunir\u00e1n el pr\u00f3ximo 20 de octubre en La Habana, Cuba, para acordar [&hellip;]<\/p>\n","protected":false},"author":4,"featured_media":0,"comment_status":"open","ping_status":"open","sticky":false,"template":"","format":"standard","meta":{"_monsterinsights_skip_tracking":false,"_monsterinsights_sitenote_active":false,"_monsterinsights_sitenote_note":"","_monsterinsights_sitenote_category":0,"jnews-multi-image_gallery":[],"jnews_single_post":{"format":"standard"},"jnews_primary_category":[],"_joinchat":[],"footnotes":""},"categories":[58],"tags":[70],"class_list":["post-1049","post","type-post","status-publish","format-standard","hentry","category-noticiariachuelo","tag-de-la-patria-grande"],"_links":{"self":[{"href":"http:\/\/fmriachuelo.it10.com.ar\/index.php\/wp-json\/wp\/v2\/posts\/1049","targetHints":{"allow":["GET"]}}],"collection":[{"href":"http:\/\/fmriachuelo.it10.com.ar\/index.php\/wp-json\/wp\/v2\/posts"}],"about":[{"href":"http:\/\/fmriachuelo.it10.com.ar\/index.php\/wp-json\/wp\/v2\/types\/post"}],"author":[{"embeddable":true,"href":"http:\/\/fmriachuelo.it10.com.ar\/index.php\/wp-json\/wp\/v2\/users\/4"}],"replies":[{"embeddable":true,"href":"http:\/\/fmriachuelo.it10.com.ar\/index.php\/wp-json\/wp\/v2\/comments?post=1049"}],"version-history":[{"count":1,"href":"http:\/\/fmriachuelo.it10.com.ar\/index.php\/wp-json\/wp\/v2\/posts\/1049\/revisions"}],"predecessor-version":[{"id":21820,"href":"http:\/\/fmriachuelo.it10.com.ar\/index.php\/wp-json\/wp\/v2\/posts\/1049\/revisions\/21820"}],"wp:attachment":[{"href":"http:\/\/fmriachuelo.it10.com.ar\/index.php\/wp-json\/wp\/v2\/media?parent=1049"}],"wp:term":[{"taxonomy":"category","embeddable":true,"href":"http:\/\/fmriachuelo.it10.com.ar\/index.php\/wp-json\/wp\/v2\/categories?post=1049"},{"taxonomy":"post_tag","embeddable":true,"href":"http:\/\/fmriachuelo.it10.com.ar\/index.php\/wp-json\/wp\/v2\/tags?post=1049"}],"curies":[{"name":"wp","href":"https:\/\/api.w.org\/{rel}","templated":true}]}}