{"id":1046,"date":"2014-10-16T19:48:00","date_gmt":"2014-10-16T19:48:00","guid":{"rendered":"http:\/\/fmriachuelo.observatorioess.org.ar\/index.php\/2014\/10\/16\/la-criminalizacion-de-la-protesta-2\/"},"modified":"2025-03-07T12:23:26","modified_gmt":"2025-03-07T15:23:26","slug":"la-criminalizacion-de-la-protesta-2","status":"publish","type":"post","link":"http:\/\/fmriachuelo.it10.com.ar\/index.php\/2014\/10\/16\/la-criminalizacion-de-la-protesta-2\/","title":{"rendered":"LA CRIMINALIZACION DE LA PROTESTA"},"content":{"rendered":"<p><span style=\"font-family: Verdana,sans-serif\"><span style=\"color: red\"><b><span style=\"font-size: large\">LOS LUCHADORES SOCIALES SON CONDENADOS<\/span><\/b><\/span><br \/><b>REPRODUCIMOS COMUNICADO<\/b><br \/>Este viernes 17 de Octubre 12hs en los Tribunales de Comodoro Py, Fernando Esteche, dirigente de Quebracho, en un juicio abreviado en el Tribunal Oral Federal n\u00b0 5, ser\u00e1 condenado en dos causas que tiene pendiente.<br \/>Realizaremos un acto frente al edificio de los Tribunales, donde se espera una gran movilizaci\u00f3n popular y la presencia de distintas organizaciones y dirigentes pol\u00edticos, quienes nos vienen acompa\u00f1ando tan solidariamente en esta pelea que comenz\u00f3 ya hace mucho.<a name='more'><\/a>Con esto Esteche ver\u00e1 agravada su condena en el marco de un acuerdo (juicio abreviado) por el cual asume las culpas judiciales de haber protestado contra el FMI en el a\u00f1o 2004 y la deuda externa, y contra las atrocidades del Estado sionista de Israel en 2006.<br \/>Asumimos la culpa de haber intimidado (nada nos dejar\u00eda m\u00e1s satisfechos que haber podido intimidar a la misi\u00f3n del FMI) y se unifican todas las condenas, incluida la que actualmente est\u00e1 cumpliendo en prisi\u00f3n, llevando el total a una condena unificada de 4 a\u00f1os y 2 meses de prisi\u00f3n.<br \/>Con este acuerdo se consagra lo que de todas maneras iba a suceder de haberse llevado a cabo el juicio oral. All\u00ed nos esperaba una condena segura y quiz\u00e1s m\u00e1s grave.<br \/>Mientras nosotros estamos pagando por nuestra insolencia, desde el Poder Judicial siguen construyendo impunidad, absolviendo a los Cavallo, los Munlford, los De la R\u00faa, los Maria Julia. Siguen diciendo algunos: \u00abhay que dejar actuar a la justicia\u00bb. Justamente, cuando act\u00faa esa \u201cjusticia\u201d, los militantes populares van a parar a la c\u00e1rcel y los que entregaron y saquearon la Patria, los asesinos, los rufianes, quedan libres de culpa y cargo. <br \/>Son momentos oscuros en un sentido, pero luminosos en muchos otros. Eso es lo que nos hace enfrentar esta situaci\u00f3n con optimismo y expectativas, porque de una u otra forma nuestro pueblo, que comprende cabalmente que la Verdad Judicial est\u00e1 re\u00f1ida con la Verdad Hist\u00f3rica, siempre encuentra la forma de poner las cosas en su lugar, de poner a los patriotas en las calles y a los bandidos en las c\u00e1rceles.<br \/>Estas condenas, como las que pueden caer sobre otros compa\u00f1eros, evidencian la dignidad de todos nosotros como pueblo, que a pesar de la impunidad de los m\u00e1s fuertes, de los poderosos, sigue resistiendo, seguiremos construyendo y defendiendo nuestros derechos.<br \/>Contacto de Prensa:<br \/>1144105848<br \/>MPR QUEBRACHO<\/span><\/p>\n","protected":false},"excerpt":{"rendered":"<p>LOS LUCHADORES SOCIALES SON CONDENADOSREPRODUCIMOS COMUNICADOEste viernes 17 de Octubre 12hs en los Tribunales de Comodoro Py, Fernando Esteche, dirigente de Quebracho, en un juicio abreviado en el Tribunal Oral Federal n\u00b0 5, ser\u00e1 condenado en dos causas que tiene pendiente.Realizaremos un acto frente al edificio de los Tribunales, donde se espera una gran movilizaci\u00f3n [&hellip;]<\/p>\n","protected":false},"author":4,"featured_media":0,"comment_status":"open","ping_status":"open","sticky":false,"template":"","format":"standard","meta":{"_monsterinsights_skip_tracking":false,"_monsterinsights_sitenote_active":false,"_monsterinsights_sitenote_note":"","_monsterinsights_sitenote_category":0,"jnews-multi-image_gallery":[],"jnews_single_post":{"format":"standard"},"jnews_primary_category":[],"_joinchat":[],"footnotes":""},"categories":[58],"tags":[119],"class_list":["post-1046","post","type-post","status-publish","format-standard","hentry","category-noticiariachuelo","tag-derechos-humanos"],"_links":{"self":[{"href":"http:\/\/fmriachuelo.it10.com.ar\/index.php\/wp-json\/wp\/v2\/posts\/1046","targetHints":{"allow":["GET"]}}],"collection":[{"href":"http:\/\/fmriachuelo.it10.com.ar\/index.php\/wp-json\/wp\/v2\/posts"}],"about":[{"href":"http:\/\/fmriachuelo.it10.com.ar\/index.php\/wp-json\/wp\/v2\/types\/post"}],"author":[{"embeddable":true,"href":"http:\/\/fmriachuelo.it10.com.ar\/index.php\/wp-json\/wp\/v2\/users\/4"}],"replies":[{"embeddable":true,"href":"http:\/\/fmriachuelo.it10.com.ar\/index.php\/wp-json\/wp\/v2\/comments?post=1046"}],"version-history":[{"count":1,"href":"http:\/\/fmriachuelo.it10.com.ar\/index.php\/wp-json\/wp\/v2\/posts\/1046\/revisions"}],"predecessor-version":[{"id":21823,"href":"http:\/\/fmriachuelo.it10.com.ar\/index.php\/wp-json\/wp\/v2\/posts\/1046\/revisions\/21823"}],"wp:attachment":[{"href":"http:\/\/fmriachuelo.it10.com.ar\/index.php\/wp-json\/wp\/v2\/media?parent=1046"}],"wp:term":[{"taxonomy":"category","embeddable":true,"href":"http:\/\/fmriachuelo.it10.com.ar\/index.php\/wp-json\/wp\/v2\/categories?post=1046"},{"taxonomy":"post_tag","embeddable":true,"href":"http:\/\/fmriachuelo.it10.com.ar\/index.php\/wp-json\/wp\/v2\/tags?post=1046"}],"curies":[{"name":"wp","href":"https:\/\/api.w.org\/{rel}","templated":true}]}}