{"id":10432,"date":"2019-07-26T02:40:50","date_gmt":"2019-07-26T02:40:50","guid":{"rendered":"http:\/\/fmriachuelo.com.ar\/?p=10432"},"modified":"2019-07-26T02:40:50","modified_gmt":"2019-07-26T02:40:50","slug":"las-huertas-como-espacio-de-resistencia","status":"publish","type":"post","link":"http:\/\/fmriachuelo.it10.com.ar\/index.php\/2019\/07\/26\/las-huertas-como-espacio-de-resistencia\/","title":{"rendered":"LAS HUERTAS COMO ESPACIO DE RESISTENCIA"},"content":{"rendered":"<p><strong>[FM Riachuelo 25\/07\/2019] La producci\u00f3n de Cazadores de Zonceras viaj\u00f3 hasta el barrio Las Tunas del Partido de Tigre para entrevistar a quienes forman parte del \u201cFrente de Huertas\u201d. Conversamos con lxs integrantes de organizaciones de Punta Querand\u00ed, Peronismo 26 de Julio y Comunidad Pacheco para intercambiar saberes \u00a0sobre la construcci\u00f3n colectiva en la producci\u00f3n de alimentos sanos,\u00a0 imaginaron un modelo de producci\u00f3n de alimentos que contemple las necesidades de nuestro Pueblo, el conflicto que llevan adelante en defensa de los humedales de Dique Luj\u00e1n y Villa la \u00d1ata y tambi\u00e9n explicaron el trabajo que realizan en cada espacio comunitario.<\/strong><\/p>\n<p>Luego de una c\u00e1lida conversaci\u00f3n durante el almuerzo que prepararon lxs compa\u00f1erxs, el equipo de FM Riachuelo mont\u00f3 la radio en el espacio donde todos los d\u00edas lxs integrantes de la Organizaci\u00f3n Peronismo 26 de julio reflexionan y planifican su rutina de trabajo.<\/p>\n<p>Durante la entrevista Valeria Gracia, coordinadora de Comunidad Pacheco contaba como fue el proceso que fueron recorriendo en la interpretaci\u00f3n de algo tan elemental como es la alimentaci\u00f3n: \u00abempezamos a ver dos cosas, que por un lado era importante empezar a entender que el alimento pod\u00eda llegar a los comedores pero no era el alimento que necesit\u00e1bamos. Y por otro lado, empezamos a investigar e ir aprendiendo con mayor profundidad que en realidad comemos alimentos envenenados\u00bb.<\/p>\n<p><img loading=\"lazy\" decoding=\"async\" class=\"aligncenter wp-image-10437 size-large\" src=\"http:\/\/fmriachuelo.com.ar\/wp-content\/uploads\/2019\/07\/WhatsApp-Image-2019-07-25-at-1.41.37-PM-1-1-1025x579.jpeg\" alt=\"\" width=\"640\" height=\"362\" \/><\/p>\n<p>Cinthia, forma parte del Peronismo 26 de Julio, contaba que ante la necesidad de complementar el salario social del Programa Hacemos Futuro generaron emprendimientos de distintos oficios como ser: carpinter\u00eda, huertas, \u00abnosotros creamos dignidad. Creemos en esta cultura del trabajo y sobre todo trabajar en cooperativismo. Por eso seguimos resistiendo en este Programa Hacemos Futuro, el Gobierno busca que vos te vayas por la propia. El trabajo de huerta es vincularse con el otro y ser solidario, as\u00ed que estamos en esa pelea. A esta idea se sumo Luis, del Peronismo 26 de Julio, \u00abMe parece que es una lucha social organizada que solamente da frutos cuando todxs nos vinculamos. Y esa lucha a veces tiene que ver con el trabajo que se hace en estos lugares, en la huerta con las distintas actividades que tomamos a lo largo del a\u00f1o; y despu\u00e9s las veces que tenemos que salir a reclamar en la calle para que no nos borren de un plumazo\u00bb.<\/p>\n<p>Por otro lado, Luz de Comunidad Pacheco contaba: \u00abCuando me acerqu\u00e9 entend\u00ed que con la huerta pod\u00eda aprender un mont\u00f3n de cosas.\u00a0 Y que el espacio adem\u00e1s de aprender a cultivar, me permit\u00eda acceder a conocimientos que pod\u00eda aplicar en cualquier cosa. Comunidad Pacheco es un espacio donde aprendo sobre huerta, pero que adem\u00e1s comparto con mis compa\u00f1eros. Adem\u00e1s encontrarme que en una asamblea pod\u00edamos\u00a0 sentarnos todxs y tener una reflexi\u00f3n pol\u00edtica sobre de donde viene la comida que comemos, c\u00f3mo la queremos producir. De repente me encontr\u00e9 en una huerta donde aprend\u00eda mucho m\u00e1s que huerta y donde empec\u00e9 a pensar en reflexiones pol\u00edticas sobre las cosas y que era algo que no hab\u00eda encontrado antes en otro espacio\u00bb.<\/p>\n<p>Mat\u00edas, de Comunidad Pacheco habl\u00f3 de la necesidad de generar los espacios de huerta: \u00abla huerta es un espacio de resistencia en el que se pelean un mont\u00f3n de cosas, nos resistimos a que la verdura que comemos todos los d\u00edas est\u00e9 cargada de agrot\u00f3xicos que nos enferman y nos acortan nuestra realidad y esperanza de vida. Resistirse tambi\u00e9n\u00a0 a que las cosas se tienen que hacer de manera individual, que el espacio de huerta es un espacio comunitario donde te vinculas con el otro y trabajas con el otro y compart\u00eds con el otro. Es una espacio de resistencia tambi\u00e9n a lo que tiene que ver con permanecer en el territorio y en la tierra, el hecho de estar en un lugar y trabajar tu tierra, enamorarte de tu tierra en cierta forma: trabajarla, cultivarla, cuidarla, conocerla. Tiene que ver con un arraigo y un permanecer. Resistir en la tierra de la cual te quieren sacar. Y todo esto adem\u00e1s es una lucha que se da en el marco de una lucha general donde est\u00e1 la necesidad de resistir desde la producci\u00f3n de alimentos sanos, desde la organizaci\u00f3n de agricultores, campesinos y campesinas que siguen trabajando su tierra desde lo chiquito, desde lo escondido. Son los que est\u00e1n resistiendo y finalmente sosteniendo la alimentaci\u00f3n de todos.<\/p>\n<p><strong>Escucha la entrevista completa:<\/strong><\/p>\n<p><iframe loading=\"lazy\" title=\"ENTREVISTA RIACHUELO: HUERTAS EN ESPACIOS DE RESISTENCIA by FMR\" width=\"500\" height=\"450\" scrolling=\"no\" frameborder=\"no\" src=\"https:\/\/w.soundcloud.com\/player\/?visual=true&#038;url=https%3A%2F%2Fapi.soundcloud.com%2Fplaylists%2F832442003&#038;show_artwork=true&#038;maxheight=750&#038;maxwidth=500\"><\/iframe><\/p>\n","protected":false},"excerpt":{"rendered":"<p>[FM Riachuelo 25\/07\/2019] La producci\u00f3n de Cazadores de Zonceras viaj\u00f3 hasta el barrio Las Tunas del Partido de Tigre para entrevistar a quienes forman parte del \u201cFrente de Huertas\u201d. Conversamos con lxs integrantes de organizaciones de Punta Querand\u00ed, Peronismo 26 de Julio y Comunidad Pacheco para intercambiar saberes \u00a0sobre la construcci\u00f3n colectiva en la producci\u00f3n [&hellip;]<\/p>\n","protected":false},"author":5,"featured_media":10436,"comment_status":"closed","ping_status":"open","sticky":false,"template":"","format":"aside","meta":{"_monsterinsights_skip_tracking":false,"_monsterinsights_sitenote_active":false,"_monsterinsights_sitenote_note":"","_monsterinsights_sitenote_category":0,"jnews-multi-image_gallery":[],"jnews_single_post":[],"jnews_primary_category":[],"_joinchat":[],"footnotes":""},"categories":[76,126],"tags":[],"class_list":["post-10432","post","type-post","status-publish","format-aside","has-post-thumbnail","hentry","category-salud-comunitaria","category-soberania-alimentaria","post_format-post-format-aside"],"_links":{"self":[{"href":"http:\/\/fmriachuelo.it10.com.ar\/index.php\/wp-json\/wp\/v2\/posts\/10432","targetHints":{"allow":["GET"]}}],"collection":[{"href":"http:\/\/fmriachuelo.it10.com.ar\/index.php\/wp-json\/wp\/v2\/posts"}],"about":[{"href":"http:\/\/fmriachuelo.it10.com.ar\/index.php\/wp-json\/wp\/v2\/types\/post"}],"author":[{"embeddable":true,"href":"http:\/\/fmriachuelo.it10.com.ar\/index.php\/wp-json\/wp\/v2\/users\/5"}],"replies":[{"embeddable":true,"href":"http:\/\/fmriachuelo.it10.com.ar\/index.php\/wp-json\/wp\/v2\/comments?post=10432"}],"version-history":[{"count":0,"href":"http:\/\/fmriachuelo.it10.com.ar\/index.php\/wp-json\/wp\/v2\/posts\/10432\/revisions"}],"wp:featuredmedia":[{"embeddable":true,"href":"http:\/\/fmriachuelo.it10.com.ar\/index.php\/wp-json\/"}],"wp:attachment":[{"href":"http:\/\/fmriachuelo.it10.com.ar\/index.php\/wp-json\/wp\/v2\/media?parent=10432"}],"wp:term":[{"taxonomy":"category","embeddable":true,"href":"http:\/\/fmriachuelo.it10.com.ar\/index.php\/wp-json\/wp\/v2\/categories?post=10432"},{"taxonomy":"post_tag","embeddable":true,"href":"http:\/\/fmriachuelo.it10.com.ar\/index.php\/wp-json\/wp\/v2\/tags?post=10432"}],"curies":[{"name":"wp","href":"https:\/\/api.w.org\/{rel}","templated":true}]}}