{"id":1043,"date":"2014-10-18T02:06:00","date_gmt":"2014-10-18T02:06:00","guid":{"rendered":"http:\/\/fmriachuelo.observatorioess.org.ar\/index.php\/2014\/10\/18\/la-criminalizacion-de-la-protesta\/"},"modified":"2025-03-07T12:28:39","modified_gmt":"2025-03-07T15:28:39","slug":"la-criminalizacion-de-la-protesta","status":"publish","type":"post","link":"http:\/\/fmriachuelo.it10.com.ar\/index.php\/2014\/10\/18\/la-criminalizacion-de-la-protesta\/","title":{"rendered":"LA CRIMINALIZACION DE LA PROTESTA"},"content":{"rendered":"<p><span style=\"font-family: Verdana,sans-serif\"><span style=\"color: red\"><span style=\"font-size: large\"><b>LA POL\u00cdTICA DEL PODER JUDICIAL<br \/>LA DIGNIDAD DE NUESTRAS CULPAS<\/b><\/span><\/span><br \/><b>Carta abierta de Fernando Esteche<\/b><br \/><i>C\u00e1rcel de Ezeiza, 15 de octubre de 2014<\/i><br \/>Solamente cuando uno puede distinguir que la \u00c9tica en la que se referencia y construye la noci\u00f3n de Justicia que se produce desde el Poder Judicial (que adem\u00e1s suele pretenderse \u201cla justica\u201d), es contraria a la \u00c9tica Nacional que enmarca la producci\u00f3n hist\u00f3rica de los argentinos; s\u00f3lo entonces, el lugar del condenado, del culpable, lejos de redundar en un oprobio y un escarnio, es se\u00f1al de dignidad.<br \/>Frente al asesinato de Carlos Fuentealba el Poder Judicial delimit\u00f3 dos tipos de delito. Uno, el asesinato, cuyo responsable, el gobernador Sobisch, nunca estuvo un solo d\u00eda preso. El otro, la reacci\u00f3n de repudio a dicho asesinato y al asesino, por el cual mi compa\u00f1ero Lescano y yo permanecemos detenidos y fuimos condenados a casi cuatro a\u00f1os de prisi\u00f3n.<a name='more'><\/a>Respecto a la Deuda Externa, el Poder Judicial distingui\u00f3 tambi\u00e9n dos tipos de delito. Uno, la estafa que banqueros y funcionarios realizaron contra el pueblo argentino. Ning\u00fan responsable fue condenado. El otro, el repudio de parte de sectores organizados pol\u00edticamente ante dichas maniobras y dichos funcionarios, sucesos que llevan a otra condena a quien esto escribe, a varios a\u00f1os de prisi\u00f3n.<br \/>En la toma de tierras ociosas en el llamado Parque Indoamericano, el Poder Judicial tambi\u00e9n distingue dos tipos de delito. Uno ser\u00e1 la represi\u00f3n ilegal y feroz por parte de las fuerzas policiales contra la gente que all\u00ed intentaba construirse un destino, y por el cual no hay ning\u00fan procesado. El otro delito ser\u00e1 haber participado de la toma, haberse organizado, y por lo cual dos compa\u00f1eros enfrentan por estos d\u00edas un escandaloso juicio.<br \/>Podr\u00eda seguir enumerando situaciones similares donde siempre paga el m\u00e1s d\u00e9bil, a pesar de las orientaciones que el vice ministro de Justicia \u00c1lvarez hace a los jueces para que se animen a dictar sentencias observando siempre al m\u00e1s vulnerable. Es dif\u00edcil no tomar esto como una burla, si uno advierte adem\u00e1s que, con impostada ingenuidad, \u00c1lvarez les propone a esos mismos jueces que \u201chagan pol\u00edtica con sus sentencias\u201d, como si hasta el momento, hubieran estado haciendo alguna otra cosa que no fuera Pol\u00edtica.<br \/>Hoy en Argentina hay dos dirigente pol\u00edticos presos en el marco de la disociaci\u00f3n \u00e9tica en que nos encontramos. Hace d\u00edas nom\u00e1s fue absuelto, a pesar de una requisitoria fiscal condenatoria, el Sr. Domingo Cavallo. Semanas atr\u00e1s se nos criticaba por unos huevazos y nos propon\u00edan, ilusos, que deb\u00edamos dejar que actuara La Justicia (que es el modo en que muchos inadvertidamente llaman al poder judicial, como si fuera lo mismo). Y claro, eso que ellos llaman Justicia actu\u00f3, y lo absolvieron\u2026<br \/>Nosotros este viernes veremos agravada nuestra condena en el marco de un acuerdo (juicio abreviado) por el cual asumimos nuestras culpas judiciales de haber protestado contra el FMI en el a\u00f1o 2004 y la deuda externa. Asumimos la culpa de haber intimidado (nada nos dejar\u00eda m\u00e1s satisfechos que haber podido intimidar a la misi\u00f3n del FMI) y se nos unifican todas las condenas para tener que cumplir 4 a\u00f1os y 2 meses de prisi\u00f3n. Con este acuerdo se consagra lo que de todas maneras iba a suceder de haberse llevado a cabo el juicio oral. All\u00ed nos esperaba una condena segura y quiz\u00e1s m\u00e1s grave.<br \/>Es cierto que en el marco de la legalidad los actos que se eval\u00faan en este juicio abreviado pueden ser tomados como delito. En el marco de esta legalidad los como nosotros, que no somos nada parecido a los Cavallo, los Muldorf, los Duhalde o los De la R\u00faa, debemos pagar con condenas nuestra insolencia. Pero esta situaci\u00f3n no le quita legitimidad a nuestros reclamos y tampoco le resta pertinencia a nuestras protestas.<br \/>Si la moral, el bien y el mal, lo definen quienes producen tanta impunidad (este martes pasado absolvieron a Mar\u00eda Julia en una de sus causas), entonces es un honor estar de este lado, rejas adentro, ser de los despreciados y vituperados por los c\u00ednicos oportunistas que reproducen el discurso del poder. Cada una de estas condenas, las que pesan sobre nosotros y las que pueden caer sobre otros compa\u00f1eros, no son otra cosa que la evidencia de la dignidad de nuestro pueblo que, a pesar que se ense\u00f1oree la impunidad del m\u00e1s fuerte, del poderoso, sigue resistiendo,. A pesar de eso, seguimos construyendo y defendiendo nuestros derechos.<br \/>Son momentos oscuros en un sentido, pero luminosos en muchos otros. Eso es lo que nos hace enfrentar esta situaci\u00f3n con optimismo y expectativas, porque de una u otra forma nuestro pueblo, que comprende cabalmente que la Verdad Judicial est\u00e1 re\u00f1ida con la Verdad Hist\u00f3rica, siempre encuentra la forma de poner las cosas en su lugar, de poner a los patriotas en las calles y a los bandidos en las c\u00e1rceles.<br \/>Posdata: Al finalizar esta carta nos enteramos de la absoluci\u00f3n de Mar\u00eda Julia Alsogaray, \u00edcono de la entrega y el saqueo de nuestra Patria, por una causa por corrupci\u00f3n en el manejo de los terrenos de Entel. Ellos esperan que act\u00fae \u00abla justicia\u00bb, porque es la forma de consagrar su impunidad.<br \/>Fernando Esteche es Secretario Pol\u00edtico del MPR Quebracho, Lic. en Comunicaci\u00f3n Social y Profesor Titular de Relaciones Internacionales y Comunicaci\u00f3n (c\u00e1tedra II) de la Facultad de Periodismo \u2013 UNLP. Se encuentra detenido en la c\u00e1rcel de Ezeiza desde el 3 de diciembre de 2013, condenado a 3 a\u00f1os y 8 meses de prisi\u00f3n, por un escrache al ex gobernador de Neuqu\u00e9n Jorge Sobisch, responsable del asesinato de Carlos Fuentealba en abril de 2007. Esteche no particip\u00f3 de los hechos de los que se lo acusa.<\/span><\/p>\n","protected":false},"excerpt":{"rendered":"<p>LA POL\u00cdTICA DEL PODER JUDICIALLA DIGNIDAD DE NUESTRAS CULPASCarta abierta de Fernando EstecheC\u00e1rcel de Ezeiza, 15 de octubre de 2014Solamente cuando uno puede distinguir que la \u00c9tica en la que se referencia y construye la noci\u00f3n de Justicia que se produce desde el Poder Judicial (que adem\u00e1s suele pretenderse \u201cla justica\u201d), es contraria a la [&hellip;]<\/p>\n","protected":false},"author":4,"featured_media":0,"comment_status":"open","ping_status":"open","sticky":false,"template":"","format":"standard","meta":{"_monsterinsights_skip_tracking":false,"_monsterinsights_sitenote_active":false,"_monsterinsights_sitenote_note":"","_monsterinsights_sitenote_category":0,"jnews-multi-image_gallery":[],"jnews_single_post":{"format":"standard"},"jnews_primary_category":[],"_joinchat":[],"footnotes":""},"categories":[58],"tags":[119],"class_list":["post-1043","post","type-post","status-publish","format-standard","hentry","category-noticiariachuelo","tag-derechos-humanos"],"_links":{"self":[{"href":"http:\/\/fmriachuelo.it10.com.ar\/index.php\/wp-json\/wp\/v2\/posts\/1043","targetHints":{"allow":["GET"]}}],"collection":[{"href":"http:\/\/fmriachuelo.it10.com.ar\/index.php\/wp-json\/wp\/v2\/posts"}],"about":[{"href":"http:\/\/fmriachuelo.it10.com.ar\/index.php\/wp-json\/wp\/v2\/types\/post"}],"author":[{"embeddable":true,"href":"http:\/\/fmriachuelo.it10.com.ar\/index.php\/wp-json\/wp\/v2\/users\/4"}],"replies":[{"embeddable":true,"href":"http:\/\/fmriachuelo.it10.com.ar\/index.php\/wp-json\/wp\/v2\/comments?post=1043"}],"version-history":[{"count":1,"href":"http:\/\/fmriachuelo.it10.com.ar\/index.php\/wp-json\/wp\/v2\/posts\/1043\/revisions"}],"predecessor-version":[{"id":21826,"href":"http:\/\/fmriachuelo.it10.com.ar\/index.php\/wp-json\/wp\/v2\/posts\/1043\/revisions\/21826"}],"wp:attachment":[{"href":"http:\/\/fmriachuelo.it10.com.ar\/index.php\/wp-json\/wp\/v2\/media?parent=1043"}],"wp:term":[{"taxonomy":"category","embeddable":true,"href":"http:\/\/fmriachuelo.it10.com.ar\/index.php\/wp-json\/wp\/v2\/categories?post=1043"},{"taxonomy":"post_tag","embeddable":true,"href":"http:\/\/fmriachuelo.it10.com.ar\/index.php\/wp-json\/wp\/v2\/tags?post=1043"}],"curies":[{"name":"wp","href":"https:\/\/api.w.org\/{rel}","templated":true}]}}