{"id":1042,"date":"2014-10-18T02:15:00","date_gmt":"2014-10-18T02:15:00","guid":{"rendered":"http:\/\/fmriachuelo.observatorioess.org.ar\/index.php\/2014\/10\/18\/los-pobres-tenemos-derechos\/"},"modified":"2025-03-07T12:31:54","modified_gmt":"2025-03-07T15:31:54","slug":"los-pobres-tenemos-derechos","status":"publish","type":"post","link":"http:\/\/fmriachuelo.it10.com.ar\/index.php\/2014\/10\/18\/los-pobres-tenemos-derechos\/","title":{"rendered":"LOS POBRES TENEMOS DERECHOS"},"content":{"rendered":"<p><span style=\"font-family: Verdana,sans-serif\">REPRODUCIMOS <\/span>                <\/p>\n<div><a href=\"http:\/\/1.bp.blogspot.com\/-rpjB7K4lTqw\/VEHNn3lN1PI\/AAAAAAAABCE\/aonpe30yhXU\/s1600\/10731217_934025316624850_5949780185711012330_n.jpg\" style=\"clear: left;float: left;margin-bottom: 1em;margin-right: 1em\"><img decoding=\"async\" border=\"0\" src=\"https:\/\/images-blogger-opensocial.googleusercontent.com\/gadgets\/proxy?url=http%3A%2F%2F1.bp.blogspot.com%2F-rpjB7K4lTqw%2FVEHNn3lN1PI%2FAAAAAAAABCE%2Faonpe30yhXU%2Fs1600%2F10731217_934025316624850_5949780185711012330_n.jpg&amp;container=blogger&amp;gadget=a&amp;rewriteMime=image%2F*\" \/><\/a><b><span style=\"color: red\"><span style=\"font-size: large\"><span style=\"font-family: Verdana,sans-serif\"><span>Vanesa Orieta, Hoy en conferencia de prensa, anunciando la aparici\u00f3n del cuerpo de su hermano<\/span><\/span><\/span><\/span><\/b><\/div>\n<p><span style=\"font-family: Verdana,sans-serif\">Agradecer a mis compa\u00f1eros a mi familia, Vencimos, vencimos a la decid\u00eda vencimos a la impunidad, vencimos la mirada discriminadora y criminalizante que hay hacia los j\u00f3venes, con un ejemplo, con el caso de Luciano, con el caso de Luciano logramos vencer.<a name='more'><\/a>A m\u00ed me falta terminar de concretar algunas etapas de este proceso de investigaci\u00f3n, que se termine con las pruebas que se tienen que hacer para terminar de confirmar que este cuerpo encontrado es mi hermano, reci\u00e9n ah\u00ed, cuando las pruebas gen\u00e9ticas digan ese chico es Luciano Nahuel Arruga, nosotros como familiares vamos a cerrar una etapa, logramos el objetivo si es as\u00ed, el que ten\u00eda yo era encontrar a mi hermano, lo encontr\u00e9.<br \/> Ahora vamos a descansar, les pedimos si podemos llegar a cada uno de ustedes y a los medios de comunicaci\u00f3n, el mayor de los respetos, la voz oficial esta ac\u00e1. No est\u00e1 en otro lugar, nosotros seguimos denunciando la criminalizaci\u00f3n y la discriminaci\u00f3n hacia los j\u00f3venes y m\u00e1s que nunca seguimos denunciando la violencia institucional en su conjunto.<br \/>5 a\u00f1os y ocho meses pidiendo que se busque a Luciano, y lo logramos con la aceptaci\u00f3n de un h\u00e1beas corpus, que pudo dar con el cuerpo de un pibe enterrado como NN, <br \/>Y eso nos tiene replantear un conjunto de cosas como sociedad, el poco valor que se da a la vida de los pobres, 5 d\u00edas despu\u00e9s de desaparecido mi hermano presentamos un h\u00e1beas corpus, que lo redactamos nosotros. Lo rechazaron, fue rechazado por el juez.<br \/> Esto se pod\u00eda haber resuelto mucho antes, eso quiero que entiendan, nosotros estuvimos 5 a\u00f1os y 8 meses, golpeando todas las puertas, organiz\u00e1ndonos, haciendo todas las actividades posibles para que se visibilice la causa, para que la sociedad tome conciencia , para que el estado en su conjunto ponga a disposici\u00f3n todas las herramientas con las que cuenta para encontrar a Luciano, y lo logramos. <br \/>Pero esto no termina ac\u00e1, esto reci\u00e9n empieza porque nosotros necesitamos saber la verdad. <br \/>Encontramos a Luciano, ahora necesitamos aclarar todo este panorama, y los \u00fanicos que lo vamos a poder aclara somos nosotros, todos los que hablen por nosotros no sabr\u00e1n la verdad, somos nosotros, los familiares de Luciano, <br \/>y sepan todos los familiares que conocimos en este tiempo, de los pibes de gatillo f\u00e1cil, de las personas desaparecidas, que vamos a seguir, porque esto ya no tiene que ver con Luciano, esto tiene que ver con la violencia institucional, y esto tiene que ver con cambiar una mirada, , los pobres tenemos derechos, Tenemos derechos.<br \/>Nada m\u00e1s, respeto por mi familia por favor, tenemos la necesidad descansar m\u00e1s que nunca, tenemos la necesidad de hacer un duelo que es justo y necesario y hacerlo en familia, <br \/>Gracias por estar. <br \/><span style=\"color: #3d85c6\"><span style=\"font-size: x-small\"><b>FUENTE: AGENCIA RODOLFO WALSH<\/b><\/span><\/span><\/span><\/p>\n","protected":false},"excerpt":{"rendered":"<p>REPRODUCIMOS Vanesa Orieta, Hoy en conferencia de prensa, anunciando la aparici\u00f3n del cuerpo de su hermano Agradecer a mis compa\u00f1eros a mi familia, Vencimos, vencimos a la decid\u00eda vencimos a la impunidad, vencimos la mirada discriminadora y criminalizante que hay hacia los j\u00f3venes, con un ejemplo, con el caso de Luciano, con el caso de [&hellip;]<\/p>\n","protected":false},"author":4,"featured_media":0,"comment_status":"open","ping_status":"open","sticky":false,"template":"","format":"standard","meta":{"_monsterinsights_skip_tracking":false,"_monsterinsights_sitenote_active":false,"_monsterinsights_sitenote_note":"","_monsterinsights_sitenote_category":0,"jnews-multi-image_gallery":[],"jnews_single_post":{"format":"standard"},"jnews_primary_category":[],"_joinchat":[],"footnotes":""},"categories":[58],"tags":[119],"class_list":["post-1042","post","type-post","status-publish","format-standard","hentry","category-noticiariachuelo","tag-derechos-humanos"],"_links":{"self":[{"href":"http:\/\/fmriachuelo.it10.com.ar\/index.php\/wp-json\/wp\/v2\/posts\/1042","targetHints":{"allow":["GET"]}}],"collection":[{"href":"http:\/\/fmriachuelo.it10.com.ar\/index.php\/wp-json\/wp\/v2\/posts"}],"about":[{"href":"http:\/\/fmriachuelo.it10.com.ar\/index.php\/wp-json\/wp\/v2\/types\/post"}],"author":[{"embeddable":true,"href":"http:\/\/fmriachuelo.it10.com.ar\/index.php\/wp-json\/wp\/v2\/users\/4"}],"replies":[{"embeddable":true,"href":"http:\/\/fmriachuelo.it10.com.ar\/index.php\/wp-json\/wp\/v2\/comments?post=1042"}],"version-history":[{"count":1,"href":"http:\/\/fmriachuelo.it10.com.ar\/index.php\/wp-json\/wp\/v2\/posts\/1042\/revisions"}],"predecessor-version":[{"id":21827,"href":"http:\/\/fmriachuelo.it10.com.ar\/index.php\/wp-json\/wp\/v2\/posts\/1042\/revisions\/21827"}],"wp:attachment":[{"href":"http:\/\/fmriachuelo.it10.com.ar\/index.php\/wp-json\/wp\/v2\/media?parent=1042"}],"wp:term":[{"taxonomy":"category","embeddable":true,"href":"http:\/\/fmriachuelo.it10.com.ar\/index.php\/wp-json\/wp\/v2\/categories?post=1042"},{"taxonomy":"post_tag","embeddable":true,"href":"http:\/\/fmriachuelo.it10.com.ar\/index.php\/wp-json\/wp\/v2\/tags?post=1042"}],"curies":[{"name":"wp","href":"https:\/\/api.w.org\/{rel}","templated":true}]}}