{"id":1039,"date":"2014-10-20T12:56:00","date_gmt":"2014-10-20T12:56:00","guid":{"rendered":"http:\/\/fmriachuelo.observatorioess.org.ar\/index.php\/2014\/10\/20\/la-lucha-de-los-pueblos-ni-un-muerto-mas-por-el-derecho-al-territorio\/"},"modified":"2025-03-07T12:36:33","modified_gmt":"2025-03-07T15:36:33","slug":"la-lucha-de-los-pueblos-ni-un-muerto-mas-por-el-derecho-al-territorio","status":"publish","type":"post","link":"http:\/\/fmriachuelo.it10.com.ar\/index.php\/2014\/10\/20\/la-lucha-de-los-pueblos-ni-un-muerto-mas-por-el-derecho-al-territorio\/","title":{"rendered":"LA LUCHA DE LOS PUEBLOS. \u00a1NI UN MUERTO M\u00c1S POR EL DERECHO AL TERRITORIO!"},"content":{"rendered":"<p><span style=\"font-size: small\"><span style=\"font-family: Verdana,sans-serif\">REPRODUCIMOS<\/span><\/span><br \/><span style=\"font-family: Verdana,sans-serif\"><b><span style=\"color: red;font-size: large\">MOCASE VIA CAMPESINA &#8211; 23 A\u00d1OS &#8211;&nbsp;MNCI<\/span><\/b><\/span><br \/><span style=\"font-family: Verdana,sans-serif\"><b>LOS VIOLENTOS SON ELLOS: LA EMPRESA DE GASEOSA MANAOS CONTRAT\u00d3 PARAMILITARES PARA DESALOJAR LA COMUNIDAD IND\u00cdGENA GUAYCUR\u00da DEL LOTE 5, SANTIAGO DEL ESTERO<\/b><\/span><br \/><a name='more'><\/a><span style=\"font-family: Verdana,sans-serif\">El mi\u00e9rcoles 1 de octubre pasado, una  banda armada intent\u00f3 ocupar territorio ind\u00edgena del Lote 5 contratados por la empresa Manaos a trav\u00e9s de Orlando Canido  y  dispar\u00f3 a campesinos del MOCASE-VC  en presencia de la polic\u00eda de Quimil\u00ed, Santiago del Estero.  La banda armada se present\u00f3 a las 6 de la ma\u00f1ana, desalojando a punta de pistola la carpa de resistencia que ten\u00eda la comunidad e intent\u00f3 apoderarse del territorio comunitario ind\u00edgena guaycur\u00fa, integrante del mocase v\u00eda campesina.<br \/>Ante la inmediata reacci\u00f3n de la comunidad se evit\u00f3 la permanencia de las 15 personas armadas  y por el trabajo conjunto con el Gobierno de la Provincia a trav\u00e9s de la Jefatura de Gabinete se logr\u00f3 que efectivos de la GETOAR de polic\u00eda provincial se llegara al lugar.<br \/> Antes que llegaran estos efectivos, la polic\u00eda local de Quimil\u00ed liber\u00f3 la zona y permiti\u00f3 que los paramilitares dispararan contra miembros del mocase-vc que se encontraban defendiendo la posici\u00f3n. Cuando llegaronlos efectivos de la Getoar,  se detuvo a Lachi Letonai, l\u00edder de la banda, y se secuestraron armas mientras el resto de los miembros del gupo paramilitar, entre los cuales hab\u00eda varios ex  polic\u00edas, se escaparon hacia el campo vecino de Mario Lacorte.<br \/>Hoy a la ma\u00f1ana, unos 60 efectivos policiales de Sgo Capital, de la brigada montada y la Getoar, han llegado para detener a los miembros de la banda armada liderada por Lachi y Pablo Letonai, contratados por Orlando Canido, quien viene intentando acaparar territorios campesinos e ind\u00edgenas en Jujuy, Salta y varios departamentos de Santiago del Estero. Canido se presenta siempre como apoderado de la  Empresa de Gaseosas Manaos y dice comprar tierra para Amado Boudou.<br \/>Una vez m\u00e1s, se muestra que mientras el campesinado y los pueblos ind\u00edgenas defienden el territorio por las v\u00edas leg\u00edtimas y legales, son los empresarios del  Agronegocio quien quieren imponer de forma violenta su modelo de producci\u00f3n acaparando las tierras campesinas ind\u00edgenas. Mientras se tratan de construir formas institucionales de resolver la problem\u00e1tica de la tierra, algunos empresarios siguen contratando bandas paramilitares.&nbsp; <br \/>A pocos d\u00edas del juicio por el asesinato de Cristian Ferreyra, decimos una vez m\u00e1s que seguiremos defendiendo nuestros territorios con nuestros derechos.<br \/><span style=\"font-size: large\"><b><span style=\"color: red\">\u00a1Ni un muerto m\u00e1s por el derecho al territorio!<\/span><span style=\"color: red\">\u00a1Somos tierra para alimentar a los Pueblos!<\/span>&nbsp;<\/b><\/span><\/span><br \/><span style=\"font-family: Verdana,sans-serif\"><span style=\"font-size: large\">Contacto:<\/span><br \/>0384415455786<br \/>1133489886<br \/><\/span> <\/p>\n","protected":false},"excerpt":{"rendered":"<p>REPRODUCIMOSMOCASE VIA CAMPESINA &#8211; 23 A\u00d1OS &#8211;&nbsp;MNCILOS VIOLENTOS SON ELLOS: LA EMPRESA DE GASEOSA MANAOS CONTRAT\u00d3 PARAMILITARES PARA DESALOJAR LA COMUNIDAD IND\u00cdGENA GUAYCUR\u00da DEL LOTE 5, SANTIAGO DEL ESTEROEl mi\u00e9rcoles 1 de octubre pasado, una banda armada intent\u00f3 ocupar territorio ind\u00edgena del Lote 5 contratados por la empresa Manaos a trav\u00e9s de Orlando Canido y [&hellip;]<\/p>\n","protected":false},"author":4,"featured_media":0,"comment_status":"open","ping_status":"open","sticky":false,"template":"","format":"standard","meta":{"_monsterinsights_skip_tracking":false,"_monsterinsights_sitenote_active":false,"_monsterinsights_sitenote_note":"","_monsterinsights_sitenote_category":0,"jnews-multi-image_gallery":[],"jnews_single_post":{"format":"standard"},"jnews_primary_category":[],"_joinchat":[],"footnotes":""},"categories":[58],"tags":[147,156],"class_list":["post-1039","post","type-post","status-publish","format-standard","hentry","category-noticiariachuelo","tag-habitat","tag-tierra-techo-y-trabajo"],"_links":{"self":[{"href":"http:\/\/fmriachuelo.it10.com.ar\/index.php\/wp-json\/wp\/v2\/posts\/1039","targetHints":{"allow":["GET"]}}],"collection":[{"href":"http:\/\/fmriachuelo.it10.com.ar\/index.php\/wp-json\/wp\/v2\/posts"}],"about":[{"href":"http:\/\/fmriachuelo.it10.com.ar\/index.php\/wp-json\/wp\/v2\/types\/post"}],"author":[{"embeddable":true,"href":"http:\/\/fmriachuelo.it10.com.ar\/index.php\/wp-json\/wp\/v2\/users\/4"}],"replies":[{"embeddable":true,"href":"http:\/\/fmriachuelo.it10.com.ar\/index.php\/wp-json\/wp\/v2\/comments?post=1039"}],"version-history":[{"count":1,"href":"http:\/\/fmriachuelo.it10.com.ar\/index.php\/wp-json\/wp\/v2\/posts\/1039\/revisions"}],"predecessor-version":[{"id":21830,"href":"http:\/\/fmriachuelo.it10.com.ar\/index.php\/wp-json\/wp\/v2\/posts\/1039\/revisions\/21830"}],"wp:attachment":[{"href":"http:\/\/fmriachuelo.it10.com.ar\/index.php\/wp-json\/wp\/v2\/media?parent=1039"}],"wp:term":[{"taxonomy":"category","embeddable":true,"href":"http:\/\/fmriachuelo.it10.com.ar\/index.php\/wp-json\/wp\/v2\/categories?post=1039"},{"taxonomy":"post_tag","embeddable":true,"href":"http:\/\/fmriachuelo.it10.com.ar\/index.php\/wp-json\/wp\/v2\/tags?post=1039"}],"curies":[{"name":"wp","href":"https:\/\/api.w.org\/{rel}","templated":true}]}}