{"id":1038,"date":"2014-10-20T17:19:00","date_gmt":"2014-10-20T17:19:00","guid":{"rendered":"http:\/\/fmriachuelo.observatorioess.org.ar\/index.php\/2014\/10\/20\/la-judicializacion-del-conflicto\/"},"modified":"2025-03-07T12:40:16","modified_gmt":"2025-03-07T15:40:16","slug":"la-judicializacion-del-conflicto","status":"publish","type":"post","link":"http:\/\/fmriachuelo.it10.com.ar\/index.php\/2014\/10\/20\/la-judicializacion-del-conflicto\/","title":{"rendered":"LA JUDICIALIZACION DEL CONFLICTO"},"content":{"rendered":"<p><span style=\"font-family: Verdana\">REPRODUCIMOS<\/span>&nbsp;<span style=\"font-family: Verdana, sans-serif\">COMUNICADO CTEP<\/span><br \/><span style=\"color: red;font-family: Verdana, sans-serif;font-size: large\"><b>ANTE LOS ALLANAMIENTOS SIMULT\u00c1NEOS EN SANTELMO<\/b><\/span><\/p>\n<p><span style=\"font-family: Verdana, sans-serif\">La Confederaci\u00f3n de Trabajadores de la Econom\u00eda Popular (CTEP) se solidariza con los integrantes de la Cooperativa de Trabajo <b>\u201cEl Adoqu\u00edn\u201d, <\/b>organizaci\u00f3n perteneciente a nuestro gremio, debido a  que el pasado Viernes 17, en horas de la tarde, sufrieron tres allanamientos simult\u00e1neos- uno en calle Garay, entre Defensa y Balcarce; otro en Defensa al 800, y el \u00faltimo sobre Carlos Calvo- y el eventual decomiso de todos los productos que guardaban en sus dep\u00f3sitos.<\/span><br \/><a name='more'><\/a><span style=\"font-family: Verdana, sans-serif\">Informamos a la opini\u00f3n p\u00fablica que, la orden, ejecutada por la Polic\u00eda Metropolitana, fue dictada por la Jueza Amanda \u00c1lvaro, del Juzgado N\u00ba 16, a pedido de la Fiscal\u00eda Sudeste, que se encuentra a cargo de la Dra. Ver\u00f3nica Guanino.  Tambi\u00e9n participa, la Dra. Lorena San Marco, de la Unidad Coordinadora de Investigaciones Complejas.<br \/>Resaltamos, entonces, que todos los nombres y las categor\u00edas pertenecientes a la <b>\u201cJusticia Macrista\u201d<\/b>, son muy conocidos\/as por todos nosotros. Ya nos han perseguido antes, siempre con la misma intenci\u00f3n: arrebatarnos nuestra fuente laboral.<br \/>Entendemos que esta avanzada es parte de una estrategia que tiene como objetivo la judicializaci\u00f3n del conflicto. Lejos, estamos de olvidarnos, que este tipo de  procedimientos son una constante de la pol\u00edtica del Gobierno de la Ciudad de Buenos Aires hacia todos los Trabajadores de la V\u00eda P\u00fablica. Y es por eso, que esta lucha la vamos a dar juntos y por TODOS los que sufrimos este tipo de acciones.  <br \/>Por otro lado, agradecemos la infinidad de adhesiones y acompa\u00f1amientos que recibimos, ante estos allanamientos, de parte de Organizaciones de DDHH, Movimientos Sociales y Sectores del Movimiento Obrero Organizado.<br \/>En este marco convocamos para movilizarnos hoy, desde las 9:30 hs., a la Fiscal\u00eda Sudeste, ubicada en Mitre N\u00ba 1735, para reclamar por nuestro derecho a trabajar libremente, sin ning\u00fan apriete, sin persecuciones, ni extorsiones, tienen que entenderlo de una vez: somos trabajadores y luchamos por nuestros derechos.<br \/><b>Contacto para notas:<\/b><br \/>Gaby Olgu\u00edn 11 37835289<\/span><\/p>\n","protected":false},"excerpt":{"rendered":"<p>REPRODUCIMOS&nbsp;COMUNICADO CTEPANTE LOS ALLANAMIENTOS SIMULT\u00c1NEOS EN SANTELMO La Confederaci\u00f3n de Trabajadores de la Econom\u00eda Popular (CTEP) se solidariza con los integrantes de la Cooperativa de Trabajo \u201cEl Adoqu\u00edn\u201d, organizaci\u00f3n perteneciente a nuestro gremio, debido a que el pasado Viernes 17, en horas de la tarde, sufrieron tres allanamientos simult\u00e1neos- uno en calle Garay, entre Defensa [&hellip;]<\/p>\n","protected":false},"author":4,"featured_media":0,"comment_status":"open","ping_status":"open","sticky":false,"template":"","format":"standard","meta":{"_monsterinsights_skip_tracking":false,"_monsterinsights_sitenote_active":false,"_monsterinsights_sitenote_note":"","_monsterinsights_sitenote_category":0,"jnews-multi-image_gallery":[],"jnews_single_post":{"format":"standard"},"jnews_primary_category":[],"_joinchat":[],"footnotes":""},"categories":[58],"tags":[154,103,86,148],"class_list":["post-1038","post","type-post","status-publish","format-standard","hentry","category-noticiariachuelo","tag-economia-popular-2","tag-movimientos-populares","tag-noti-ctep","tag-trabajo"],"_links":{"self":[{"href":"http:\/\/fmriachuelo.it10.com.ar\/index.php\/wp-json\/wp\/v2\/posts\/1038","targetHints":{"allow":["GET"]}}],"collection":[{"href":"http:\/\/fmriachuelo.it10.com.ar\/index.php\/wp-json\/wp\/v2\/posts"}],"about":[{"href":"http:\/\/fmriachuelo.it10.com.ar\/index.php\/wp-json\/wp\/v2\/types\/post"}],"author":[{"embeddable":true,"href":"http:\/\/fmriachuelo.it10.com.ar\/index.php\/wp-json\/wp\/v2\/users\/4"}],"replies":[{"embeddable":true,"href":"http:\/\/fmriachuelo.it10.com.ar\/index.php\/wp-json\/wp\/v2\/comments?post=1038"}],"version-history":[{"count":1,"href":"http:\/\/fmriachuelo.it10.com.ar\/index.php\/wp-json\/wp\/v2\/posts\/1038\/revisions"}],"predecessor-version":[{"id":21831,"href":"http:\/\/fmriachuelo.it10.com.ar\/index.php\/wp-json\/wp\/v2\/posts\/1038\/revisions\/21831"}],"wp:attachment":[{"href":"http:\/\/fmriachuelo.it10.com.ar\/index.php\/wp-json\/wp\/v2\/media?parent=1038"}],"wp:term":[{"taxonomy":"category","embeddable":true,"href":"http:\/\/fmriachuelo.it10.com.ar\/index.php\/wp-json\/wp\/v2\/categories?post=1038"},{"taxonomy":"post_tag","embeddable":true,"href":"http:\/\/fmriachuelo.it10.com.ar\/index.php\/wp-json\/wp\/v2\/tags?post=1038"}],"curies":[{"name":"wp","href":"https:\/\/api.w.org\/{rel}","templated":true}]}}