{"id":1037,"date":"2014-10-20T17:24:00","date_gmt":"2014-10-20T17:24:00","guid":{"rendered":"http:\/\/fmriachuelo.observatorioess.org.ar\/index.php\/2014\/10\/20\/ahora-si-que-va-a-estar-bueno-buenos-aires\/"},"modified":"2025-03-07T12:54:22","modified_gmt":"2025-03-07T15:54:22","slug":"ahora-si-que-va-a-estar-bueno-buenos-aires","status":"publish","type":"post","link":"http:\/\/fmriachuelo.it10.com.ar\/index.php\/2014\/10\/20\/ahora-si-que-va-a-estar-bueno-buenos-aires\/","title":{"rendered":"AHORA SI QUE VA A ESTAR BUENO BUENOS AIRES"},"content":{"rendered":"<p><span style=\"color: red;font-family: Verdana, sans-serif;font-size: large\"><b>MACRI CERR\u00d3 EL PR<span style=\"font-size: large\">OGRAMA DE ATENCI\u00d3N A V\u00cdCTIMAS DE DELITOS SEXUALES<\/span><\/b><\/span><br \/><span style=\"font-family: Verdana, sans-serif\">El gobierno de la Ciudad de Buenos Aires cerr\u00f3 el \u00faltimo jueves el programa de atenci\u00f3n a v\u00edctimas de delitos sexuales, ech\u00f3 al equipo de trabajo y a la coordinadora Mar\u00eda Elena Leuzzi, presidenta de la ONG Ayuda a V\u00edctimas de Violaci\u00f3n (Avivi), dejando sin asistencia estatal a decenas de personas sobrevivientes de abusos sexuales.<\/span><br \/><a name='more'><\/a><span style=\"font-family: Verdana, sans-serif\">La coordinadora y fundadora de la organizaci\u00f3n record\u00f3 que \u00aben cinco a\u00f1os de trabajo en el gobierno de la CABA, atendimos a m\u00e1s de 3.000 mujeres y varones abusados\u00bb. De esta forma tras la decisi\u00f3n de Macri de clausurar el programa \u00abquedan muchos ni\u00f1os, ni\u00f1as, adolescentes, adultos sin asistencia, y como no tengo donde darles ayuda, lo voy a hacer en el Obelisco, buscando la manera de cuidar su privacidad\u00bb.\u00bbVoy a esperar que Mauricio Macri regrese de sus (nuevas) vacaciones para instalar una carpa en el Obelisco, para que pueda vernos en directo y no por televisi\u00f3n, y all\u00ed seguir atendiendo a las v\u00edctimas, ya que nos ech\u00f3 como perras de la oficina\u00bb, afirm\u00f3 Leuzzi.<br \/>Leuzzi relat\u00f3 que la llamaron por tel\u00e9fono y le dijeron que por una decisi\u00f3n \u00abde arriba\u00bb se cerraba el programa, que se ten\u00edan que ir, \u201cque no hab\u00eda m\u00e1s presupuesto\u00bb.<br \/>\u00abAhora s\u00ed que va a estar bueno Buenos Aires\u00bb ironiz\u00f3 Leuzzi parafraseando el slogan electoral del macrismo, y asegur\u00f3 que est\u00e1 decidida a seguir ayudando a v\u00edctimas de violaci\u00f3n \u00abporque es aberrante dejarlas solas\u00bb.<\/span><br \/><span style=\"color: #3d85c6\"><span style=\"font-size: x-small\"><b><span style=\"font-family: Verdana,sans-serif\">FUENTE: DIARIO REGISTRADO<\/span><\/b><\/span><\/span><\/p>\n","protected":false},"excerpt":{"rendered":"<p>MACRI CERR\u00d3 EL PROGRAMA DE ATENCI\u00d3N A V\u00cdCTIMAS DE DELITOS SEXUALESEl gobierno de la Ciudad de Buenos Aires cerr\u00f3 el \u00faltimo jueves el programa de atenci\u00f3n a v\u00edctimas de delitos sexuales, ech\u00f3 al equipo de trabajo y a la coordinadora Mar\u00eda Elena Leuzzi, presidenta de la ONG Ayuda a V\u00edctimas de Violaci\u00f3n (Avivi), dejando sin [&hellip;]<\/p>\n","protected":false},"author":4,"featured_media":0,"comment_status":"open","ping_status":"open","sticky":false,"template":"","format":"standard","meta":{"_monsterinsights_skip_tracking":false,"_monsterinsights_sitenote_active":false,"_monsterinsights_sitenote_note":"","_monsterinsights_sitenote_category":0,"jnews-multi-image_gallery":[],"jnews_single_post":{"format":"standard"},"jnews_primary_category":[],"_joinchat":[],"footnotes":""},"categories":[58],"tags":[147],"class_list":["post-1037","post","type-post","status-publish","format-standard","hentry","category-noticiariachuelo","tag-habitat"],"_links":{"self":[{"href":"http:\/\/fmriachuelo.it10.com.ar\/index.php\/wp-json\/wp\/v2\/posts\/1037","targetHints":{"allow":["GET"]}}],"collection":[{"href":"http:\/\/fmriachuelo.it10.com.ar\/index.php\/wp-json\/wp\/v2\/posts"}],"about":[{"href":"http:\/\/fmriachuelo.it10.com.ar\/index.php\/wp-json\/wp\/v2\/types\/post"}],"author":[{"embeddable":true,"href":"http:\/\/fmriachuelo.it10.com.ar\/index.php\/wp-json\/wp\/v2\/users\/4"}],"replies":[{"embeddable":true,"href":"http:\/\/fmriachuelo.it10.com.ar\/index.php\/wp-json\/wp\/v2\/comments?post=1037"}],"version-history":[{"count":1,"href":"http:\/\/fmriachuelo.it10.com.ar\/index.php\/wp-json\/wp\/v2\/posts\/1037\/revisions"}],"predecessor-version":[{"id":21832,"href":"http:\/\/fmriachuelo.it10.com.ar\/index.php\/wp-json\/wp\/v2\/posts\/1037\/revisions\/21832"}],"wp:attachment":[{"href":"http:\/\/fmriachuelo.it10.com.ar\/index.php\/wp-json\/wp\/v2\/media?parent=1037"}],"wp:term":[{"taxonomy":"category","embeddable":true,"href":"http:\/\/fmriachuelo.it10.com.ar\/index.php\/wp-json\/wp\/v2\/categories?post=1037"},{"taxonomy":"post_tag","embeddable":true,"href":"http:\/\/fmriachuelo.it10.com.ar\/index.php\/wp-json\/wp\/v2\/tags?post=1037"}],"curies":[{"name":"wp","href":"https:\/\/api.w.org\/{rel}","templated":true}]}}