{"id":1033,"date":"2014-10-21T23:19:00","date_gmt":"2014-10-21T23:19:00","guid":{"rendered":"http:\/\/fmriachuelo.observatorioess.org.ar\/index.php\/2014\/10\/21\/marcha-nacional\/"},"modified":"2025-03-07T13:37:59","modified_gmt":"2025-03-07T16:37:59","slug":"marcha-nacional","status":"publish","type":"post","link":"http:\/\/fmriachuelo.it10.com.ar\/index.php\/2014\/10\/21\/marcha-nacional\/","title":{"rendered":"MARCHA NACIONAL"},"content":{"rendered":"<p>&lt;![CDATA[<\/p>\n<div style=\"clear: both;text-align: center\"><a href=\"http:\/\/1.bp.blogspot.com\/-29LJrtSl-90\/VEbpS9ZAmxI\/AAAAAAAABEw\/XstiVyi01JM\/s1600\/untitled.png\" style=\"margin-left: 1em;margin-right: 1em\"><img loading=\"lazy\" decoding=\"async\" border=\"0\" src=\"http:\/\/1.bp.blogspot.com\/-29LJrtSl-90\/VEbpS9ZAmxI\/AAAAAAAABEw\/XstiVyi01JM\/s1600\/untitled.png\" height=\"320\" width=\"215\" \/><\/a><\/div>\n<div style=\"text-align: center\"><span style=\"font-family: comic sans ms,sans-serif\"><span style=\"font-size: x-large\"><b><span style=\"color: #073763\"><span style=\"background: white;line-height: 115%\">LOS POBRES TAMBI\u00c9N TENEMOS DERECHOS<\/span><\/span><span style=\"color: #141823;line-height: 115%\"><\/span><\/b><\/span><\/span><\/div>\n<div><span> <span style=\"background: white\"><\/span><\/span><\/div>\n<p><\/p>\n<div style=\"text-align: center\"><span style=\"color: #274e13\"><span style=\"font-size: medium\"><b><span style=\"font-family: comic sans ms,sans-serif\"><span style=\"background: white;line-height: 115%\">Peregrinaci\u00f3n<\/span><\/span><\/b><\/span><\/span><\/div>\n<div style=\"text-align: center\"><span><span style=\"color: #274e13\"><span style=\"font-size: medium\"><b><span style=\"font-family: comic sans ms,sans-serif\"><span style=\"background: white\">DE LA CENTRAL DE LA FEDERAL A LA CENTRAL DE LA BONAERENSE<\/span><br \/><span style=\"font-size: x-large\"><br \/><span style=\"background: white\">NI UN PIBE MENOS<\/span><\/span><\/span><\/b><\/span><\/span><\/span><\/div>\n<div style=\"text-align: center\"><span><span style=\"color: #274e13\"><span style=\"font-size: medium\"><b><span style=\"font-family: comic sans ms,sans-serif\"><span style=\"font-size: x-large\"><span style=\"background: white\"><br \/><\/span><\/span><\/span><\/b><\/span><\/span><\/span><\/div>\n<div><span><br \/><\/span><\/div>\n<div style=\"text-align: justify\"><span style=\"font-family: Verdana, sans-serif\">No hay registro de la cantidad de casos de abuso policial. Los pocos que pudo constatar el Registro Nacional de Casos de Tortura y\/o Malos Tratos son 73 (entre diciembre de 2010 y septiembre de 2013). En 62 de los hechos las v\u00edctimas lograron individualizar a 278 victimarios ejerciendo violencia f\u00edsica, lo que da un promedio de m\u00e1s de 4 agentes por hecho.<\/p>\n<p> Los j\u00f3venes pobres padecen permanentemente el hostigamiento por parte de las fuerzas de seguridad. El marco de emergencia en la provincia de Buenos Aires agrav\u00f3 esta situaci\u00f3n: en agosto difundieron cifras oficiales que hablaban de 394 \u201cenfrentamientos\u201d policiales en los que se registraron 137 \u201cdelincuentes\u201d heridos y 85 muertos. No fueron inocentes hasta que se demostrara lo contrario, y nadie investiga estas situaciones. Los operadores judiciales suelen convalidar las versiones policiales, que ocultan sus abusos con el pretexto de \u201cleg\u00edtima defensa\u201d. Hay pena de muerte para nuestros pibes. Hay impunidad para los culpables.<\/p>\n<p> No son casos aislados: la instituci\u00f3n policial legitima un clima de guerra contra un estereotipo de delincuente. \u201cMi cara, mi ropa y mi barrio NO son delito\u201d, dec\u00eda una campa\u00f1a. Luciano Arruga era hostigado por la polic\u00eda de su barrio, su hermana escuch\u00f3 sus gritos bajo tortura en el Destacamento de Lomas del Mirador y ocultaron su cuerpo durante 5 a\u00f1os y ocho meses. Es la gota que rebalsa el vaso. Luciano es s\u00edmbolo de una problem\u00e1tica social persistente, que debe ser sancionada.<br \/> Decimos BASTA.<\/span><\/div>\n<p><span><span style=\"background: white\"><\/p>\n<div><\/div>\n<p><\/span><\/span><\/p>\n<div><span><span style=\"background: white\"><\/span><\/span><span><span style=\"background: white\"><span style=\"font-family: comic sans ms,sans-serif\"><span style=\"font-size: x-large\"><b><span style=\"color: #073763\"><span>NO SOMOS PELIGROSOS,<\/span><\/span><\/b><\/span><\/span><\/span><\/span><\/div>\n<div style=\"text-align: center\"><span><span style=\"background: white\"><span style=\"font-family: comic sans ms,sans-serif\"><span style=\"font-size: x-large\"><b><span style=\"color: #073763\"><span><br \/><\/span><\/span><\/b><\/span><\/span><\/span><\/span><\/div>\n<div><span><span style=\"background: white\"><span style=\"font-family: comic sans ms,sans-serif\"><span style=\"font-size: x-large\"><b><span style=\"color: #073763\"><span>ESTAMOS EN PELIGRO<\/span><\/span><\/b><\/span><\/span><\/span><\/span><\/div>\n<div><span><span style=\"background: white\"><\/span><\/span><span><span style=\"background: white\"><\/span><\/span><br \/><span><span style=\"background: white\"><\/span><\/span><span><span style=\"background: white\"> <b><span><span style=\"font-size: medium\">Marcha\/ Caravana 10 Hs.<\/span><\/span><\/b><\/span><\/span><\/div>\n<div><span style=\"font-size: medium\"><b><span><span style=\"background: white\"><br \/><\/span><\/span><\/b><\/span><\/div>\n<div><span><span style=\"background: white\"><span style=\"font-size: medium\"><b><span>Desde la Central de la Polic\u00eda Federal (Belgrano y Cevallos, CABA)<\/span><br \/><span>Hasta la Central de la Polic\u00eda Bonaerense (2 y 53, La Plata)<\/span><\/b><\/span><br \/><\/span><\/span><b><span><span style=\"background: white\"><span>SER POBRE NO ES DELITO<\/span><\/span><\/span><br \/><span><span style=\"background: white\"><span>NI UN PIBE MENOS<\/span><\/span><\/span><br \/><span><span style=\"background: white\"><span>NUNCA M\u00c1S<\/span><\/span><\/span><\/b><\/div>\n<div><span><span style=\"background: white\"><span><br \/><\/span><\/span><\/span><\/div>\n<p><\/p>\n<div><a href=\"http:\/\/www.contralaviolencia.com.ar\/\" target=\"_parent\" rel=\"noopener\"><span>WWW.CONTRALAVIOLENCIA.COM.AR<\/span><\/a><span><span><\/span><\/span><\/div>\n<p><\/p>\n<div>&nbsp;<\/div>\n<p><b> Para m\u00e1s informaci\u00f3n, comunicarse con Lito Borello, Coordinador Nacional de la O.S.y Pol\u00edtica Los Pibes\/CTEP &#8211; 15-5451-2139<\/b>]]<br \/>\n&gt;<\/p>\n","protected":false},"excerpt":{"rendered":"<p>&lt;![CDATA[ LOS POBRES TAMBI\u00c9N TENEMOS DERECHOS Peregrinaci\u00f3n DE LA CENTRAL DE LA FEDERAL A LA CENTRAL DE LA BONAERENSENI UN PIBE MENOS No hay registro de la cantidad de casos de abuso policial. Los pocos que pudo constatar el Registro Nacional de Casos de Tortura y\/o Malos Tratos son 73 (entre diciembre de 2010 y [&hellip;]<\/p>\n","protected":false},"author":4,"featured_media":0,"comment_status":"open","ping_status":"open","sticky":false,"template":"","format":"standard","meta":{"_monsterinsights_skip_tracking":false,"_monsterinsights_sitenote_active":false,"_monsterinsights_sitenote_note":"","_monsterinsights_sitenote_category":0,"jnews-multi-image_gallery":[],"jnews_single_post":{"format":"standard"},"jnews_primary_category":[],"_joinchat":[],"footnotes":""},"categories":[58],"tags":[119,89],"class_list":["post-1033","post","type-post","status-publish","format-standard","hentry","category-noticiariachuelo","tag-derechos-humanos","tag-violencia-institucional"],"_links":{"self":[{"href":"http:\/\/fmriachuelo.it10.com.ar\/index.php\/wp-json\/wp\/v2\/posts\/1033","targetHints":{"allow":["GET"]}}],"collection":[{"href":"http:\/\/fmriachuelo.it10.com.ar\/index.php\/wp-json\/wp\/v2\/posts"}],"about":[{"href":"http:\/\/fmriachuelo.it10.com.ar\/index.php\/wp-json\/wp\/v2\/types\/post"}],"author":[{"embeddable":true,"href":"http:\/\/fmriachuelo.it10.com.ar\/index.php\/wp-json\/wp\/v2\/users\/4"}],"replies":[{"embeddable":true,"href":"http:\/\/fmriachuelo.it10.com.ar\/index.php\/wp-json\/wp\/v2\/comments?post=1033"}],"version-history":[{"count":1,"href":"http:\/\/fmriachuelo.it10.com.ar\/index.php\/wp-json\/wp\/v2\/posts\/1033\/revisions"}],"predecessor-version":[{"id":21836,"href":"http:\/\/fmriachuelo.it10.com.ar\/index.php\/wp-json\/wp\/v2\/posts\/1033\/revisions\/21836"}],"wp:attachment":[{"href":"http:\/\/fmriachuelo.it10.com.ar\/index.php\/wp-json\/wp\/v2\/media?parent=1033"}],"wp:term":[{"taxonomy":"category","embeddable":true,"href":"http:\/\/fmriachuelo.it10.com.ar\/index.php\/wp-json\/wp\/v2\/categories?post=1033"},{"taxonomy":"post_tag","embeddable":true,"href":"http:\/\/fmriachuelo.it10.com.ar\/index.php\/wp-json\/wp\/v2\/tags?post=1033"}],"curies":[{"name":"wp","href":"https:\/\/api.w.org\/{rel}","templated":true}]}}