{"id":103,"date":"2015-08-26T14:25:00","date_gmt":"2015-08-26T14:25:00","guid":{"rendered":"http:\/\/fmriachuelo.observatorioess.org.ar\/index.php\/2015\/08\/26\/venezuela-cierre-de-la-frontera-con-colombia\/"},"modified":"2025-05-13T15:00:54","modified_gmt":"2025-05-13T18:00:54","slug":"venezuela-cierre-de-la-frontera-con-colombia","status":"publish","type":"post","link":"http:\/\/fmriachuelo.it10.com.ar\/index.php\/2015\/08\/26\/venezuela-cierre-de-la-frontera-con-colombia\/","title":{"rendered":"VENEZUELA: CIERRE DE LA FRONTERA CON COLOMBIA"},"content":{"rendered":"<div><span style=\"color: red;font-family: Verdana, sans-serif;font-size: large\"><b>ENFRENTAN PELIGRO NACIONAL<\/b><\/span><\/div>\n<p><span style=\"font-family: Verdana, sans-serif\">El cierre de frontera: recuperar la casa y nombrar la guerra<\/span><\/p>\n<div style=\"clear: both;text-align: center\"><span style=\"font-family: Verdana, sans-serif\"><a href=\"http:\/\/3.bp.blogspot.com\/-QowLIQltKWc\/Vd3LlLB31ZI\/AAAAAAAAGHs\/wi87JsWL08E\/s1600\/frontera-venezuela-colombia-644x362.jpg\" style=\"clear: left;float: left;margin-bottom: 1em;margin-right: 1em\"><img loading=\"lazy\" decoding=\"async\" border=\"0\" height=\"179\" src=\"http:\/\/3.bp.blogspot.com\/-QowLIQltKWc\/Vd3LlLB31ZI\/AAAAAAAAGHs\/wi87JsWL08E\/s320\/frontera-venezuela-colombia-644x362.jpg\" width=\"320\" \/><\/a><\/span><\/div>\n<p><span style=\"font-family: Verdana, sans-serif\"><\/p>\n<div style=\"text-align: justify\">[Marco Teruggi\/Resumen Latinoamericano, 26 de agosto de 2015] Nadie saldr\u00e1 de la casa tirando la llave a la alcantarilla para alejarse luego \u201ctriste, solitario y final\u201d. No ser\u00e1n tomadas las habitaciones una a una como un silencio, una presencia invisible, como una pesadilla de Julio Cort\u00e1zar donde nada se puede hacer, salvo la huida. Se trata y tratar\u00e1 justamente de lo contrario: de recuperar uno a uno los espacios perdidos, con pol\u00edtica, diplomacia, operaciones especiales, pueblo, mucho pueblo.<\/div>\n<div style=\"text-align: justify\"><\/div>\n<div style=\"text-align: justify\">Porque han ganado terreno, y no es una novedad. Los meses de guarimbas con sus relatos de violencia paramilitar en la frontera, los asesinatos de comuneros en Lara, de Robert Serra y Mar\u00eda Herrera, el descuartizamiento de Liliana Hergueta, y las puertas que comenzaron a abrirse con la Operaci\u00f3n de Liberaci\u00f3n del Pueblo (OLP) son algunas de las fotograf\u00edas de un escenario donde lo interno y lo externo est\u00e1n peligrosa y planificadamente cruzados.<\/div>\n<p>Lo de afuera est\u00e1 dentro, ha sido inyectado, se ha adaptado y ha evolucionado, como lo hacen las formaciones de la derecha nacidas con el objetivo de asesinar a organizaciones, resistencias y revoluciones. \u00c9sa es la g\u00e9nesis del paramilitarismo colombiano, as\u00ed tambi\u00e9n del que actu\u00f3 en Argentina en la antesala del golpe de Estado de 1976 \u2014que luego se traslad\u00f3 a Nicaragua para iniciar la formaci\u00f3n de la contrarrevoluci\u00f3n\u2014, es el que comienza a desarrollarse en Paraguay, entrenado por los Ej\u00e9rcitos colombiano e israel\u00ed.<br \/><a name='more'><\/a><br \/>La derecha arma, transmite sus experiencias internacionalmente, perfecciona sus m\u00e9todos y armamentos, y forma a sus propios cuadros locales: Lorent G\u00f3mez Saleh, Carlos Trejo, Jos\u00e9 Rafael P\u00e9rez Venta, para nombrar s\u00f3lo a algunos de ellos, visibles, entre tantos \u2014\u00bfdecenas, centenares, miles?\u2014 invisibles.<\/p>\n<p>Entonces, el Gobierno nacional planific\u00f3 su accionar: la OLP. Las respuestas comenzaron a aparecer r\u00e1pidamente: San F\u00e9lix y diversos intentos de saqueos organizados, y la emboscada al cabo primero Miguel N\u00fa\u00f1ez y a los tenientes del Ej\u00e9rcito Manuel Veloz Santaella y Alexis Rodr\u00edguez, en San Antonio del T\u00e1chira. La guerra desde dentro y fuera, multiplicada como golpes incendiarios locales, sin autores ideol\u00f3gicos responsabiliz\u00e1ndose, negando la misma existencia de la guerra, que sin existir ocupa cada d\u00eda m\u00e1s espacios.<\/p>\n<p>Hasta que vino el cierre de la frontera: la ocupaci\u00f3n del territorio propio, la excepci\u00f3n necesaria. Para frenar el avance, recuperar barrios, derechos, alimentos, gasolina, decomisar casas, explosivos, arrestar paramilitares, contrabandistas, y evidenciar la realidad de frontera que buscan expandir como r\u00edos de peste.<\/p>\n<p>Lo que emerge <\/p>\n<p>duele, tanto por la situaci\u00f3n nacional como por la colombiana. Comencemos por \u201caquel lado\u201d: 144.000 migrantes a Venezuela en el 2014, 121.834 en lo que va de 2015, como lo dio a conocer el presidente Nicol\u00e1s Maduro: \u201cEl \u00e9xodo m\u00e1s grande que se da en el campo migratorio en el mundo\u201d. Eso significa campesinos, pobres, familias enteras, perseguidos, huyendo de falsos positivos, masacres, extorsiones, desocupados, obligados a cruzar una frontera. Y esa cifra s\u00f3lo contempla a quienes fueron legalmente registrados.<\/p>\n<p>La situaci\u00f3n de aquel lado asfixia, y no es nuevo: casi 6 millones de colombianos viviendo en Venezuela son la prueba de eso. \u00bfQui\u00e9nes son los culpables? Los mismos que hoy infiltran el pa\u00eds con paramilitares, instalaron siete bases del Ej\u00e9rcito imperialista norteamericano en Colombia, persiguieron a 164 periodistas en el 2014, o asesinaron a 5.000 militantes de la Uni\u00f3n Patri\u00f3tica, con \u00c1lvaro Uribe como cabeza actualmente visible \u2014quien fue a C\u00facuta a presentarse como salvador\u2014. El enemigo es el mismo.<\/p>\n<p>\u00bfC\u00f3mo explicar que sean centenares de miles quienes vengan a Venezuela donde existe una guerra econ\u00f3mica, colas y escasez organizada? \u00bfSer\u00e1 que aqu\u00ed la situaci\u00f3n no es como la cuenta CNN, El Pa\u00eds y La Naci\u00f3n? \u00bfQu\u00e9 hay de \u201caquel lado\u201d que nadie cuenta? El cierre de frontera arroj\u00f3 algunas im\u00e1genes: miles buscando cruzar para T\u00e1chira, desabastecimiento en C\u00facuta, falta de gasolina, 17% de desocupaci\u00f3n, abandono, y una econom\u00eda inflada con alimentos venezolanos y casas de cambio criminales amparadas por el Banco Central de Colombia.<\/p>\n<p>Junto a ello aparece en pantallas venezolanas algunas realidades del paramilitarismo de \u201ceste lado\u201d: all\u00ed estuvo Jorge Arreaza ense\u00f1ando explosivos, detonantes, armas, pasamonta\u00f1as, logos paramilitares, la punta de algo inmenso. La guerra cobra im\u00e1genes, colores, responsables, se hace visible, existe.<\/p>\n<p>Y con el cierre de la frontera comenzaron a llegar las voces narrando disminuciones de colas, aparici\u00f3n de productos que llevaban meses desaparecidos de los anaqueles, gasolina. La guerra econ\u00f3mica tuvo desde el inicio uno de sus puntos cr\u00edticos en T\u00e1chira, terminar con ese pase, por el tiempo que decida Nicol\u00e1s Maduro, significa cortar con una sangr\u00eda de d\u00eda y noche, restablecer algunos niveles de abastecimiento necesario.<\/p>\n<p>Un debate <\/p>\n<p>que viene emergiendo refiere al racismo, a la xenofobia, a la ruptura del proceso de acercamiento y reconocimiento con \u201cel otro\u201d que se hab\u00eda puesto en marcha con la Revoluci\u00f3n Bolivariana, la deconstrucci\u00f3n de la balcanizaci\u00f3n del continente. Est\u00e1 en esquinas, en conversaciones en autobuses, colas, peligrosamente est\u00e1, aunque Nicol\u00e1s Maduro se encargue de aclarar y distinguir los diferentes niveles: el pueblo, el Gobierno, el paramilitarismo. Y seguramente tambi\u00e9n est\u00e9 del lado colombiano.<\/p>\n<p>Pero cuesta, son millones quienes construyen su interpretaci\u00f3n de las cosas \u00fanicamente a trav\u00e9s de los medios de comunicaci\u00f3n, que forman su interpretaci\u00f3n desde all\u00ed. Resulta suficiente con mirar un noticiero de Caracol para comprender c\u00f3mo se reconstruye la realidad sobre un nacionalismo recortado, funcional a una polarizaci\u00f3n de bandera, sin contenido y, sobre todo, mentiroso e hip\u00f3crita.<\/p>\n<p>O leer historias pasadas y presentes \u2014como el caso de varios pa\u00edses europeos\u2014 para comprender c\u00f3mo uno de los primeros emergentes en escenarios de dificultades econ\u00f3micas \u2014y \u00e9ste lo es debido a una din\u00e1mica marcada a fuego por la guerra en todos sus niveles\u2014 es la puesta del problema en quien viene de afuera. Y eso puede ser utilizado para ser exacerbado o trabajado en un sentido contrario, para continuar sobre el camino de la generosidad continental, las palabras de Hugo Ch\u00e1vez, la diferenciaci\u00f3n de cada nivel, de los enemigos y los hermanos.<\/p>\n<p>Existen otros debates presentes en el escenario actual, como, por ejemplo, la OLP y sus focos de golpe, es decir, su ausencia en zonas de clases altas \u2014donde se encuentran ide\u00f3logos y financiadores\u2014. Seguramente hayan otros, y no podr\u00eda ser de otra manera: se est\u00e1n recuperando los espacios perdidos de la casa, volviendo a ingresar a territorios, edificios, contra una estructura que no es imaginaria, ni una sensaci\u00f3n. Y eso es llevado adelante por diferentes actores, que no est\u00e1n exentos de fallas, contradicciones y errores, co<br \/>\nmo la misma Revoluci\u00f3n. C\u00f3mo articular esa din\u00e1mica con el Poder Popular podr\u00eda ser una pregunta y necesidad pertinente, y lo que es seguro: la casa es nuestra y nadie tirar\u00e1 la llave a la alcantarilla para marcharse en silencio.<\/span><\/p>\n<div><span style=\"font-family: Verdana, sans-serif\"><br \/><\/span><\/div>\n<div><span style=\"color: blue;font-family: Verdana, sans-serif\">Fuente: Resumen Latinoamericano, Producci\u00f3n Riachuelo<\/span><\/div>\n","protected":false},"excerpt":{"rendered":"<p>ENFRENTAN PELIGRO NACIONAL El cierre de frontera: recuperar la casa y nombrar la guerra [Marco Teruggi\/Resumen Latinoamericano, 26 de agosto de 2015] Nadie saldr\u00e1 de la casa tirando la llave a la alcantarilla para alejarse luego \u201ctriste, solitario y final\u201d. No ser\u00e1n tomadas las habitaciones una a una como un silencio, una presencia invisible, como [&hellip;]<\/p>\n","protected":false},"author":4,"featured_media":0,"comment_status":"open","ping_status":"open","sticky":false,"template":"","format":"standard","meta":{"_monsterinsights_skip_tracking":false,"_monsterinsights_sitenote_active":false,"_monsterinsights_sitenote_note":"","_monsterinsights_sitenote_category":0,"jnews-multi-image_gallery":[],"jnews_single_post":{"format":"standard"},"jnews_primary_category":[],"_joinchat":[],"footnotes":""},"categories":[58],"tags":[70],"class_list":["post-103","post","type-post","status-publish","format-standard","hentry","category-noticiariachuelo","tag-de-la-patria-grande"],"_links":{"self":[{"href":"http:\/\/fmriachuelo.it10.com.ar\/index.php\/wp-json\/wp\/v2\/posts\/103","targetHints":{"allow":["GET"]}}],"collection":[{"href":"http:\/\/fmriachuelo.it10.com.ar\/index.php\/wp-json\/wp\/v2\/posts"}],"about":[{"href":"http:\/\/fmriachuelo.it10.com.ar\/index.php\/wp-json\/wp\/v2\/types\/post"}],"author":[{"embeddable":true,"href":"http:\/\/fmriachuelo.it10.com.ar\/index.php\/wp-json\/wp\/v2\/users\/4"}],"replies":[{"embeddable":true,"href":"http:\/\/fmriachuelo.it10.com.ar\/index.php\/wp-json\/wp\/v2\/comments?post=103"}],"version-history":[{"count":1,"href":"http:\/\/fmriachuelo.it10.com.ar\/index.php\/wp-json\/wp\/v2\/posts\/103\/revisions"}],"predecessor-version":[{"id":23974,"href":"http:\/\/fmriachuelo.it10.com.ar\/index.php\/wp-json\/wp\/v2\/posts\/103\/revisions\/23974"}],"wp:attachment":[{"href":"http:\/\/fmriachuelo.it10.com.ar\/index.php\/wp-json\/wp\/v2\/media?parent=103"}],"wp:term":[{"taxonomy":"category","embeddable":true,"href":"http:\/\/fmriachuelo.it10.com.ar\/index.php\/wp-json\/wp\/v2\/categories?post=103"},{"taxonomy":"post_tag","embeddable":true,"href":"http:\/\/fmriachuelo.it10.com.ar\/index.php\/wp-json\/wp\/v2\/tags?post=103"}],"curies":[{"name":"wp","href":"https:\/\/api.w.org\/{rel}","templated":true}]}}