{"id":1028,"date":"2014-10-23T14:30:00","date_gmt":"2014-10-23T14:30:00","guid":{"rendered":"http:\/\/fmriachuelo.observatorioess.org.ar\/index.php\/2014\/10\/23\/uruguay-cierre-de-campanas\/"},"modified":"2025-03-07T13:53:15","modified_gmt":"2025-03-07T16:53:15","slug":"uruguay-cierre-de-campanas","status":"publish","type":"post","link":"http:\/\/fmriachuelo.it10.com.ar\/index.php\/2014\/10\/23\/uruguay-cierre-de-campanas\/","title":{"rendered":"URUGUAY; CIERRE DE CAMPA\u00d1AS"},"content":{"rendered":"<div style=\"text-align: left\">      <\/div>\n<div style=\"text-align: left\"><span style=\"font-size: large\"><span style=\"font-family: Verdana,sans-serif\"><b><span style=\"color: red\">al borde de la veda electoraL<\/span><\/b><\/span><\/span><\/div>\n<div style=\"text-align: left\"><span style=\"font-family: Verdana,sans-serif\"><span style=\"font-size: small\"><a href=\"http:\/\/2.bp.blogspot.com\/-G7wsR3nUgu0\/VEkP6xzFiGI\/AAAAAAAABGY\/UG0tf2yK56k\/s1600\/elecciones-uruguay.jpg\" style=\"clear: left;float: left;margin-bottom: 1em;margin-right: 1em\"><img decoding=\"async\" border=\"0\" src=\"http:\/\/2.bp.blogspot.com\/-G7wsR3nUgu0\/VEkP6xzFiGI\/AAAAAAAABGY\/UG0tf2yK56k\/s1600\/elecciones-uruguay.jpg\" \/><\/a>Los partidos pol\u00edticos cerrar\u00e1n hoy en la noche sus campa\u00f1as, en actos que se celebrar\u00e1n pocas horas antes del inicio de la veda electoral, que comenzar\u00e1 a la medianoche.<br \/>La f\u00f3rmula del Frente Amplio convoc\u00f3 a sus seguidores a concentrarse en Punta Carretas, en el tramo de la rambla ubicado frente al club de Golf, sobre las 8 de la noche.<br \/>Media hora antes, a las 19.30, el Partido Nacional invita a sus simpatizantes a encontrarse en Las Piedras, en Avenida Artigas y Leandro Gomez, a escasos metros de donde inici\u00f3 su campa\u00f1a el hoy candidato presidencial, Luis Lacalle Pou.<br \/>El Partido Colorado, por su parte, se movilizar\u00e1 frente a la sede central de Vamos Uruguay en la Rambla y Luis A de Herrera, a partir de las 19.30 horas.<\/span><\/span><\/div>\n<div style=\"text-align: left\"><span style=\"font-family: Verdana,sans-serif\"><span style=\"font-size: small\">A cuatro d\u00edas de las elecciones generales en Uruguay, los sondeos de intenci\u00f3n de voto le atribuyen entre 43 y 44 por ciento al partido Frente Amplio, cuyo candidato es Tabar\u00e9 V\u00e1squez, mientras que su contrincante del Partido Nacional, Luis Lacalle Pou, oscila entre 32 y 33 por ciento de intenci\u00f3n de voto.<\/span><\/span><\/div>\n<div style=\"text-align: left\">      <\/div>\n<div style=\"margin: 0.1pt 0cm\"><b><span style=\"color: #3d85c6\"><span style=\"font-size: x-small\"><span style=\"font-family: Verdana,sans-serif\"><span>Fuente:Nodal\/Telesur<\/span><span><\/span><\/span><\/span><\/span><\/b><\/div>\n","protected":false},"excerpt":{"rendered":"<p>al borde de la veda electoraL Los partidos pol\u00edticos cerrar\u00e1n hoy en la noche sus campa\u00f1as, en actos que se celebrar\u00e1n pocas horas antes del inicio de la veda electoral, que comenzar\u00e1 a la medianoche.La f\u00f3rmula del Frente Amplio convoc\u00f3 a sus seguidores a concentrarse en Punta Carretas, en el tramo de la rambla ubicado [&hellip;]<\/p>\n","protected":false},"author":4,"featured_media":0,"comment_status":"open","ping_status":"open","sticky":false,"template":"","format":"standard","meta":{"_monsterinsights_skip_tracking":false,"_monsterinsights_sitenote_active":false,"_monsterinsights_sitenote_note":"","_monsterinsights_sitenote_category":0,"jnews-multi-image_gallery":[],"jnews_single_post":{"format":"standard"},"jnews_primary_category":[],"_joinchat":[],"footnotes":""},"categories":[58],"tags":[70],"class_list":["post-1028","post","type-post","status-publish","format-standard","hentry","category-noticiariachuelo","tag-de-la-patria-grande"],"_links":{"self":[{"href":"http:\/\/fmriachuelo.it10.com.ar\/index.php\/wp-json\/wp\/v2\/posts\/1028","targetHints":{"allow":["GET"]}}],"collection":[{"href":"http:\/\/fmriachuelo.it10.com.ar\/index.php\/wp-json\/wp\/v2\/posts"}],"about":[{"href":"http:\/\/fmriachuelo.it10.com.ar\/index.php\/wp-json\/wp\/v2\/types\/post"}],"author":[{"embeddable":true,"href":"http:\/\/fmriachuelo.it10.com.ar\/index.php\/wp-json\/wp\/v2\/users\/4"}],"replies":[{"embeddable":true,"href":"http:\/\/fmriachuelo.it10.com.ar\/index.php\/wp-json\/wp\/v2\/comments?post=1028"}],"version-history":[{"count":1,"href":"http:\/\/fmriachuelo.it10.com.ar\/index.php\/wp-json\/wp\/v2\/posts\/1028\/revisions"}],"predecessor-version":[{"id":21841,"href":"http:\/\/fmriachuelo.it10.com.ar\/index.php\/wp-json\/wp\/v2\/posts\/1028\/revisions\/21841"}],"wp:attachment":[{"href":"http:\/\/fmriachuelo.it10.com.ar\/index.php\/wp-json\/wp\/v2\/media?parent=1028"}],"wp:term":[{"taxonomy":"category","embeddable":true,"href":"http:\/\/fmriachuelo.it10.com.ar\/index.php\/wp-json\/wp\/v2\/categories?post=1028"},{"taxonomy":"post_tag","embeddable":true,"href":"http:\/\/fmriachuelo.it10.com.ar\/index.php\/wp-json\/wp\/v2\/tags?post=1028"}],"curies":[{"name":"wp","href":"https:\/\/api.w.org\/{rel}","templated":true}]}}