{"id":1026,"date":"2014-10-24T14:48:00","date_gmt":"2014-10-24T14:48:00","guid":{"rendered":"http:\/\/fmriachuelo.observatorioess.org.ar\/index.php\/2014\/10\/24\/derechos-humanos\/"},"modified":"2025-03-07T14:05:19","modified_gmt":"2025-03-07T17:05:19","slug":"derechos-humanos","status":"publish","type":"post","link":"http:\/\/fmriachuelo.it10.com.ar\/index.php\/2014\/10\/24\/derechos-humanos\/","title":{"rendered":"DERECHOS HUMANOS"},"content":{"rendered":"<p><span style=\"font-family: Verdana, sans-serif\"><span style=\"font-size: small\"><b>REPRODUCIMOS<\/b><\/span><\/span>                <\/p>\n<div><span style=\"font-size: large\"><b><span style=\"color: red;font-family: Verdana\">Comunicado de la APDH La Matanza<\/span><\/b><span><\/span><\/span><\/div>\n<p><b><a href=\"http:\/\/4.bp.blogspot.com\/-ATcITi6xq-w\/VEpnCCp7y7I\/AAAAAAAABHE\/qDhpNiRJZn0\/s1600\/10599425_794407880622142_5831075821104066833_n.jpg\" style=\"clear: left;float: left;margin-bottom: 1em;margin-right: 1em\"><img loading=\"lazy\" decoding=\"async\" border=\"0\" src=\"http:\/\/4.bp.blogspot.com\/-ATcITi6xq-w\/VEpnCCp7y7I\/AAAAAAAABHE\/qDhpNiRJZn0\/s1600\/10599425_794407880622142_5831075821104066833_n.jpg\" height=\"233\" width=\"320\" \/><\/a><\/b><span style=\"font-family: Verdana, sans-serif;font-size: small\"><b>INCENDIO EN EL ESPACIO DE LA ASAMBLEA<\/b>&nbsp;<\/span><br \/><span style=\"font-family: Verdana, sans-serif;font-size: small\"><span style=\"font-size: small\">[<\/span>San Justo, mi\u00e9rcoles 22<span style=\"font-size: small\">\/10\/<\/span>2014]<span style=\"font-size: small\"> <\/span>En la ma\u00f1ana de ayer hubo un incendio en el espacio donde funciona la APDH-La Matanza. Es un sector donde hay una peque\u00f1a cancha de f\u00fatbol que pertenece a nuestro predio y est\u00e1 rodeada por neum\u00e1ticos que fueron encendidos; las llamas alcanzaron un cerco de madera pero la r\u00e1pida acci\u00f3n de los compa\u00f1eros permiti\u00f3 controlar el siniestro. Hoy en la madrugada hubo otro foco de relevancia en el basural lindero al terreno, algo que no es habitual ni por la magnitud ni por el horario. Nuevamente el incendio fue apagado por militantes de la Asamblea.<br \/>Estos acontecimientos se dan en d\u00edas que se profundizan investigaciones en causas que la APDH-La Matanza acompa\u00f1a y que generan noticias de relevancia.<br \/>Creemos que estos hechos no son aislados. Por lo tanto, repudiamos estas acciones y exigimos el esclarecimiento por parte de las autoridades pertinentes. La denuncia fue presentada ante la Fiscal\u00eda n\u00ba11 del Departamento Judicial del distrito.<br \/>La Asamblea Permanente por los Derechos Humanos de La Matanza continuar\u00e1 apoyando a las v\u00edctimas de violencia institucional porque nadie cambiar\u00e1 nuestra premisa de lograr Verdad y Justicia en cada una de las causas.<\/span><br \/><span style=\"font-family: Verdana, sans-serif;font-size: small\"><br \/><b>Compa\u00f1eros APD<span style=\"font-size: small\">H<\/span>-La Matanza<\/b><br \/>Esnaola 3780, esquina Cabrera, San Justo, partido de La Matanza.Correo electr\u00f3nico: apedehache@yahoo.com.ar<\/span><\/p>\n","protected":false},"excerpt":{"rendered":"<p>REPRODUCIMOS Comunicado de la APDH La Matanza INCENDIO EN EL ESPACIO DE LA ASAMBLEA&nbsp;[San Justo, mi\u00e9rcoles 22\/10\/2014] En la ma\u00f1ana de ayer hubo un incendio en el espacio donde funciona la APDH-La Matanza. Es un sector donde hay una peque\u00f1a cancha de f\u00fatbol que pertenece a nuestro predio y est\u00e1 rodeada por neum\u00e1ticos que fueron [&hellip;]<\/p>\n","protected":false},"author":4,"featured_media":0,"comment_status":"open","ping_status":"open","sticky":false,"template":"","format":"standard","meta":{"_monsterinsights_skip_tracking":false,"_monsterinsights_sitenote_active":false,"_monsterinsights_sitenote_note":"","_monsterinsights_sitenote_category":0,"jnews-multi-image_gallery":[],"jnews_single_post":{"format":"standard"},"jnews_primary_category":[],"_joinchat":[],"footnotes":""},"categories":[58],"tags":[119,147],"class_list":["post-1026","post","type-post","status-publish","format-standard","hentry","category-noticiariachuelo","tag-derechos-humanos","tag-habitat"],"_links":{"self":[{"href":"http:\/\/fmriachuelo.it10.com.ar\/index.php\/wp-json\/wp\/v2\/posts\/1026","targetHints":{"allow":["GET"]}}],"collection":[{"href":"http:\/\/fmriachuelo.it10.com.ar\/index.php\/wp-json\/wp\/v2\/posts"}],"about":[{"href":"http:\/\/fmriachuelo.it10.com.ar\/index.php\/wp-json\/wp\/v2\/types\/post"}],"author":[{"embeddable":true,"href":"http:\/\/fmriachuelo.it10.com.ar\/index.php\/wp-json\/wp\/v2\/users\/4"}],"replies":[{"embeddable":true,"href":"http:\/\/fmriachuelo.it10.com.ar\/index.php\/wp-json\/wp\/v2\/comments?post=1026"}],"version-history":[{"count":1,"href":"http:\/\/fmriachuelo.it10.com.ar\/index.php\/wp-json\/wp\/v2\/posts\/1026\/revisions"}],"predecessor-version":[{"id":21843,"href":"http:\/\/fmriachuelo.it10.com.ar\/index.php\/wp-json\/wp\/v2\/posts\/1026\/revisions\/21843"}],"wp:attachment":[{"href":"http:\/\/fmriachuelo.it10.com.ar\/index.php\/wp-json\/wp\/v2\/media?parent=1026"}],"wp:term":[{"taxonomy":"category","embeddable":true,"href":"http:\/\/fmriachuelo.it10.com.ar\/index.php\/wp-json\/wp\/v2\/categories?post=1026"},{"taxonomy":"post_tag","embeddable":true,"href":"http:\/\/fmriachuelo.it10.com.ar\/index.php\/wp-json\/wp\/v2\/tags?post=1026"}],"curies":[{"name":"wp","href":"https:\/\/api.w.org\/{rel}","templated":true}]}}