{"id":10244,"date":"2019-06-26T19:04:42","date_gmt":"2019-06-26T19:04:42","guid":{"rendered":"http:\/\/fmriachuelo.com.ar\/?p=10244"},"modified":"2019-06-26T19:04:42","modified_gmt":"2019-06-26T19:04:42","slug":"homenaje-a-martin-oso-cisneros-y-libertad-a-lxs-presxs-por-luchar","status":"publish","type":"post","link":"http:\/\/fmriachuelo.it10.com.ar\/index.php\/2019\/06\/26\/homenaje-a-martin-oso-cisneros-y-libertad-a-lxs-presxs-por-luchar\/","title":{"rendered":"LA BOCA: HOMENAJE A MART\u00cdN \u00abOSO\u00bb CISNEROS Y LIBERTAD A LXS PRESXS POR LUCHAR"},"content":{"rendered":"<p><b>[FM Riachuelo 26\/06\/2019] Ayer por la tarde, a 15 a\u00f1os del asesinato de nuestro compa\u00f1ero y militante Mart\u00edn \u201cOso\u201d Cisneros, una multitud nucleada en diversas organizaciones populares, junto a sus compa\u00f1erxs y vecinos del barrio, rindieron homenaje a su vida y exigieron\u00a0la libertad de Luis D\u00b4Elia y de todxs lxs presxs por luchar. La convocatoria fue realizada por la Federaci\u00f3n de Tierra y Vivienda (FTV) y la Organizaci\u00f3n Social y Pol\u00edtica Los Pibes y se desarroll\u00f3 con un emotivo acto, al pie del Puente Nicol\u00e1s Avellaneda del barrio de La Boca, en una avenida Almirante Brown llena de flameantes banderas de distintos colores pertenecientes a un amplio arco de organizaciones sociales y pol\u00edticas.<\/b><\/p>\n<p>Parad\u00f3jicamente, el asesino del Oso que fuera condenado a 18 a\u00f1os de prisi\u00f3n gracias a la manifestaci\u00f3n popular producida aquella noche en la Comisar\u00eda 24, hoy se encuentra en libertad mientras que D&#8217; el\u00eda, quien acompa\u00f1\u00f3 y fue parte de aquel reclamo de justicia fue judicializado y condenado a prisi\u00f3n injustamente.<\/p>\n<p>A lo largo del homenaje se record\u00f3 al Oso y a su ejemplo de vida militante y comprometida con la lucha contra el hambre y las injusticias de un sistema que s\u00f3lo propone sufrimiento y muerte a nuestros pibes y a nuestro pueblo, resaltando las banderas de unidad que \u00e9l ha dejado como legado.<\/p>\n<p><img loading=\"lazy\" decoding=\"async\" class=\"aligncenter wp-image-10246 size-large\" src=\"http:\/\/fmriachuelo.com.ar\/wp-content\/uploads\/2019\/06\/WhatsApp-Image-2019-06-25-at-8.20.00-PM-1025x579.jpeg\" alt=\"\" width=\"640\" height=\"362\" \/><\/p>\n<p>Uno de los oradores m\u00e1s importantes de la jornada fue Luis Delia con quien se logr\u00f3 establecer una comunicaci\u00f3n telef\u00f3nica \u00a0desde el Penal de Ezeiza: <em>\u201cEstoy preso por decisi\u00f3n de la embajada de los Estados Unidos y decisi\u00f3n del Presidente Maurico Macri. No estamos (presos) ni por chorros ni por corruptos. Estamos por luchadores sociales, por haber puesto la cara y el lomo en el momento que correspond\u00eda. <\/em>En otro pasaje de su discurso expres\u00f3<em>: lo \u00fanico que nos va a liberar es el Pueblo en la calle\u201d<\/em><\/p>\n<p>Esteban \u201cGringo\u201d Castro, Secretario General de la Confederaci\u00f3n de Trabajadores de la Econom\u00eda Popular (CTEP), tambi\u00e9n se hizo presente en el escenario. Habl\u00f3 de la necesidad de hacerle frente al sistema que destruye los barrios con la droga, el narcotr\u00e1fico y la complicidad de la polic\u00eda: <em>\u201cNecesitamos organizar los centros de atenci\u00f3n y acompa\u00f1amiento comunitario vinculando el deporte, el trabajo, la capacitaci\u00f3n y la lucha contra las adicciones que se llevan puestos a nuestrxs pibxs<\/em>. <em>Cada uno de esos centros tiene que llevar la imagen del Oso Cisneros, que fue el que dio la vida. Tiene que llevar la imagen de Kosteki y de Santill\u00e1n. Tiene que llevar la imagen de C\u00e9sar M\u00e9ndez, de Orellana y de Rafita Nahuel. De todos los compa\u00f1eros que dieron su vida en este tiempo en la lucha.\u201d<\/em><\/p>\n<p><img loading=\"lazy\" decoding=\"async\" class=\"wp-image-10247 size-large aligncenter\" src=\"http:\/\/fmriachuelo.com.ar\/wp-content\/uploads\/2019\/06\/WhatsApp-Image-2019-06-25-at-8.22.52-PM-1025x579.jpeg\" alt=\"\" width=\"640\" height=\"362\" \/><\/p>\n<p>El \u00faltimo orador fue Lito Borello, referente de la Organizaci\u00f3n Social y Pol\u00edtica Los Pibes y Secretario de DD.HH. de la CTEP. Celebr\u00f3 que el significado del Oso Cisneros para el campo popular haya logrado es ese acto superar cualquier diferencia de pensamiento respecto a la coyuntura en un a\u00f1o electoral. Al finalizar su discurso dijo: <em>\u201cSiguen con la intenci\u00f3n de someternos. Los poderosos siguen ejerciendo un modelo de dominaci\u00f3n cada vez m\u00e1s perverso e injusto. No existe ni pan ni democracia con este nivel de injusticia social, sin un pueblo organizado y las organizaciones populares libres del pueblo construyendo una masa cr\u00edtica capaz de resistir y de ir por otra sociedad. Este sistema no da m\u00e1s. Es necesario construir otro mundo posible. Ese con el que so\u00f1aban Kosteki y Santill\u00e1n. Ese mundo so\u00f1aba el Oso. En ese mundo piensan los nuestrxs que siguen aspirando a que nuestrxs pibxs tengan un futuro digno\u201d.<\/em><\/p>\n<p><a href=\"https:\/\/www.facebook.com\/196659553722601\/posts\/2335552196499982\/\"><strong>MIR\u00c1 LA FOTOGALER\u00cdA<\/strong><\/a><\/p>\n<p>&nbsp;<\/p>\n","protected":false},"excerpt":{"rendered":"<p>[FM Riachuelo 26\/06\/2019] Ayer por la tarde, a 15 a\u00f1os del asesinato de nuestro compa\u00f1ero y militante Mart\u00edn \u201cOso\u201d Cisneros, una multitud nucleada en diversas organizaciones populares, junto a sus compa\u00f1erxs y vecinos del barrio, rindieron homenaje a su vida y exigieron\u00a0la libertad de Luis D\u00b4Elia y de todxs lxs presxs por luchar. La convocatoria [&hellip;]<\/p>\n","protected":false},"author":5,"featured_media":10245,"comment_status":"open","ping_status":"open","sticky":false,"template":"","format":"standard","meta":{"_monsterinsights_skip_tracking":false,"_monsterinsights_sitenote_active":false,"_monsterinsights_sitenote_note":"","_monsterinsights_sitenote_category":0,"jnews-multi-image_gallery":[],"jnews_single_post":[],"jnews_primary_category":[],"_joinchat":[],"footnotes":""},"categories":[76],"tags":[],"class_list":["post-10244","post","type-post","status-publish","format-standard","has-post-thumbnail","hentry","category-salud-comunitaria"],"_links":{"self":[{"href":"http:\/\/fmriachuelo.it10.com.ar\/index.php\/wp-json\/wp\/v2\/posts\/10244","targetHints":{"allow":["GET"]}}],"collection":[{"href":"http:\/\/fmriachuelo.it10.com.ar\/index.php\/wp-json\/wp\/v2\/posts"}],"about":[{"href":"http:\/\/fmriachuelo.it10.com.ar\/index.php\/wp-json\/wp\/v2\/types\/post"}],"author":[{"embeddable":true,"href":"http:\/\/fmriachuelo.it10.com.ar\/index.php\/wp-json\/wp\/v2\/users\/5"}],"replies":[{"embeddable":true,"href":"http:\/\/fmriachuelo.it10.com.ar\/index.php\/wp-json\/wp\/v2\/comments?post=10244"}],"version-history":[{"count":0,"href":"http:\/\/fmriachuelo.it10.com.ar\/index.php\/wp-json\/wp\/v2\/posts\/10244\/revisions"}],"wp:featuredmedia":[{"embeddable":true,"href":"http:\/\/fmriachuelo.it10.com.ar\/index.php\/wp-json\/"}],"wp:attachment":[{"href":"http:\/\/fmriachuelo.it10.com.ar\/index.php\/wp-json\/wp\/v2\/media?parent=10244"}],"wp:term":[{"taxonomy":"category","embeddable":true,"href":"http:\/\/fmriachuelo.it10.com.ar\/index.php\/wp-json\/wp\/v2\/categories?post=10244"},{"taxonomy":"post_tag","embeddable":true,"href":"http:\/\/fmriachuelo.it10.com.ar\/index.php\/wp-json\/wp\/v2\/tags?post=10244"}],"curies":[{"name":"wp","href":"https:\/\/api.w.org\/{rel}","templated":true}]}}