{"id":1024,"date":"2014-10-24T15:29:00","date_gmt":"2014-10-24T15:29:00","guid":{"rendered":"http:\/\/fmriachuelo.observatorioess.org.ar\/index.php\/2014\/10\/24\/proyecto-de-reforma-del-codigo-procesal-2\/"},"modified":"2025-03-07T14:07:59","modified_gmt":"2025-03-07T17:07:59","slug":"proyecto-de-reforma-del-codigo-procesal-2","status":"publish","type":"post","link":"http:\/\/fmriachuelo.it10.com.ar\/index.php\/2014\/10\/24\/proyecto-de-reforma-del-codigo-procesal-2\/","title":{"rendered":"PROYECTO DE REFORMA DEL CODIGO PROCESAL"},"content":{"rendered":"<h1 style=\"font-size: 26px;line-height: 27px;margin: 0px;padding: 0px\">                 <\/h1>\n<div style=\"line-height: 12.25pt\">      <\/div>\n<div><span style=\"color: red;font-size: large\"><b><span style=\"font-family: Verdana,sans-serif\"><span>Cuestionan el proyecto de reforma del C\u00f3digo Procesal Penal<\/span><\/span><\/b><\/span><\/div>\n<div style=\"line-height: 12.25pt\"><span style=\"font-size: small\"><span style=\"font-family: Verdana,sans-serif\"><\/span><\/span><\/div>\n<div style=\"text-align: justify\"><span style=\"font-size: small\"><span style=\"font-family: Verdana,sans-serif\">El legislador porte\u00f1o del Frente para la Victoria y ex canciller, Jorge Taiana, se transform\u00f3 en el primer kirchnerista en salir a cuestionar la forma en que se intenta dar respuesta a la inseguridad y cuestion\u00f3 la metodolog\u00eda del secretario de Seguridad, Sergio Berni.<\/span><\/span><\/div>\n<div style=\"text-align: justify\"><span style=\"font-size: small\"><span style=\"font-family: Verdana,sans-serif\">\u201cEn lo \u00fanico que coincido con Berni es en que tenemos un problema de inseguridad. No creo que la forma de resolverla sea la adecuada. No me parece que haya que echarles la culpa a los inmigrantes ni que haya que regular los piquetes por ley\u201d, asegur\u00f3 el diputado de la Ciudad.<\/span><\/span><\/div>\n<div style=\"text-align: justify\"><span style=\"font-size: small\"><span style=\"font-family: Verdana,sans-serif\">Para el legislador porte\u00f1o y precandidato a presidente por el Movimiento Evita, el problema de la inseguridad \u201ces multidimensional\u201d. \u201cHay cuestiones estructurales, pero tambi\u00e9n hay pol\u00edticas espec\u00edficas de seguridad que se podr\u00edan tomar\u201d, consider\u00f3.<\/span><\/span><\/div>\n<div style=\"text-align: justify\"><span style=\"font-size: small\"><span style=\"font-family: Verdana,sans-serif\">\u201cCristina hab\u00eda dicho que falta que la democracia llegue a una reforma de las fuerzas de seguridad. Creo que hay que empezar por ah\u00ed. Tienen que estar bien pagas, capacitadas y subordinadas al poder civil. Eliminemos la violencia institucional que sufren tantos chicos en nuestros barrios y terminemos con esa teor\u00eda que est\u00e1 en tantas polic\u00edas provinciales de que la forma de actuar es administrar el delito\u201d, agreg\u00f3.<\/span><\/span><\/div>\n<div style=\"text-align: justify\"><span style=\"font-size: small\"><span style=\"font-family: Verdana,sans-serif\">El legislador expreso: \u201cMe parece que los argumentos de demagogia punitiva tienen un impacto grande de opini\u00f3n. Lo que est\u00e1 claro es que durante a\u00f1os no hemos hecho m\u00e1s que endurecer leyes y eso no ha servido para resolver el problema\u201d.<\/span><\/span><\/div>\n<div style=\"text-align: justify\"><span style=\"font-family: Verdana,sans-serif;font-size: small\">Taiana lament\u00f3 que esas pol\u00edtica solo sirvieran para \u201csobrecargar c\u00e1rceles\u201d. \u201cMientras no hagamos una reforma del Servicio Penitenciario, las c\u00e1rceles seguir\u00e1n siendo escuelas del delito en lugar de ser centros de rehabilitaci\u00f3n para personas que cumplen una pena\u201d, afirm\u00f3.<span style=\"color: #3d85c6\"><b><span>&nbsp;<\/span><\/b><\/span><\/span><br \/><span style=\"font-size: x-small\"><span style=\"font-family: Verdana,sans-serif\"><span style=\"color: #3d85c6\"><b><span>Fuente: Noticias Urbanas<\/span><\/b><\/span><\/span><\/span><\/div>\n","protected":false},"excerpt":{"rendered":"<p>Cuestionan el proyecto de reforma del C\u00f3digo Procesal Penal El legislador porte\u00f1o del Frente para la Victoria y ex canciller, Jorge Taiana, se transform\u00f3 en el primer kirchnerista en salir a cuestionar la forma en que se intenta dar respuesta a la inseguridad y cuestion\u00f3 la metodolog\u00eda del secretario de Seguridad, Sergio Berni. \u201cEn lo [&hellip;]<\/p>\n","protected":false},"author":4,"featured_media":0,"comment_status":"open","ping_status":"open","sticky":false,"template":"","format":"standard","meta":{"_monsterinsights_skip_tracking":false,"_monsterinsights_sitenote_active":false,"_monsterinsights_sitenote_note":"","_monsterinsights_sitenote_category":0,"jnews-multi-image_gallery":[],"jnews_single_post":{"format":"standard"},"jnews_primary_category":[],"_joinchat":[],"footnotes":""},"categories":[58],"tags":[119,89],"class_list":["post-1024","post","type-post","status-publish","format-standard","hentry","category-noticiariachuelo","tag-derechos-humanos","tag-violencia-institucional"],"_links":{"self":[{"href":"http:\/\/fmriachuelo.it10.com.ar\/index.php\/wp-json\/wp\/v2\/posts\/1024","targetHints":{"allow":["GET"]}}],"collection":[{"href":"http:\/\/fmriachuelo.it10.com.ar\/index.php\/wp-json\/wp\/v2\/posts"}],"about":[{"href":"http:\/\/fmriachuelo.it10.com.ar\/index.php\/wp-json\/wp\/v2\/types\/post"}],"author":[{"embeddable":true,"href":"http:\/\/fmriachuelo.it10.com.ar\/index.php\/wp-json\/wp\/v2\/users\/4"}],"replies":[{"embeddable":true,"href":"http:\/\/fmriachuelo.it10.com.ar\/index.php\/wp-json\/wp\/v2\/comments?post=1024"}],"version-history":[{"count":1,"href":"http:\/\/fmriachuelo.it10.com.ar\/index.php\/wp-json\/wp\/v2\/posts\/1024\/revisions"}],"predecessor-version":[{"id":21868,"href":"http:\/\/fmriachuelo.it10.com.ar\/index.php\/wp-json\/wp\/v2\/posts\/1024\/revisions\/21868"}],"wp:attachment":[{"href":"http:\/\/fmriachuelo.it10.com.ar\/index.php\/wp-json\/wp\/v2\/media?parent=1024"}],"wp:term":[{"taxonomy":"category","embeddable":true,"href":"http:\/\/fmriachuelo.it10.com.ar\/index.php\/wp-json\/wp\/v2\/categories?post=1024"},{"taxonomy":"post_tag","embeddable":true,"href":"http:\/\/fmriachuelo.it10.com.ar\/index.php\/wp-json\/wp\/v2\/tags?post=1024"}],"curies":[{"name":"wp","href":"https:\/\/api.w.org\/{rel}","templated":true}]}}