{"id":1021,"date":"2014-10-26T00:04:00","date_gmt":"2014-10-26T00:04:00","guid":{"rendered":"http:\/\/fmriachuelo.observatorioess.org.ar\/index.php\/2014\/10\/26\/la-ctep-participa-del-encuentro-mundial-de-movimientos-populares-con-el-papa-francisco\/"},"modified":"2025-03-07T14:13:31","modified_gmt":"2025-03-07T17:13:31","slug":"la-ctep-participa-del-encuentro-mundial-de-movimientos-populares-con-el-papa-francisco","status":"publish","type":"post","link":"http:\/\/fmriachuelo.it10.com.ar\/index.php\/2014\/10\/26\/la-ctep-participa-del-encuentro-mundial-de-movimientos-populares-con-el-papa-francisco\/","title":{"rendered":"LA CTEP PARTICIPA DEL ENCUENTRO MUNDIAL DE MOVIMIENTOS POPULARES CON EL PAPA FRANCISCO"},"content":{"rendered":"<h1><\/h1>\n<p><span style=\"font-family: Verdana,sans-serif\"><span style=\"font-size: small\"><b><span style=\"font-size: large\"><span style=\"color: red\">DEL TRABAJO INFORMAL A LA ECONOM\u00cdA POPULAR<\/span><\/span>&nbsp;<\/b><\/span><\/span><br \/><span style=\"font-family: Verdana,sans-serif\"><span style=\"font-size: small\"><b>La CTEP (Confederaci\u00f3n de Trabajadores de la Econom\u00eda Popular) estar\u00e1 participando del Encuentro Mundial de Movimientos Populares, impulsado por organizaciones de todo el mundo junto al Pontificio Consejo Justicia y Paz y la Academia Pontificia de las Ciencias Sociales, y con el apoyo del Papa Francisco. El encuentro se llevar\u00e1 a cabo del 27 al 29 de Octubre en el Vaticano.<\/b><\/span><\/span><br \/><a name='more'><\/a><span style=\"font-family: Verdana,sans-serif\"><span style=\"font-size: small\">Esteban \u201cGringo\u201d Castro, Secretario General  de la CTEP, afirma: \u201cNos alegra enormemente la posibilidad de hacer o\u00edr la voz, de darle visibilidad a los excluidos en el mism\u00edsimo Vaticano. Le agradecemos profundamente al Papa Francisco esta posibilidad, una nueva muestra de su permanente acompa\u00f1amiento y cercan\u00eda no s\u00f3lo hacia los que sufrimos la injusticia sino tambi\u00e9n hacia los que nos organizamos y luchamos contra ella.\u201d<br \/>Estar\u00e1n participando del Encuentro m\u00e1s de 150 delegados de diferentes pa\u00edses, que re\u00fanen: a los trabajadores precarizados, y los que participan en el sector popular, informal y de autogesti\u00f3n; los campesinos sin tierra y los pueblos ind\u00edgenas; y las personas que viven en los suburbios y asentamientos informales. Asimismo, participar\u00e1n organizaciones sindicales, sociales y de derechos humanos que han acompa\u00f1ado los procesos de organizaci\u00f3n y lucha de los mencionados sectores. Varios obispos y otros trabajadores de la Iglesia est\u00e1n tambi\u00e9n invitados, con el fin de estimular el di\u00e1logo y la colaboraci\u00f3n con la Iglesia. Desde Argentina estar\u00e1n participando:  Esteban Castro (Confederacion de Trabajadores de la Economia Popular),Sergio Sanchez (Presidente de la Federaci\u00f3n Argentina de Cartoneros y Recicladores),  Deolinda del Valle Carrizo (Movimiento Nacional Campesino Ind\u00edgena), Diego Sebasti\u00e1n L\u00f3pez (Movimiento de Trabajadores Excluidos), Luis Maidana (Movimiento Nacional de Empresas Recuperadas) y Natalia Mabel Molina (Corriente Villera Independiente)<br \/>Los temas que se tratar\u00e1n son: conocer la realidad de hoy, las luchas  de los movimientos populares; apreciar la ense\u00f1anza del Papa Fransciso sobre la forma de avanzar juntos hacia un aut\u00e9ntico desarrollo humano integral; y por \u00faltimo se buscar\u00e1 construir compromisos colectivos entre las organizaciones de los excluidos y la Iglesia <\/span><\/span><br \/><span style=\"font-family: Verdana,sans-serif\"><span style=\"font-size: small\"><span style=\"font-size: x-small\"><span style=\"color: #3d85c6\"><b>FUENTE: CTEP<\/b><\/span><\/span><\/span><\/span><\/p>\n","protected":false},"excerpt":{"rendered":"<p>DEL TRABAJO INFORMAL A LA ECONOM\u00cdA POPULAR&nbsp;La CTEP (Confederaci\u00f3n de Trabajadores de la Econom\u00eda Popular) estar\u00e1 participando del Encuentro Mundial de Movimientos Populares, impulsado por organizaciones de todo el mundo junto al Pontificio Consejo Justicia y Paz y la Academia Pontificia de las Ciencias Sociales, y con el apoyo del Papa Francisco. El encuentro se [&hellip;]<\/p>\n","protected":false},"author":4,"featured_media":0,"comment_status":"open","ping_status":"open","sticky":false,"template":"","format":"standard","meta":{"_monsterinsights_skip_tracking":false,"_monsterinsights_sitenote_active":false,"_monsterinsights_sitenote_note":"","_monsterinsights_sitenote_category":0,"jnews-multi-image_gallery":[],"jnews_single_post":{"format":"standard"},"jnews_primary_category":[],"_joinchat":[],"footnotes":""},"categories":[58],"tags":[64,103,86],"class_list":["post-1021","post","type-post","status-publish","format-standard","hentry","category-noticiariachuelo","tag-economia-popular","tag-movimientos-populares","tag-noti-ctep"],"_links":{"self":[{"href":"http:\/\/fmriachuelo.it10.com.ar\/index.php\/wp-json\/wp\/v2\/posts\/1021","targetHints":{"allow":["GET"]}}],"collection":[{"href":"http:\/\/fmriachuelo.it10.com.ar\/index.php\/wp-json\/wp\/v2\/posts"}],"about":[{"href":"http:\/\/fmriachuelo.it10.com.ar\/index.php\/wp-json\/wp\/v2\/types\/post"}],"author":[{"embeddable":true,"href":"http:\/\/fmriachuelo.it10.com.ar\/index.php\/wp-json\/wp\/v2\/users\/4"}],"replies":[{"embeddable":true,"href":"http:\/\/fmriachuelo.it10.com.ar\/index.php\/wp-json\/wp\/v2\/comments?post=1021"}],"version-history":[{"count":1,"href":"http:\/\/fmriachuelo.it10.com.ar\/index.php\/wp-json\/wp\/v2\/posts\/1021\/revisions"}],"predecessor-version":[{"id":21872,"href":"http:\/\/fmriachuelo.it10.com.ar\/index.php\/wp-json\/wp\/v2\/posts\/1021\/revisions\/21872"}],"wp:attachment":[{"href":"http:\/\/fmriachuelo.it10.com.ar\/index.php\/wp-json\/wp\/v2\/media?parent=1021"}],"wp:term":[{"taxonomy":"category","embeddable":true,"href":"http:\/\/fmriachuelo.it10.com.ar\/index.php\/wp-json\/wp\/v2\/categories?post=1021"},{"taxonomy":"post_tag","embeddable":true,"href":"http:\/\/fmriachuelo.it10.com.ar\/index.php\/wp-json\/wp\/v2\/tags?post=1021"}],"curies":[{"name":"wp","href":"https:\/\/api.w.org\/{rel}","templated":true}]}}