{"id":102,"date":"2015-08-26T18:00:00","date_gmt":"2015-08-26T18:00:00","guid":{"rendered":"http:\/\/fmriachuelo.observatorioess.org.ar\/index.php\/2015\/08\/26\/26-de-agosto-a-101-del-natalicio-de-julio-cortazar\/"},"modified":"2025-05-13T15:08:04","modified_gmt":"2025-05-13T18:08:04","slug":"26-de-agosto-a-101-del-natalicio-de-julio-cortazar","status":"publish","type":"post","link":"http:\/\/fmriachuelo.it10.com.ar\/index.php\/2015\/08\/26\/26-de-agosto-a-101-del-natalicio-de-julio-cortazar\/","title":{"rendered":"26 DE AGOSTO: A 101 DEL NATALICIO DE JULIO CORTAZAR"},"content":{"rendered":"<div style=\"margin-bottom: 0.0001pt\"><span style=\"color: red;font-family: Verdana, sans-serif;font-size: large\"><b>RAYUELA<\/b><\/span><\/div>\n<div style=\"clear: both;text-align: center\"><a href=\"http:\/\/2.bp.blogspot.com\/-WKDyA4SfJGk\/Vd5wRsL_PLI\/AAAAAAAAGIQ\/PoTSLihcluA\/s1600\/cortazar.jpg\" style=\"clear: left;float: left;margin-bottom: 1em;margin-right: 1em\"><img loading=\"lazy\" decoding=\"async\" border=\"0\" height=\"320\" src=\"http:\/\/2.bp.blogspot.com\/-WKDyA4SfJGk\/Vd5wRsL_PLI\/AAAAAAAAGIQ\/PoTSLihcluA\/s320\/cortazar.jpg\" width=\"215\" \/><\/a><\/div>\n<div style=\"margin-bottom: 0.0001pt\"><span style=\"font-family: Verdana, sans-serif;text-align: justify\"><b>\u00abComo no sab\u00edas disimular me di cuenta en seguida de que para verte como yo quer\u00eda era necesario empezar por cerrar los ojos.\u00bb<\/b><\/span><\/div>\n<div style=\"margin-bottom: 0.0001pt\"><span style=\"font-family: Verdana, sans-serif;text-align: justify\"><b><br \/><\/b><\/span><\/div>\n<p><span style=\"font-family: Verdana, sans-serif\"><\/p>\n<div style=\"text-align: justify\">Julio Florencio Cort\u00e1zar Scott naci\u00f3 en el 26 de agosto de 1914 en Bruselas. Hijo de padres argentinos, lleg\u00f3 por primera vez a Buenos Aires a los cuatro a\u00f1os. Creci\u00f3 en B\u00e1nfield, se gradu\u00f3 como licenciado en letras y maestro de escuela. Durante varios a\u00f1os trabaj\u00f3 como maestro rural en varios pueblos del interior de la Argentina.<\/div>\n<div style=\"text-align: justify\"><\/div>\n<div style=\"text-align: justify\">En 1938, bajo el seud\u00f3nimo Jorge Den\u00eds, public\u00f3 su primer libro, Presencia, de sonetos \u00abmuy mallarmeanos\u00bb, seg\u00fan \u00e9l mismo los calificara. En 1949 se publica su poema dram\u00e1tica, Los Reyes.<\/div>\n<div style=\"text-align: justify\">En 1944 obtuvo un puesto de profesor en la Universidad de Cuyo, donde particip\u00f3 activamente en manifestaciones contra el naciente fen\u00f3meno del peronismo. Cuando el general Juan D. Per\u00f3n gan\u00f3 las elecciones, abandon\u00f3 el cargo universitario para no ser despedido y volvi\u00f3 a Buenos Aires, donde trabaj\u00f3 en la C\u00e1mara Argentina del Libro.<\/div>\n<div style=\"text-align: justify\">Su primer cuento, La Casa Tomada, fue publicado en 1946 en un peri\u00f3dico literario llamado Anales de Buenos Aires, por iniciativa de su director responsable, quien era nada menos que Jorge Luis Borges.<\/div>\n<div style=\"text-align: justify\"><a name='more'><\/a><\/div>\n<div style=\"text-align: justify\">En 1951, Cort\u00e1zar publica su primera gran obra narrativa, Bestiario. Ya surg\u00eda el<\/div>\n<div style=\"text-align: justify\">Cort\u00e1zar de fantas\u00eda desbordante<\/div>\n<div style=\"text-align: justify\"><\/div>\n<div style=\"text-align: justify\">Poco despu\u00e9s de la publicaci\u00f3n de Bestiario, descontento con los rumbos del<\/div>\n<div style=\"text-align: justify\">peronismo, abandona la Argentina para radicarse en Par\u00eds, donde trabajar\u00eda como traductor en la ONU.<\/div>\n<div style=\"text-align: justify\"><\/div>\n<div style=\"text-align: justify\">En 1960, public\u00f3 su primera novela, Los Premios. En 1962, aparece Rayuela,<\/div>\n<div style=\"text-align: justify\">destinado a convertirse en el primer gran \u00e9xito internacional del boom de la literatura latinoamericana de esa d\u00e9cada. En 1968 se incorpora a la vida pol\u00edtica, inicialmente como defensor de la Revoluci\u00f3n Cubana. En 1973, con los golpes de Estado en Chile y Uruguay, que inician la \u00abd\u00e9cada negra\u00bb, Cort\u00e1zar luchar\u00e1 contra la represi\u00f3n pol\u00edtica, que a partir de 1976 se abate tambi\u00e9n sobre Argentina.&nbsp;<\/div>\n<div style=\"text-align: justify\"><\/div>\n<div style=\"text-align: justify\">Su visi\u00f3n pol\u00edtica de la situaci\u00f3n se puede ver en la funci\u00f3n de cronista que toma de la realidad cubana o de la realidad en Nicaragua de la que escribi\u00f3 un bello cuento llamado Apocalipsis en Solentiname.&nbsp;<\/div>\n<div style=\"text-align: justify\"><\/div>\n<div style=\"text-align: justify\"><\/div>\n<div style=\"text-align: justify\"><\/div>\n<div style=\"text-align: justify\">Algunas frases Cort\u00e1zar:<\/div>\n<div style=\"text-align: justify\"><\/div>\n<div style=\"text-align: justify\">\u00abNada est\u00e1 perdido si se tiene el valor de proclamar que todo est\u00e1 perdido y hay que empezar de nuevo.\u00bb<\/div>\n<div style=\"text-align: justify\"><\/div>\n<div style=\"text-align: justify\"><\/div>\n<div style=\"text-align: justify\">\u00abComo no sab\u00edas disimular me di cuenta en seguida de que para verte como yo quer\u00eda era necesario empezar por cerrar los ojos.\u00bb<\/div>\n<div style=\"text-align: justify\"><\/div>\n<div style=\"text-align: justify\"><\/div>\n<div style=\"text-align: justify\">\u00abTodo dura siempre un poco m\u00e1s de lo que deber\u00eda.\u00bb<\/div>\n<div style=\"text-align: justify\"><\/div>\n<div style=\"text-align: justify\"><\/div>\n<div style=\"text-align: justify\">\u00abLo que mucha gente llama amar consiste en elegir a una mujer y casarse con ella. La eligen, te lo juro, los he visto. Como si se pudiese elegir en el amor, como si no fuera un rayo que te parte los huesos y te deja estaqueado en la mitad del patio.\u00bb<\/div>\n<div style=\"text-align: justify\"><\/div>\n<div style=\"text-align: justify\"><\/div>\n<div style=\"text-align: justify\">\u00abVen a dormir conmigo: no haremos el amor, \u00e9l nos har\u00e1.\u00bb<\/div>\n<div style=\"text-align: justify\"><\/div>\n<div style=\"text-align: justify\"><\/div>\n<div style=\"text-align: justify\">\u00abLa verdadera explicaci\u00f3n sencillamente no se puede explicar.\u00bb<\/div>\n<div style=\"text-align: justify\"><\/div>\n<div style=\"text-align: justify\"><\/div>\n<div style=\"text-align: justify\">\u00abC\u00f3mo cansa ser todo el tiempo uno mismo.\u00bb<\/div>\n<div style=\"text-align: justify\"><\/div>\n<div style=\"text-align: justify\"><\/div>\n<div style=\"text-align: justify\">\u00abY dir\u00e9 las palabras que se dicen, y comer\u00e9 las cosas que se comen, y so\u00f1ar\u00e9 las cosas que se sue\u00f1an, y s\u00e9 muy bien que no estar\u00e1s.\u00bb<\/div>\n<div style=\"text-align: justify\"><\/div>\n<div style=\"text-align: justify\"><\/div>\n<div style=\"text-align: justify\">\u00abCreo que no te quiero, que solamente quiero la imposibilidad tan obvia de quererte. C\u00f3mo el guante izquierdo enamorado de la mano derecha.\u00bb<\/div>\n<div style=\"text-align: justify\"><\/div>\n<div style=\"text-align: justify\"><\/div>\n<div style=\"text-align: justify\">\u00abCada vez ir\u00e9 sintiendo menos y recordando m\u00e1s.\u00bb<\/div>\n<div style=\"text-align: justify\"><\/div>\n<div style=\"text-align: justify\"><\/div>\n<div style=\"text-align: justify\"><span style=\"color: blue\">Fuente: Producci\u00f3n Riachuelo<\/span><\/div>\n<div style=\"text-align: justify\"><\/div>\n<p><\/span><\/p>\n<div style=\"text-align: justify\"><\/div>\n","protected":false},"excerpt":{"rendered":"<p>RAYUELA \u00abComo no sab\u00edas disimular me di cuenta en seguida de que para verte como yo quer\u00eda era necesario empezar por cerrar los ojos.\u00bb Julio Florencio Cort\u00e1zar Scott naci\u00f3 en el 26 de agosto de 1914 en Bruselas. Hijo de padres argentinos, lleg\u00f3 por primera vez a Buenos Aires a los cuatro a\u00f1os. Creci\u00f3 en [&hellip;]<\/p>\n","protected":false},"author":4,"featured_media":0,"comment_status":"open","ping_status":"open","sticky":false,"template":"","format":"standard","meta":{"_monsterinsights_skip_tracking":false,"_monsterinsights_sitenote_active":false,"_monsterinsights_sitenote_note":"","_monsterinsights_sitenote_category":0,"jnews-multi-image_gallery":[],"jnews_single_post":{"format":"standard"},"jnews_primary_category":[],"_joinchat":[],"footnotes":""},"categories":[58],"tags":[66,70],"class_list":["post-102","post","type-post","status-publish","format-standard","hentry","category-noticiariachuelo","tag-cultura-popular","tag-de-la-patria-grande"],"_links":{"self":[{"href":"http:\/\/fmriachuelo.it10.com.ar\/index.php\/wp-json\/wp\/v2\/posts\/102","targetHints":{"allow":["GET"]}}],"collection":[{"href":"http:\/\/fmriachuelo.it10.com.ar\/index.php\/wp-json\/wp\/v2\/posts"}],"about":[{"href":"http:\/\/fmriachuelo.it10.com.ar\/index.php\/wp-json\/wp\/v2\/types\/post"}],"author":[{"embeddable":true,"href":"http:\/\/fmriachuelo.it10.com.ar\/index.php\/wp-json\/wp\/v2\/users\/4"}],"replies":[{"embeddable":true,"href":"http:\/\/fmriachuelo.it10.com.ar\/index.php\/wp-json\/wp\/v2\/comments?post=102"}],"version-history":[{"count":1,"href":"http:\/\/fmriachuelo.it10.com.ar\/index.php\/wp-json\/wp\/v2\/posts\/102\/revisions"}],"predecessor-version":[{"id":23976,"href":"http:\/\/fmriachuelo.it10.com.ar\/index.php\/wp-json\/wp\/v2\/posts\/102\/revisions\/23976"}],"wp:attachment":[{"href":"http:\/\/fmriachuelo.it10.com.ar\/index.php\/wp-json\/wp\/v2\/media?parent=102"}],"wp:term":[{"taxonomy":"category","embeddable":true,"href":"http:\/\/fmriachuelo.it10.com.ar\/index.php\/wp-json\/wp\/v2\/categories?post=102"},{"taxonomy":"post_tag","embeddable":true,"href":"http:\/\/fmriachuelo.it10.com.ar\/index.php\/wp-json\/wp\/v2\/tags?post=102"}],"curies":[{"name":"wp","href":"https:\/\/api.w.org\/{rel}","templated":true}]}}