{"id":1019,"date":"2014-10-26T22:02:00","date_gmt":"2014-10-26T22:02:00","guid":{"rendered":"http:\/\/fmriachuelo.observatorioess.org.ar\/index.php\/2014\/10\/26\/el-asesinato-de-robert-serra-fue-planificado-por-la-ultraderecha\/"},"modified":"2025-03-07T14:20:09","modified_gmt":"2025-03-07T17:20:09","slug":"el-asesinato-de-robert-serra-fue-planificado-por-la-ultraderecha","status":"publish","type":"post","link":"http:\/\/fmriachuelo.it10.com.ar\/index.php\/2014\/10\/26\/el-asesinato-de-robert-serra-fue-planificado-por-la-ultraderecha\/","title":{"rendered":"EL ASESINATO DE ROBERT SERRA FUE PLANIFICADO POR LA ULTRADERECHA"},"content":{"rendered":"<p><span style=\"font-size: large\"><span style=\"font-family: Verdana,sans-serif\"><b><span style=\"color: red\">EL PROYECTO DESESTABILIZADOR CONTRA VENEZUELA<\/span><\/b><\/span><\/span><br \/><span style=\"font-size: small\"><span style=\"font-family: Verdana,sans-serif\"><a href=\"http:\/\/4.bp.blogspot.com\/-FsDshW3_RJ4\/VE1vMNHCcLI\/AAAAAAAABH8\/8fQP4QmrbIk\/s1600\/serra__jpg_1718483346.jpg\" style=\"clear: left;float: left;margin-bottom: 1em;margin-right: 1em\"><img loading=\"lazy\" decoding=\"async\" border=\"0\" src=\"http:\/\/4.bp.blogspot.com\/-FsDshW3_RJ4\/VE1vMNHCcLI\/AAAAAAAABH8\/8fQP4QmrbIk\/s1600\/serra__jpg_1718483346.jpg\" height=\"181\" width=\"320\" \/><\/a>El periodista, analista pol\u00edtico y exvicepresidente de Venezuela, Jos\u00e9 Vicente Rangel, afirm\u00f3 este domingo que el asesinato del diputado socialista Robert Serra y su asistente Mar\u00eda Herrera fue planificado y ejecutado por elementos del paramilitarismo colombiano en funci\u00f3n de un proyecto concebido por la ultraderecha de ese pa\u00eds para desestabilizar a esta naci\u00f3n suramericana.<\/span><\/span><\/p>\n<div style=\"text-align: justify\"><a name='more'><\/a><span style=\"font-size: small\"><span style=\"font-family: Verdana,sans-serif\">\u00abFue un hecho que gener\u00f3 gran conmoci\u00f3n en el pa\u00eds. Todo indica y as\u00ed lo ha manifestado el Presidente Nicol\u00e1s Maduro, con apoyo en las investigaciones que se vienen realizando, que fue ejecutado y planificado por elementos del paramilitarismo colombiano para desestabilizar a Venezuela\u00bb, indic\u00f3 Rangel, en el inicio de su programa Jos\u00e9 Vicente Hoy, que transmite una televisora local.<br \/>El periodista expres\u00f3 que sin duda alguna el paramilitarismo opera en territorio venezolano, \u00aby act\u00faa con clara orientaci\u00f3n pol\u00edtica y sus actividades tienen un centro de direcci\u00f3n en territorio colombiano (&#8230;) que confirman el protagonismo que en esa actividad tiene el expresidente \u00c1lvaro Uribe\u00bb.<br \/>El presidente de la Rep\u00fablica Bolivariana de Venezuela, Nicol\u00e1s Maduro, inform\u00f3 el pasado 15 de octubre que una banda paramilitar colombiana, dirigida por un ciudadano colombiano de nombre Leiver Padilla alias \u201cEl Colombia\u201d, fue el autor material del crimen contra el diputado socialista Robert Serra y su asistente, cometido el pasado 1\u00ba de octubre en el interior de su residencia, ubicada en La Pastora, barriada c\u00e9ntrica de la capital Caracas.<br \/>D\u00edas antes el jefe de Estado present\u00f3 un v\u00eddeo, en rueda de prensa, captado por un sistema de c\u00e1maras en las afueras de la casa de Serra, en el que se visualiza la entrada de seis sujetos a la vivienda del diputado y otros dos permanecieron en carros particulares a la espera.<br \/>En otro aspecto, Maduro anunci\u00f3 que el Ejecutivo emprendi\u00f3 acciones para lograr la captura de los autores intelectuales del doble crimen \u201cdentro y fuera de Venezuela\u201d, y que solicitar\u00e1 a la Organizaci\u00f3n Policial Internacional (Interpol) una orden de captura internacional de los autores intelectuales.<\/span><\/span><\/p>\n<div style=\"text-align: justify\"><\/p>\n<div style=\"margin: 0.1pt 0cm;text-align: justify\"><span style=\"font-size: x-small\"><span style=\"font-family: Verdana,sans-serif\"><b><span style=\"color: #3d85c6\"><span>Fuente: Telesur<\/span><\/span><\/b><\/span><span><\/span><\/span><\/div>\n<\/div>\n<\/div>\n","protected":false},"excerpt":{"rendered":"<p>EL PROYECTO DESESTABILIZADOR CONTRA VENEZUELAEl periodista, analista pol\u00edtico y exvicepresidente de Venezuela, Jos\u00e9 Vicente Rangel, afirm\u00f3 este domingo que el asesinato del diputado socialista Robert Serra y su asistente Mar\u00eda Herrera fue planificado y ejecutado por elementos del paramilitarismo colombiano en funci\u00f3n de un proyecto concebido por la ultraderecha de ese pa\u00eds para desestabilizar a [&hellip;]<\/p>\n","protected":false},"author":4,"featured_media":0,"comment_status":"open","ping_status":"open","sticky":false,"template":"","format":"standard","meta":{"_monsterinsights_skip_tracking":false,"_monsterinsights_sitenote_active":false,"_monsterinsights_sitenote_note":"","_monsterinsights_sitenote_category":0,"jnews-multi-image_gallery":[],"jnews_single_post":{"format":"standard"},"jnews_primary_category":[],"_joinchat":[],"footnotes":""},"categories":[58],"tags":[70],"class_list":["post-1019","post","type-post","status-publish","format-standard","hentry","category-noticiariachuelo","tag-de-la-patria-grande"],"_links":{"self":[{"href":"http:\/\/fmriachuelo.it10.com.ar\/index.php\/wp-json\/wp\/v2\/posts\/1019","targetHints":{"allow":["GET"]}}],"collection":[{"href":"http:\/\/fmriachuelo.it10.com.ar\/index.php\/wp-json\/wp\/v2\/posts"}],"about":[{"href":"http:\/\/fmriachuelo.it10.com.ar\/index.php\/wp-json\/wp\/v2\/types\/post"}],"author":[{"embeddable":true,"href":"http:\/\/fmriachuelo.it10.com.ar\/index.php\/wp-json\/wp\/v2\/users\/4"}],"replies":[{"embeddable":true,"href":"http:\/\/fmriachuelo.it10.com.ar\/index.php\/wp-json\/wp\/v2\/comments?post=1019"}],"version-history":[{"count":1,"href":"http:\/\/fmriachuelo.it10.com.ar\/index.php\/wp-json\/wp\/v2\/posts\/1019\/revisions"}],"predecessor-version":[{"id":21876,"href":"http:\/\/fmriachuelo.it10.com.ar\/index.php\/wp-json\/wp\/v2\/posts\/1019\/revisions\/21876"}],"wp:attachment":[{"href":"http:\/\/fmriachuelo.it10.com.ar\/index.php\/wp-json\/wp\/v2\/media?parent=1019"}],"wp:term":[{"taxonomy":"category","embeddable":true,"href":"http:\/\/fmriachuelo.it10.com.ar\/index.php\/wp-json\/wp\/v2\/categories?post=1019"},{"taxonomy":"post_tag","embeddable":true,"href":"http:\/\/fmriachuelo.it10.com.ar\/index.php\/wp-json\/wp\/v2\/tags?post=1019"}],"curies":[{"name":"wp","href":"https:\/\/api.w.org\/{rel}","templated":true}]}}