{"id":1015,"date":"2014-10-28T19:49:00","date_gmt":"2014-10-28T19:49:00","guid":{"rendered":"http:\/\/fmriachuelo.observatorioess.org.ar\/index.php\/2014\/10\/28\/resolucion-de-la-onu-contra-el-bloqueo-a-cuba\/"},"modified":"2025-03-07T14:27:09","modified_gmt":"2025-03-07T17:27:09","slug":"resolucion-de-la-onu-contra-el-bloqueo-a-cuba","status":"publish","type":"post","link":"http:\/\/fmriachuelo.it10.com.ar\/index.php\/2014\/10\/28\/resolucion-de-la-onu-contra-el-bloqueo-a-cuba\/","title":{"rendered":"RESOLUCI\u00d3N DE LA ONU CONTRA EL BLOQUEO A CUBA"},"content":{"rendered":"<h1 style=\"background-color: white;line-height: 1.1;margin: 0px 0px 5px\">                 <\/h1>\n<div style=\"background: white\"><span style=\"font-size: large\"><b><span style=\"color: red;font-family: Verdana\">El Mundo vuelve a reclamar a Estados Unidos el fin del bloqueo<\/span><\/b><\/span><br \/><a href=\"http:\/\/2.bp.blogspot.com\/-rFzPVo8AtFg\/VE_y5nFoF1I\/AAAAAAAABJE\/B6XO4Dcy6-U\/s1600\/juntos_votos.jpg_1718483346.jpg\" style=\"clear: left;float: left;margin-bottom: 1em;margin-right: 1em\"><img loading=\"lazy\" decoding=\"async\" border=\"0\" src=\"http:\/\/2.bp.blogspot.com\/-rFzPVo8AtFg\/VE_y5nFoF1I\/AAAAAAAABJE\/B6XO4Dcy6-U\/s1600\/juntos_votos.jpg_1718483346.jpg\" height=\"181\" width=\"320\" \/><\/a><b><span style=\"font-size: small\"><span style=\"font-family: Verdana,sans-serif\">La resoluci\u00f3n que demanda el fin del bloqueo estadounidense contra Cuba fue aprobada por 188 pa\u00edses, dos votaron en contra y hubo tres abstenciones<span style=\"font-size: small\">.<\/span><\/span><\/span><\/b><\/div>\n<div style=\"background-color: white;color: #333333;line-height: 20px;margin-bottom: 10px\"><span style=\"font-size: small\"><span style=\"font-family: Verdana,sans-serif\">La Asamblea General de la ONU aprob\u00f3 este martes 28 de octubre, de forma casi un\u00e1nime y por vig\u00e9simo tercer a\u00f1o consecutivo, una resoluci\u00f3n que demanda el fin del bloqueo estadounidense contra Cuba, medida unilateral impuesta por Washington desde 1962.<\/span><\/span><br \/><a name='more'><\/a><span style=\"font-size: small\"><span style=\"font-family: Verdana,sans-serif\">El plenario de los 193 miembros de Naciones Unidas respald\u00f3 por 188 votos a favor, dos en contra( Estados Unidos e Israel) y tres abstenciones( Palau, Micronesia e Islas Marshall), el proyecto titulado Necesidad de poner fin al bloqueo econ\u00f3mico, comercial y financiero impuesto por Estados Unidos a Cuba.<\/span><\/span><br \/><span style=\"font-size: small\"><span style=\"font-family: Verdana,sans-serif\">Desde 1992 la Asamblea General aprueba la demanda de Cuba de eliminar esta pol\u00edtica hostil que ha sobrevivido a 11 administraciones de la Casa Blanca, cuya afectaci\u00f3n econ\u00f3mica se estima en un bill\u00f3n 112 mil 534 millones de d\u00f3lares y su da\u00f1o humano es incalculable.<\/span><\/span><br \/><span style=\"font-size: small\"><span style=\"font-family: Verdana,sans-serif\">\u201cLa pol\u00edtica del bloqueo viola el principio de no intervenci\u00f3n. EEUU pierde toda autoridad. El bloqueo viola de forma sistem\u00e1tica los derechos humanos de todos los cubanos\u201d, dijo Samuel Moncada en la sesi\u00f3n.<\/span><\/span><br \/><span style=\"font-size: small\"><span style=\"font-family: Verdana,sans-serif\">Mientras, el representante de Egipto afirm\u00f3 que lamentablemente, con el bloqueo, seguimos \u201cescuchando los ecos del pasado\u201d. Este bloqueo ha durado m\u00e1s que cualquier otro bloqueo en la era moderna. Persiste en violaci\u00f3n total del Derecho Internacional. \u201cEgitpo seguir\u00e1 transmitiendo un mensaje claro a EEUU\u201d, sobre esta pol\u00edtica.<\/span><\/span><br \/><span style=\"font-size: small\"><span style=\"font-family: Verdana,sans-serif\">\u201cInstamos a todos los pa\u00edses a que cumplan la Carta de la ONU\u2026 Lamentablemente, esas resoluciones no se han aplicado eficazmente y el bloqueo contra Cuba no se ha levantado\u201d. Esto ha causado p\u00e9rdidas econ\u00f3micas enormes para la Isla, asegur\u00f3 la delegaci\u00f3n de China.<\/span><\/span><br \/><span style=\"font-size: small\"><span style=\"font-family: Verdana,sans-serif\">\u201cEE.UU. que aplique plenamente la resoluci\u00f3n de la Asamblea para poner fin a las sanciones contra Cuba\u2026\u201d. Vietnam har\u00e1 todo lo posible para ayudar a Cuba para que supere las limitaciones que le ha impuesto el bloqueo.<\/span><\/span><br \/><span style=\"font-size: small\"><span style=\"font-family: Verdana,sans-serif\">\u201cA pesar de las circunstancias adversas enfrentadas por m\u00e1s de 50 a\u00f1os, Cuba ha elevado sus \u00edndices de desarrollo humano\u2026 Subrayamos que hist\u00f3ricamente ha convertido la solidaridad como eje de su pol\u00edtica exterior\u201d, dijo la representante de M\u00e9xico. Y Rusia pidi\u00f3 a Estados Unidos una firme voluntad pol\u00edtica que ponga fin al bloqueo contra Cuba.<\/span><\/span><br \/><span style=\"font-size: small\"><span style=\"font-family: Verdana,sans-serif\">En nombre del Mercosur y los Estados asociados, la delegaci\u00f3n de Argentina expres\u00f3 que \u201clos costos humanitarios y econ\u00f3micos para el pueblo cubano, adem\u00e1s del anacronismo de esta pol\u00edtica, son evidentes para todos, dice. El bloqueo viola los principios de la Carta de la ONU y del derecho internacional\u201d, afirma el representante. Y tambi\u00e9n \u201clos principios de la justicia y los derechos humanos\u201d.<\/span><\/span><\/div>\n<div style=\"background-color: white;color: #333333;line-height: 20px;margin-bottom: 10px\"><span style=\"font-size: small\"><span style=\"font-family: Verdana,sans-serif\"><b>Votaci\u00f3n hist\u00f3rica contra el bloqueo<\/b><\/span><\/span><\/div>\n<p><\/p>\n<figure style=\"background-color: white;clear: both;color: #333333;float: right;line-height: 20px;margin: 0px 0px 10px 15px;max-width: 100%;width: 628px\">\n<div><span style=\"font-size: small\"><span style=\"font-family: Verdana,sans-serif\"><img decoding=\"async\" alt=\"\" class=\"media-viewer-candidate\" src=\"http:\/\/www.granma.cu\/file\/img\/2014\/10\/medium\/f0021362.jpg\" style=\"border: 0px none;vertical-align: middle;width: 628px\" \/><\/span><\/span><\/div>\n<div><\/p>\n<div><span style=\"color: #0b5394\"><span style=\"font-size: x-small\"><b><span style=\"font-family: Verdana\">Fuente: Granma<\/span><\/b><span><\/span><\/span><\/span><\/div>\n<\/div>\n<\/figure>\n<p><\/p>\n<div><\/div>\n","protected":false},"excerpt":{"rendered":"<p>El Mundo vuelve a reclamar a Estados Unidos el fin del bloqueoLa resoluci\u00f3n que demanda el fin del bloqueo estadounidense contra Cuba fue aprobada por 188 pa\u00edses, dos votaron en contra y hubo tres abstenciones. La Asamblea General de la ONU aprob\u00f3 este martes 28 de octubre, de forma casi un\u00e1nime y por vig\u00e9simo tercer [&hellip;]<\/p>\n","protected":false},"author":4,"featured_media":0,"comment_status":"open","ping_status":"open","sticky":false,"template":"","format":"standard","meta":{"_monsterinsights_skip_tracking":false,"_monsterinsights_sitenote_active":false,"_monsterinsights_sitenote_note":"","_monsterinsights_sitenote_category":0,"jnews-multi-image_gallery":[],"jnews_single_post":{"format":"standard"},"jnews_primary_category":[],"_joinchat":[],"footnotes":""},"categories":[58],"tags":[70,167],"class_list":["post-1015","post","type-post","status-publish","format-standard","hentry","category-noticiariachuelo","tag-de-la-patria-grande","tag-politica-internacional"],"_links":{"self":[{"href":"http:\/\/fmriachuelo.it10.com.ar\/index.php\/wp-json\/wp\/v2\/posts\/1015","targetHints":{"allow":["GET"]}}],"collection":[{"href":"http:\/\/fmriachuelo.it10.com.ar\/index.php\/wp-json\/wp\/v2\/posts"}],"about":[{"href":"http:\/\/fmriachuelo.it10.com.ar\/index.php\/wp-json\/wp\/v2\/types\/post"}],"author":[{"embeddable":true,"href":"http:\/\/fmriachuelo.it10.com.ar\/index.php\/wp-json\/wp\/v2\/users\/4"}],"replies":[{"embeddable":true,"href":"http:\/\/fmriachuelo.it10.com.ar\/index.php\/wp-json\/wp\/v2\/comments?post=1015"}],"version-history":[{"count":1,"href":"http:\/\/fmriachuelo.it10.com.ar\/index.php\/wp-json\/wp\/v2\/posts\/1015\/revisions"}],"predecessor-version":[{"id":21882,"href":"http:\/\/fmriachuelo.it10.com.ar\/index.php\/wp-json\/wp\/v2\/posts\/1015\/revisions\/21882"}],"wp:attachment":[{"href":"http:\/\/fmriachuelo.it10.com.ar\/index.php\/wp-json\/wp\/v2\/media?parent=1015"}],"wp:term":[{"taxonomy":"category","embeddable":true,"href":"http:\/\/fmriachuelo.it10.com.ar\/index.php\/wp-json\/wp\/v2\/categories?post=1015"},{"taxonomy":"post_tag","embeddable":true,"href":"http:\/\/fmriachuelo.it10.com.ar\/index.php\/wp-json\/wp\/v2\/tags?post=1015"}],"curies":[{"name":"wp","href":"https:\/\/api.w.org\/{rel}","templated":true}]}}