{"id":1014,"date":"2014-10-28T20:48:00","date_gmt":"2014-10-28T20:48:00","guid":{"rendered":"http:\/\/fmriachuelo.observatorioess.org.ar\/index.php\/2014\/10\/28\/la-ctep-en-el-vaticano\/"},"modified":"2025-03-07T14:28:31","modified_gmt":"2025-03-07T17:28:31","slug":"la-ctep-en-el-vaticano","status":"publish","type":"post","link":"http:\/\/fmriachuelo.it10.com.ar\/index.php\/2014\/10\/28\/la-ctep-en-el-vaticano\/","title":{"rendered":"LA CTEP EN EL VATICANO"},"content":{"rendered":"<p><span style=\"font-family: Verdana,sans-serif\"><b><span style=\"color: red;font-size: large\">ENCUENTRO MUNDIAL DE MOVIMIENTOS SOCIALES<\/span><\/b><\/span><br \/><span style=\"font-family: Verdana,sans-serif\"><span style=\"font-size: small\"><a href=\"http:\/\/1.bp.blogspot.com\/-KisbxFlHfm4\/VFACDXoD0xI\/AAAAAAAABJU\/hQ-NbfX6D44\/s1600\/54229b35c9ea3_260x173.jpg\" style=\"clear: left;float: left;margin-bottom: 1em;margin-right: 1em\"><img decoding=\"async\" border=\"0\" src=\"http:\/\/1.bp.blogspot.com\/-KisbxFlHfm4\/VFACDXoD0xI\/AAAAAAAABJU\/hQ-NbfX6D44\/s1600\/54229b35c9ea3_260x173.jpg\" \/><\/a>En el Vaticano se celebra el Encuentro Mundial de Movimientos Sociales en donde participan representantes de organizaciones e integrantes de la Confederaci\u00f3n de Trabajadores de la Econom\u00eda Popular (Ctep). <br \/>\u00a1Ninguna familia sin vivienda! \u00a1Ning\u00fan campesino sin tierra! \u00a1Ning\u00fan trabajador sin derechos! \u00a1Ninguna persona sin la dignidad que da el trabajo!\u00bb, los exhort\u00f3 Francisco hacia el final del encuentro. <br \/>Tambi\u00e9n se destac\u00f3 la presencia en el Encuentro Mundial de Movimientos Sociales de Evo Morales que reconoci\u00f3 el nuevo rol de este Papa.<\/span><\/span><br \/><b><span style=\"font-family: Verdana,sans-serif\"><span style=\"font-size: small\"><span style=\"color: red\">Audios: <\/span><a href=\"http:\/\/www.divshare.com\/download\/26350885-a46\"><span style=\"color: red\">Juan Grabois y Evo Morales en el Vaticano<\/span><\/a><\/span><\/span><\/b><br \/><a name='more'><\/a><span style=\"font-family: Verdana,sans-serif\">As\u00ed lo afirm\u00f3 hoy en un discurso ante los participantes del Encuentro Mundial de Movimientos Populares, celebrado en el Vaticano esta semana, del que participan referentes de trabajadores precarizados, campesinos sin tierra, pueblos ind\u00ed\u00adgenas y habitantes de asentamientos o villas; entre ellos varias organizaciones argentinas.En su mensaje a las organizaciones, difundido hoy por radio Vaticana, el papa agradeci\u00f3 la participaci\u00f3n de las organizaciones, para \u00abdebatir tantos graves problemas sociales que aquejan al mundo hoy, junto a ustedes que sufren en carne propia la desigualdad y la exclusi\u00f3n\u00bb.<br \/>\u00abTierra, techo y trabajo. Es extra\u00f1o pero si hablo de esto para algunos resulta que el Papa es comunista\u00bb, dijo Jorge Bergoglio y record\u00f3 que \u00abel amor a los pobres est\u00e1 al centro del Evangelio y la doctrina social de la Iglesia\u00bb.<br \/>En ese marco, se\u00f1al\u00f3 que el encuentro desarrollado en la Santa Sede con los movimientos populares \u00abno responde a una ideolog\u00eda\u00bb y dijo que la palabra &#8216;solidaridad&#8217; si bien \u00abno cae bien, es un modo de hacer la historia y eso hacen los movimientos populares\u00bb.\u00bbJes\u00fas les dir\u00eda hip\u00f3critas a los que abordan el esc\u00e1ndalo de la pobreza promoviendo estrategias de contenci\u00f3n que \u00fanicamente tranquilice y convierta a los pobres en seres domesticados e inofensivos\u00bb, destac\u00f3 el papa.<br \/>\u00abUstedes sienten que los pobres ya no esperan y quieren ser protagonistas, se organizan, estudian, trabajan, reclaman y sobre todo practican esa solidaridad tan especial que existe entre los que sufren, entre los pobres y que nuestra civilizaci\u00f3n parece haber olvidado\u00bb, les dijo a los referentes de los movimientos.<br \/>Entre los argentinos participantes del encuentro, se encuentra el dirigente del Movimiento de Trabajadores Excluidos e integrante de la Confederaci\u00f3n de los Trabajadores de Econom\u00eda Popular (CTEP), Juan Grabois, que estuvo entre los miembros del comit\u00e9 organizador.<br \/>Tambi\u00e9n participaron -por Argentina- Esteban Castro (CTEP), Sergio S\u00e1nchez (Presidente de la Federaci\u00f3n Argentina de Cartoneros y Recicladores), Deolinda del Valle Carrizo (Movimiento Nacional Campesino Ind\u00edgena), Diego L\u00f3pez (Movimiento de Trabajadores Excluidos), Luis Maidana (Movimiento Nacional de Empresas Recuperadas) y Natalia Mabel Molina (Corriente Villera Independiente).<br \/>\u00abDigamos juntos desde el coraz\u00f3n \u00a1Ninguna familia sin vivienda! \u00a1Ning\u00fan campesino sin tierra! \u00a1Ning\u00fan trabajador sin derechos! \u00a1Ninguna persona sin la dignidad que da el trabajo!\u00bb, los exhort\u00f3 Francisco hacia el final del encuentro.<br \/>A modo de regalo, el papa argentino entreg\u00f3 a cada participante rosarios fabricados por artesanos, cartoneros y trabajadores de la econom\u00eda popular de Am\u00e9rica Latina.&nbsp;<\/span><br \/><span style=\"font-family: Verdana,sans-serif\">Tambi\u00e9n se hizo presente en el encuentro de Movimientos Populares el presidente Evo Morales&nbsp;que&nbsp;se reconoci\u00f3 en estas palabras sentidas del Papa.<\/span><\/p>\n<div><\/p>\n<div><span style=\"font-size: x-small\"><span style=\"font-family: Verdana,sans-serif\"><span style=\"color: #3d85c6\"><b><span>Fuente: Telam<\/span><span><\/span><\/b><\/span><\/span><\/span><\/div>\n<\/div>\n","protected":false},"excerpt":{"rendered":"<p>ENCUENTRO MUNDIAL DE MOVIMIENTOS SOCIALESEn el Vaticano se celebra el Encuentro Mundial de Movimientos Sociales en donde participan representantes de organizaciones e integrantes de la Confederaci\u00f3n de Trabajadores de la Econom\u00eda Popular (Ctep). \u00a1Ninguna familia sin vivienda! \u00a1Ning\u00fan campesino sin tierra! \u00a1Ning\u00fan trabajador sin derechos! \u00a1Ninguna persona sin la dignidad que da el trabajo!\u00bb, los [&hellip;]<\/p>\n","protected":false},"author":4,"featured_media":0,"comment_status":"open","ping_status":"open","sticky":false,"template":"","format":"standard","meta":{"_monsterinsights_skip_tracking":false,"_monsterinsights_sitenote_active":false,"_monsterinsights_sitenote_note":"","_monsterinsights_sitenote_category":0,"jnews-multi-image_gallery":[],"jnews_single_post":{"format":"standard"},"jnews_primary_category":[],"_joinchat":[],"footnotes":""},"categories":[58],"tags":[64,103,86,146],"class_list":["post-1014","post","type-post","status-publish","format-standard","hentry","category-noticiariachuelo","tag-economia-popular","tag-movimientos-populares","tag-noti-ctep","tag-religiosidad-popular"],"_links":{"self":[{"href":"http:\/\/fmriachuelo.it10.com.ar\/index.php\/wp-json\/wp\/v2\/posts\/1014","targetHints":{"allow":["GET"]}}],"collection":[{"href":"http:\/\/fmriachuelo.it10.com.ar\/index.php\/wp-json\/wp\/v2\/posts"}],"about":[{"href":"http:\/\/fmriachuelo.it10.com.ar\/index.php\/wp-json\/wp\/v2\/types\/post"}],"author":[{"embeddable":true,"href":"http:\/\/fmriachuelo.it10.com.ar\/index.php\/wp-json\/wp\/v2\/users\/4"}],"replies":[{"embeddable":true,"href":"http:\/\/fmriachuelo.it10.com.ar\/index.php\/wp-json\/wp\/v2\/comments?post=1014"}],"version-history":[{"count":1,"href":"http:\/\/fmriachuelo.it10.com.ar\/index.php\/wp-json\/wp\/v2\/posts\/1014\/revisions"}],"predecessor-version":[{"id":21883,"href":"http:\/\/fmriachuelo.it10.com.ar\/index.php\/wp-json\/wp\/v2\/posts\/1014\/revisions\/21883"}],"wp:attachment":[{"href":"http:\/\/fmriachuelo.it10.com.ar\/index.php\/wp-json\/wp\/v2\/media?parent=1014"}],"wp:term":[{"taxonomy":"category","embeddable":true,"href":"http:\/\/fmriachuelo.it10.com.ar\/index.php\/wp-json\/wp\/v2\/categories?post=1014"},{"taxonomy":"post_tag","embeddable":true,"href":"http:\/\/fmriachuelo.it10.com.ar\/index.php\/wp-json\/wp\/v2\/tags?post=1014"}],"curies":[{"name":"wp","href":"https:\/\/api.w.org\/{rel}","templated":true}]}}