{"id":1012,"date":"2014-10-29T15:23:00","date_gmt":"2014-10-29T15:23:00","guid":{"rendered":"http:\/\/fmriachuelo.observatorioess.org.ar\/index.php\/2014\/10\/29\/conformacion-de-la-poblacion-carcelaria-en-la-argentina\/"},"modified":"2025-03-07T14:38:29","modified_gmt":"2025-03-07T17:38:29","slug":"conformacion-de-la-poblacion-carcelaria-en-la-argentina","status":"publish","type":"post","link":"http:\/\/fmriachuelo.it10.com.ar\/index.php\/2014\/10\/29\/conformacion-de-la-poblacion-carcelaria-en-la-argentina\/","title":{"rendered":"CONFORMACI\u00d3N DE LA POBLACI\u00d3N CARCELARIA EN LA ARGENTINA"},"content":{"rendered":"<p><\/p>\n<div style=\"margin: 0.1pt 0cm\"><span style=\"font-family: Verdana,sans-serif\"><span style=\"font-size: small\"><span>C\u00e1rceles argentinas<\/span><span> <\/span><\/span><\/span><\/div>\n<div style=\"margin: 0.1pt 0cm\"><span style=\"font-family: Verdana,sans-serif\"><span style=\"font-size: small\"><span style=\"font-size: large\"><b><span style=\"color: red\">El 50% de los presos no tiene condena<span style=\"font-size: large\"> <\/span>firme; solo el 6% es extranjerO<\/span><\/b><\/span><b>&nbsp;<\/b><\/span><\/span><br \/><span style=\"font-family: Verdana,sans-serif\"><span style=\"font-size: small\"><b>En el pa\u00eds hay 61 mil detenidos, de los cuales 30 mil est\u00e1n encarcelados bajo el r\u00e9gimen de prisi\u00f3n preventiva. El n\u00famero de presos creci\u00f3 m\u00e1s del 45% desde 2001.<\/b><\/span><\/span><\/div>\n<div><!-- AddThis Button BEGIN -->       <br \/><!-- AddThis Button END --> <\/div>\n<p><a name='more'><\/a><span style=\"font-family: Verdana,sans-serif\"><span style=\"font-size: small\">En Argentina hay 61 mil presos, de los cuales s\u00f3lo el 49 % (29 mil) tiene condena firme. El resto est\u00e1 procesado y cumple con una prisi\u00f3n preventiva. Esa situaci\u00f3n es ilegal, ya que la detenci\u00f3n sin condena debe quedar reservada para determinados casos. Los n\u00fameros contradicen el argumento bastante extendido sobre la existencia de un sistema procesal \u201cgarantista\u201d. La mayor\u00eda de los presos son pobres.<\/span><\/span><br \/><span style=\"font-family: Verdana,sans-serif\"><\/span><\/p>\n<div style=\"clear: both;text-align: center\"><span style=\"font-family: Verdana,sans-serif\"><a href=\"http:\/\/1.bp.blogspot.com\/-oIKbLZantS0\/VFEFdUD-DQI\/AAAAAAAABK0\/Yllg0wPquaI\/s1600\/CARCELES.png\" style=\"clear: left;float: left;margin-bottom: 1em;margin-right: 1em\"><img loading=\"lazy\" decoding=\"async\" border=\"0\" src=\"http:\/\/1.bp.blogspot.com\/-oIKbLZantS0\/VFEFdUD-DQI\/AAAAAAAABK0\/Yllg0wPquaI\/s1600\/CARCELES.png\" height=\"222\" width=\"320\" \/><\/a><\/span><\/div>\n<p><span style=\"font-family: Verdana,sans-serif\"><a href=\"http:\/\/4.bp.blogspot.com\/-5J1aK8FsAm0\/VFEGNCc1FzI\/AAAAAAAABK8\/D7x9X-6xP0g\/s1600\/untitled%2B1.png\" style=\"clear: right;float: right;margin-bottom: 1em;margin-left: 1em\"><img loading=\"lazy\" decoding=\"async\" border=\"0\" src=\"http:\/\/4.bp.blogspot.com\/-5J1aK8FsAm0\/VFEGNCc1FzI\/AAAAAAAABK8\/D7x9X-6xP0g\/s1600\/untitled%2B1.png\" height=\"193\" width=\"320\" \/><\/a><span style=\"font-size: small\">Las cifras provienen de un informe del \u201cSistema Nacional de Estad\u00edsticas sobre Ejecuci\u00f3n de la Pena (SNEEP)\u201d correspondiente al a\u00f1o 2012.<br \/>El estudio tambi\u00e9n distingue nacionalidad: sus resultados permiten tirar por tierra otro mito sobre \u201cextranjeros que delinquen\u201d. Sobre el total de detenidos en c\u00e1rceles argentinas, el 5,8% es extranjero. Esa cifra se condice con el porcentaje de extranjeros en el pa\u00eds, sobre poblaci\u00f3n total. Seg\u00fan el SNEEP, el 28,7 por ciento de los detenidos son paraguayos, el 17,6 %, bolivianos, peruanos (13,9 %), uruguayos (9,7 %), chilenos (8,6 %), colombianos (4 %), espa\u00f1oles (2,8 %), brasile\u00f1os (2,1 %) y sudafricanos (1,6 %).<\/span><\/span><br \/><span style=\"font-family: Verdana,sans-serif\"><b>FUENTE: AGENCIA PACO URONDO<\/b><\/span><\/p>\n","protected":false},"excerpt":{"rendered":"<p>C\u00e1rceles argentinas El 50% de los presos no tiene condena firme; solo el 6% es extranjerO&nbsp;En el pa\u00eds hay 61 mil detenidos, de los cuales 30 mil est\u00e1n encarcelados bajo el r\u00e9gimen de prisi\u00f3n preventiva. El n\u00famero de presos creci\u00f3 m\u00e1s del 45% desde 2001. En Argentina hay 61 mil presos, de los cuales s\u00f3lo [&hellip;]<\/p>\n","protected":false},"author":4,"featured_media":0,"comment_status":"open","ping_status":"open","sticky":false,"template":"","format":"standard","meta":{"_monsterinsights_skip_tracking":false,"_monsterinsights_sitenote_active":false,"_monsterinsights_sitenote_note":"","_monsterinsights_sitenote_category":0,"jnews-multi-image_gallery":[],"jnews_single_post":{"format":"standard"},"jnews_primary_category":[],"_joinchat":[],"footnotes":""},"categories":[60],"tags":[],"class_list":["post-1012","post","type-post","status-publish","format-standard","hentry","category-mirada-riachuelo"],"_links":{"self":[{"href":"http:\/\/fmriachuelo.it10.com.ar\/index.php\/wp-json\/wp\/v2\/posts\/1012","targetHints":{"allow":["GET"]}}],"collection":[{"href":"http:\/\/fmriachuelo.it10.com.ar\/index.php\/wp-json\/wp\/v2\/posts"}],"about":[{"href":"http:\/\/fmriachuelo.it10.com.ar\/index.php\/wp-json\/wp\/v2\/types\/post"}],"author":[{"embeddable":true,"href":"http:\/\/fmriachuelo.it10.com.ar\/index.php\/wp-json\/wp\/v2\/users\/4"}],"replies":[{"embeddable":true,"href":"http:\/\/fmriachuelo.it10.com.ar\/index.php\/wp-json\/wp\/v2\/comments?post=1012"}],"version-history":[{"count":1,"href":"http:\/\/fmriachuelo.it10.com.ar\/index.php\/wp-json\/wp\/v2\/posts\/1012\/revisions"}],"predecessor-version":[{"id":21886,"href":"http:\/\/fmriachuelo.it10.com.ar\/index.php\/wp-json\/wp\/v2\/posts\/1012\/revisions\/21886"}],"wp:attachment":[{"href":"http:\/\/fmriachuelo.it10.com.ar\/index.php\/wp-json\/wp\/v2\/media?parent=1012"}],"wp:term":[{"taxonomy":"category","embeddable":true,"href":"http:\/\/fmriachuelo.it10.com.ar\/index.php\/wp-json\/wp\/v2\/categories?post=1012"},{"taxonomy":"post_tag","embeddable":true,"href":"http:\/\/fmriachuelo.it10.com.ar\/index.php\/wp-json\/wp\/v2\/tags?post=1012"}],"curies":[{"name":"wp","href":"https:\/\/api.w.org\/{rel}","templated":true}]}}