{"id":1011,"date":"2014-10-29T16:03:00","date_gmt":"2014-10-29T16:03:00","guid":{"rendered":"http:\/\/fmriachuelo.observatorioess.org.ar\/index.php\/2014\/10\/29\/por-la-precariedad-laboral-en-el-campo\/"},"modified":"2025-03-07T14:40:17","modified_gmt":"2025-03-07T17:40:17","slug":"por-la-precariedad-laboral-en-el-campo","status":"publish","type":"post","link":"http:\/\/fmriachuelo.it10.com.ar\/index.php\/2014\/10\/29\/por-la-precariedad-laboral-en-el-campo\/","title":{"rendered":"POR LA PRECARIEDAD LABORAL EN EL CAMPO"},"content":{"rendered":"<table>\n<tbody>\n<tr>\n<td width=\"100%\"><span style=\"font-size: large\"><span style=\"font-family: Verdana,sans-serif\"><span style=\"color: red\"><b>PARO Y MARCHA DE LOS TRABAJADORES DE LA AGRICULTURA FAMILIAR<\/b><\/span><\/span><\/span> <\/p>\n<div style=\"text-align: justify\"><a href=\"http:\/\/2.bp.blogspot.com\/-BJNos1xXiYU\/VFEPhgz-gYI\/AAAAAAAABLY\/7sCNHwAYoOg\/s1600\/trabajadores.jpg\" style=\"clear: left;float: left;margin-bottom: 1em;margin-right: 1em\"><img decoding=\"async\" border=\"0\" src=\"http:\/\/2.bp.blogspot.com\/-BJNos1xXiYU\/VFEPhgz-gYI\/AAAAAAAABLY\/7sCNHwAYoOg\/s1600\/trabajadores.jpg\" \/><\/a><span style=\"font-size: small\"><span style=\"font-family: Verdana,sans-serif\">Trabajadores de todo el pa\u00eds de la Secretar\u00eda de Agricultura Familiar, nucleados en la Asociaci\u00f3n de Trabajadores del Estado, realizar\u00e1n el mi\u00e9rcoles 29 de octubre un paro de 24 horas y una movilizaci\u00f3n nacional a las 10 en las puertas del Ministerio de Agricultura, Ganader\u00eda y Pesca, ubicada en Paseo Col\u00f3n y Carlos Calvo de la Ciudad de Buenos Aires. Luego, a las 12, se llevar\u00e1 adelante una conferencia de prensa. El objetivo es denunciar la situaci\u00f3n que atraviesan: \u00ab1200 trabajadores sufrimos la precariedad laboral. Somos una repartici\u00f3n completa de trabajadores con contratos anuales, sin estabilidad laboral y con compa\u00f1eros que cobran casi la mitad que sus pares por realizar la misma tarea\u201d, expresaron desde la mesa de delegados nacionales en la Secretar\u00eda. <\/span><\/span><br \/><a name='more'><\/a><span style=\"font-size: small\"><span style=\"font-family: Verdana,sans-serif\">\u201cAdem\u00e1s queremos que se conozca la situaci\u00f3n alarmante que vivimos al no contar con el presupuesto suficiente para realizar nuestro trabajo en los distintos territorios donde trabajamos junto con campesinos, pueblos originarios y peque\u00f1os productores. En el A\u00f1o Internacional de la Agricultura Familiar, responsabilizamos a Emilio P\u00e9rsico, secretario de Agricultura Familiar, y a Carlos Casamiquella, ministro de Agricultura, Ganader\u00eda y Pesca, por la situaci\u00f3n que atravesamos, como as\u00ed tambi\u00e9n por la persecuci\u00f3n y violencia que vivimos quienes nos organizamos y defendemos nuestros derechos\u00bb, agregaron.<br \/> Entre otros reclamos, los trabajadores exigen: <br \/> &#8211; Estabilidad laboral: pase a planta permanente<br \/> &#8211; Igual remuneraci\u00f3n por igual tarea: recategorizaciones ya<br \/> &#8211; Creaci\u00f3n de la estructura funcional de la secretar\u00eda<br \/> &#8211; Jubilaciones dignas<br \/> &#8211; Presupuesto para el sector: financiamiento propio para los campesinos y comunidades originarias <b><br \/>Contactos:<\/b> Dar\u00edo Orellano (coordinador nacional de ATE &#8211; Agricultura Familia) 11-6918-7740 \/ Luciano Gonz\u00e1lez 0295-15-469-3326 \/ Natalia Morales 0388-15-505-0954 \/ Melina Zocchi 03835-15-402-866<\/span><\/span><br \/><span style=\"color: #3d85c6\"><span style=\"font-size: x-small\"><b><span style=\"font-family: Verdana,sans-serif\">FUENTE: RED ECO<\/span><\/b><\/span><\/span><\/div>\n<\/td>\n<td align=\"right\" width=\"100%\"><span style=\"font-size: small\"><br \/><\/span><\/td>\n<td align=\"right\" width=\"100%\"><span style=\"font-size: small\"><br \/><\/span><\/td>\n<td align=\"right\" width=\"100%\"><span style=\"font-size: small\"><br \/><\/span><\/td>\n<\/tr>\n<\/tbody>\n<\/table>\n<table>\n<tbody>\n<tr>\n<td colspan=\"2\" valign=\"top\"><\/td>\n<\/tr>\n<\/tbody>\n<\/table>\n","protected":false},"excerpt":{"rendered":"<p>PARO Y MARCHA DE LOS TRABAJADORES DE LA AGRICULTURA FAMILIAR Trabajadores de todo el pa\u00eds de la Secretar\u00eda de Agricultura Familiar, nucleados en la Asociaci\u00f3n de Trabajadores del Estado, realizar\u00e1n el mi\u00e9rcoles 29 de octubre un paro de 24 horas y una movilizaci\u00f3n nacional a las 10 en las puertas del Ministerio de Agricultura, Ganader\u00eda [&hellip;]<\/p>\n","protected":false},"author":4,"featured_media":0,"comment_status":"open","ping_status":"open","sticky":false,"template":"","format":"standard","meta":{"_monsterinsights_skip_tracking":false,"_monsterinsights_sitenote_active":false,"_monsterinsights_sitenote_note":"","_monsterinsights_sitenote_category":0,"jnews-multi-image_gallery":[],"jnews_single_post":{"format":"standard"},"jnews_primary_category":[],"_joinchat":[],"footnotes":""},"categories":[58],"tags":[156,148],"class_list":["post-1011","post","type-post","status-publish","format-standard","hentry","category-noticiariachuelo","tag-tierra-techo-y-trabajo","tag-trabajo"],"_links":{"self":[{"href":"http:\/\/fmriachuelo.it10.com.ar\/index.php\/wp-json\/wp\/v2\/posts\/1011","targetHints":{"allow":["GET"]}}],"collection":[{"href":"http:\/\/fmriachuelo.it10.com.ar\/index.php\/wp-json\/wp\/v2\/posts"}],"about":[{"href":"http:\/\/fmriachuelo.it10.com.ar\/index.php\/wp-json\/wp\/v2\/types\/post"}],"author":[{"embeddable":true,"href":"http:\/\/fmriachuelo.it10.com.ar\/index.php\/wp-json\/wp\/v2\/users\/4"}],"replies":[{"embeddable":true,"href":"http:\/\/fmriachuelo.it10.com.ar\/index.php\/wp-json\/wp\/v2\/comments?post=1011"}],"version-history":[{"count":1,"href":"http:\/\/fmriachuelo.it10.com.ar\/index.php\/wp-json\/wp\/v2\/posts\/1011\/revisions"}],"predecessor-version":[{"id":21888,"href":"http:\/\/fmriachuelo.it10.com.ar\/index.php\/wp-json\/wp\/v2\/posts\/1011\/revisions\/21888"}],"wp:attachment":[{"href":"http:\/\/fmriachuelo.it10.com.ar\/index.php\/wp-json\/wp\/v2\/media?parent=1011"}],"wp:term":[{"taxonomy":"category","embeddable":true,"href":"http:\/\/fmriachuelo.it10.com.ar\/index.php\/wp-json\/wp\/v2\/categories?post=1011"},{"taxonomy":"post_tag","embeddable":true,"href":"http:\/\/fmriachuelo.it10.com.ar\/index.php\/wp-json\/wp\/v2\/tags?post=1011"}],"curies":[{"name":"wp","href":"https:\/\/api.w.org\/{rel}","templated":true}]}}