{"id":1009,"date":"2014-10-29T17:33:00","date_gmt":"2014-10-29T17:33:00","guid":{"rendered":"http:\/\/fmriachuelo.observatorioess.org.ar\/index.php\/2014\/10\/29\/el-ebola\/"},"modified":"2025-03-07T14:41:30","modified_gmt":"2025-03-07T17:41:30","slug":"el-ebola","status":"publish","type":"post","link":"http:\/\/fmriachuelo.it10.com.ar\/index.php\/2014\/10\/29\/el-ebola\/","title":{"rendered":"EL EBOLA"},"content":{"rendered":"<div style=\"text-align: left\"><span style=\"font-size: large\"><span style=\"font-family: Verdana,sans-serif\"><b><span style=\"color: red\">LA AMENAZA QUE ACECHA<\/span><\/b><\/span><\/span><\/div>\n<div style=\"clear: both;text-align: left\"><a href=\"http:\/\/1.bp.blogspot.com\/-toTtjmzM2eE\/VFEktoSgvMI\/AAAAAAAABL0\/yUecMiWBy4Q\/s1600\/infografiaebolabuenaaaaa_jpg_142107041_jpg_142107041.jpg\" style=\"clear: left;float: left;margin-bottom: 1em;margin-right: 1em\"><img loading=\"lazy\" decoding=\"async\" border=\"0\" src=\"http:\/\/1.bp.blogspot.com\/-toTtjmzM2eE\/VFEktoSgvMI\/AAAAAAAABL0\/yUecMiWBy4Q\/s1600\/infografiaebolabuenaaaaa_jpg_142107041_jpg_142107041.jpg\" height=\"400\" width=\"181\" \/><\/a><span style=\"font-size: small\"><span style=\"font-family: Verdana,sans-serif\">La Organizaci\u00f3n Mundial de la Salud (OMS) confirm\u00f3 este mi\u00e9rcoles que 13 mil 703 personas se han infectado con el virus del \u00e9bola desde el inicio de la epidemia el pasado marzo.<br \/>El director adjunto de la organizaci\u00f3n a cargo de la respuesta operacional frente al \u00e9bola, Bruce Aylward, se\u00f1al\u00f3 que \u00abprobablemente el n\u00famero de muertos ha superado los 5.000\u00bb, pero aclar\u00f3 que el \u00faltimo recuento de casos mortales se finalizar\u00e1 en las pr\u00f3ximas horas y se comunicar\u00e1 el n\u00famero exacto de fallecidos.<br \/>La epidemia de \u00e9bola ha causado preocupaci\u00f3n en todo el mundo debido a su gra cantidad de v\u00edctimas mortales y a que a\u00fan no se ha determinado una cura o vacuna para prevenirla.<br \/>Ante la situaci\u00f3n la Organizaci\u00f3n de Naciones Unidas (ONU) ha instado a los pa\u00edses a mantener una lucha mundial contra este mal.<br \/>Por ello, la Alianza Bolivariana para los Pueblos de Nuestra Am\u00e9rica (ALBA) acord\u00f3 un plan conjunto de acciones para prevenir que la enfermedad llegue a la regi\u00f3n.<\/span><\/span><\/div>\n<div style=\"clear: both;text-align: left\"><span style=\"font-size: small\"><span style=\"font-family: Verdana,sans-serif\"><span style=\"color: #3d85c6\"><span style=\"font-size: x-small\"><b>FUENTE: TELESUR<\/b><\/span><\/span><\/span><\/span><\/div>\n","protected":false},"excerpt":{"rendered":"<p>LA AMENAZA QUE ACECHA La Organizaci\u00f3n Mundial de la Salud (OMS) confirm\u00f3 este mi\u00e9rcoles que 13 mil 703 personas se han infectado con el virus del \u00e9bola desde el inicio de la epidemia el pasado marzo.El director adjunto de la organizaci\u00f3n a cargo de la respuesta operacional frente al \u00e9bola, Bruce Aylward, se\u00f1al\u00f3 que \u00abprobablemente [&hellip;]<\/p>\n","protected":false},"author":4,"featured_media":0,"comment_status":"open","ping_status":"open","sticky":false,"template":"","format":"standard","meta":{"_monsterinsights_skip_tracking":false,"_monsterinsights_sitenote_active":false,"_monsterinsights_sitenote_note":"","_monsterinsights_sitenote_category":0,"jnews-multi-image_gallery":[],"jnews_single_post":{"format":"standard"},"jnews_primary_category":[],"_joinchat":[],"footnotes":""},"categories":[58],"tags":[70,69],"class_list":["post-1009","post","type-post","status-publish","format-standard","hentry","category-noticiariachuelo","tag-de-la-patria-grande","tag-salud"],"_links":{"self":[{"href":"http:\/\/fmriachuelo.it10.com.ar\/index.php\/wp-json\/wp\/v2\/posts\/1009","targetHints":{"allow":["GET"]}}],"collection":[{"href":"http:\/\/fmriachuelo.it10.com.ar\/index.php\/wp-json\/wp\/v2\/posts"}],"about":[{"href":"http:\/\/fmriachuelo.it10.com.ar\/index.php\/wp-json\/wp\/v2\/types\/post"}],"author":[{"embeddable":true,"href":"http:\/\/fmriachuelo.it10.com.ar\/index.php\/wp-json\/wp\/v2\/users\/4"}],"replies":[{"embeddable":true,"href":"http:\/\/fmriachuelo.it10.com.ar\/index.php\/wp-json\/wp\/v2\/comments?post=1009"}],"version-history":[{"count":1,"href":"http:\/\/fmriachuelo.it10.com.ar\/index.php\/wp-json\/wp\/v2\/posts\/1009\/revisions"}],"predecessor-version":[{"id":21890,"href":"http:\/\/fmriachuelo.it10.com.ar\/index.php\/wp-json\/wp\/v2\/posts\/1009\/revisions\/21890"}],"wp:attachment":[{"href":"http:\/\/fmriachuelo.it10.com.ar\/index.php\/wp-json\/wp\/v2\/media?parent=1009"}],"wp:term":[{"taxonomy":"category","embeddable":true,"href":"http:\/\/fmriachuelo.it10.com.ar\/index.php\/wp-json\/wp\/v2\/categories?post=1009"},{"taxonomy":"post_tag","embeddable":true,"href":"http:\/\/fmriachuelo.it10.com.ar\/index.php\/wp-json\/wp\/v2\/tags?post=1009"}],"curies":[{"name":"wp","href":"https:\/\/api.w.org\/{rel}","templated":true}]}}