{"id":10080,"date":"2019-06-08T14:44:17","date_gmt":"2019-06-08T14:44:17","guid":{"rendered":"http:\/\/fmriachuelo.com.ar\/?p=10080"},"modified":"2019-06-08T14:44:17","modified_gmt":"2019-06-08T14:44:17","slug":"sembrando-poder-popular","status":"publish","type":"post","link":"http:\/\/fmriachuelo.it10.com.ar\/index.php\/2019\/06\/08\/sembrando-poder-popular\/","title":{"rendered":"SEMBRANDO PODER POPULAR"},"content":{"rendered":"<p><strong>[FM Riachuelo 08\/06\/2019] Se llevo a cabo una jornada de trabajo solidario y de reflexi\u00f3n sobre soberan\u00eda alimentar\u00eda y crisis ambiental, la actividad se realiz\u00f3 en el predio del Centro de Producci\u00f3n agroecol\u00f3gica de la Cooperativa Uni\u00f3n Solidaria de Trabajdores (UST), en Villa Dominico, partido de Avellaneda. Esta actividad fue organizada por la Casa Popular El Fog\u00f3n y cont\u00f3 con la participaci\u00f3n de alumnxs y docentes de la Universidad Nacional de Avellaneda y el INTA de Avellaneda.\u00a0<\/strong><\/p>\n<p>Con tan solo alejarnos unos pocos kil\u00f3metros de la Ciudad de Buenos Aires, encontramos el predio de la UST. El lugar es bell\u00edsimo por donde lo mires, sus altos y verdes \u00e1rboles crean un ambiente en el que respirar se convierte en un verdadero placer. Ah\u00ed desde las primeras horas de la ma\u00f1ana\u00a0 comenzaron a preparar la tierra en la que luego se sembrar\u00edan las primeras semillas agroecolog\u00edcas de los camellones del Fog\u00f3n: habas, rabanitos y remolachas fueron las verduras elegidas para esta etapa de producci\u00f3n. Esto suced\u00eda mientras un grupo de compa\u00f1eras preparaba un exquisito guiso de lentejas que, luego de haber cumplido con los objetivos de trabajo planteados, se comparti\u00f3 entre todxs lxs presentes.<\/p>\n<p>La idea de crear una huerta comunitaria fue planteada a partir del trabajo que vienen realizando lxs compa\u00f1erxs del La Casa Popular El Fog\u00f3n en el marco de la soberan\u00eda alimentar\u00eda, en un contexto econ\u00f3mico de crisis y en donde alimentarse saludable y nutritivo resulta una pr\u00e1ctica imposible debido al encarecimiento de los alimentos y a la utilizaci\u00f3n de agrot\u00f3xicos en su producci\u00f3n.<\/p>\n<p>FM Riachuelo convers\u00f3 con Jos\u00e9 Medina Trabajador de la Cooperativa UST que expres\u00f3 la satisfacci\u00f3n de poder compartir su espacio de trabajo: \u00abNos pone muy contentxs que nos est\u00e9n visitando en nuestro agroecol\u00f3gico. Solo unidxs podemos salir adelante, porque estos gobiernos vienen por todxs\u00bb.<\/p>\n<p><img loading=\"lazy\" decoding=\"async\" class=\"aligncenter wp-image-10085 size-large\" src=\"http:\/\/fmriachuelo.com.ar\/wp-content\/uploads\/2019\/06\/WhatsApp-Image-2019-06-07-at-2.13.21-PM-1-1025x683.jpeg\" alt=\"\" width=\"640\" height=\"426\" \/><\/p>\n<p>\u201cLa importancia de producir nuestros propios alimentos es para entender qu\u00e9 es la soberan\u00eda alimentar\u00eda y poder concientizar a las personas de no consumir alimentos con agrot\u00f3xicos\u201d, nos contaba Eva integrante del Fog\u00f3n. A esta idea Araceli sum\u00f3: \u201ca veces creemos imposible tener nuestra propia huerta, y sin embargo con un espacio peque\u00f1o pod\u00e9s empezar a tener aunque sea un morr\u00f3n, una cebolla. Es una experiencia es muy linda\u201d.<\/p>\n<p>Esta jornada culmin\u00f3 con un espacio de reflexi\u00f3n y debate al que se sumaron lxs alumnxs y docentes de la Universidad Nacional de Avellaneda, en el marco de la materia Trabajo Social Comunitario. \u00abPara nosotrxs esta es una experiencia transformadora, muy vivencial. Nos permite problematizar esta idea de la Universidad anclada solo en el aula y teorizando por fuera de las problem\u00e1ticas sociales. Estas experiencias nos permiten pensar una instituci\u00f3n de educaci\u00f3n superior y una teor\u00eda que acompa\u00f1e\u00a0los procesos de emancipaci\u00f3n del Pueblo\u00bb, explicaba Tamara docente de la Undav.<\/p>\n<p><img loading=\"lazy\" decoding=\"async\" class=\"aligncenter wp-image-10082 size-full\" src=\"http:\/\/fmriachuelo.com.ar\/wp-content\/uploads\/2019\/06\/WhatsApp-Image-2019-06-07-at-10.07.45-PM.jpeg\" alt=\"\" width=\"960\" height=\"640\" \/><\/p>\n<p>A partir del documental \u00abPatria v\u00edbora mutando piel\u00bb de Jorge \u201cChiqui\u201d Falcone que gira en torno a temas como: la crisis civilizatoria, los agro negocios, o el extractivismo, se enunciaron los ejes para el debate. \u00a0Una de las reflexiones que qued\u00f3 como saldo del intercambio fue entender que la \u00fanica alternativa que existe para construir otro tipo de sociedad \u00a0es unirnos y trabajar juntxs en la construcci\u00f3n de un nuevo mundo posible donde quepamos todxs.<\/p>\n<p><a href=\"https:\/\/m.facebook.com\/story.php?story_fbid=2302661793122356&amp;id=196659553722601\">Galer\u00eda fotogr\u00e1fica<\/a><\/p>\n","protected":false},"excerpt":{"rendered":"<p>[FM Riachuelo 08\/06\/2019] Se llevo a cabo una jornada de trabajo solidario y de reflexi\u00f3n sobre soberan\u00eda alimentar\u00eda y crisis ambiental, la actividad se realiz\u00f3 en el predio del Centro de Producci\u00f3n agroecol\u00f3gica de la Cooperativa Uni\u00f3n Solidaria de Trabajdores (UST), en Villa Dominico, partido de Avellaneda. Esta actividad fue organizada por la Casa Popular [&hellip;]<\/p>\n","protected":false},"author":5,"featured_media":10088,"comment_status":"open","ping_status":"open","sticky":false,"template":"","format":"standard","meta":{"_monsterinsights_skip_tracking":false,"_monsterinsights_sitenote_active":false,"_monsterinsights_sitenote_note":"","_monsterinsights_sitenote_category":0,"jnews-multi-image_gallery":[],"jnews_single_post":[],"jnews_primary_category":[],"_joinchat":[],"footnotes":""},"categories":[76,126],"tags":[],"class_list":["post-10080","post","type-post","status-publish","format-standard","has-post-thumbnail","hentry","category-salud-comunitaria","category-soberania-alimentaria"],"_links":{"self":[{"href":"http:\/\/fmriachuelo.it10.com.ar\/index.php\/wp-json\/wp\/v2\/posts\/10080","targetHints":{"allow":["GET"]}}],"collection":[{"href":"http:\/\/fmriachuelo.it10.com.ar\/index.php\/wp-json\/wp\/v2\/posts"}],"about":[{"href":"http:\/\/fmriachuelo.it10.com.ar\/index.php\/wp-json\/wp\/v2\/types\/post"}],"author":[{"embeddable":true,"href":"http:\/\/fmriachuelo.it10.com.ar\/index.php\/wp-json\/wp\/v2\/users\/5"}],"replies":[{"embeddable":true,"href":"http:\/\/fmriachuelo.it10.com.ar\/index.php\/wp-json\/wp\/v2\/comments?post=10080"}],"version-history":[{"count":0,"href":"http:\/\/fmriachuelo.it10.com.ar\/index.php\/wp-json\/wp\/v2\/posts\/10080\/revisions"}],"wp:featuredmedia":[{"embeddable":true,"href":"http:\/\/fmriachuelo.it10.com.ar\/index.php\/wp-json\/"}],"wp:attachment":[{"href":"http:\/\/fmriachuelo.it10.com.ar\/index.php\/wp-json\/wp\/v2\/media?parent=10080"}],"wp:term":[{"taxonomy":"category","embeddable":true,"href":"http:\/\/fmriachuelo.it10.com.ar\/index.php\/wp-json\/wp\/v2\/categories?post=10080"},{"taxonomy":"post_tag","embeddable":true,"href":"http:\/\/fmriachuelo.it10.com.ar\/index.php\/wp-json\/wp\/v2\/tags?post=10080"}],"curies":[{"name":"wp","href":"https:\/\/api.w.org\/{rel}","templated":true}]}}